{"id":17998,"date":"2017-09-09T11:59:33","date_gmt":"2017-09-09T09:59:33","guid":{"rendered":"http:\/\/miradordeatarfe.es\/?p=17998"},"modified":"2017-09-05T18:35:02","modified_gmt":"2017-09-05T16:35:02","slug":"primer-libro-de-actas-de-la-hermandad-de-santa-ana","status":"publish","type":"post","link":"https:\/\/miradordeatarfe.es\/?p=17998","title":{"rendered":"PRIMER LIBRO DE ACTAS DE LA HERMANDAD DE SANTA ANA."},"content":{"rendered":"<div dir=\"auto\">En esta ocasi\u00f3n, compartimos alg\u00fan dato recogido en nuestro trabajo \u00abSanta Ana, Patrona de Atarfe, Primer Libro de Actas de la Hermandad (1954-1965)\u00bb.<\/div>\n<p><!--more--><\/p>\n<div dir=\"auto\" style=\"text-align: justify;\"><\/div>\n<div dir=\"auto\" style=\"text-align: justify;\">El documento recoge las inquietudes de la Hermandad entre los a\u00f1os 1954 y 1965. Est\u00e1 constituido por 19 actas y 2 Diligencias para hacer constar.<\/div>\n<div dir=\"auto\" style=\"text-align: justify;\"><\/div>\n<div dir=\"auto\" style=\"text-align: justify;\">En la introducci\u00f3n al estudio, destacamos como in\u00e9dito que el lunes d\u00eda 26 de julio de 1593, solemnidad de Santa Ana, fue fiesta en el Lugar de Atarfe.<\/div>\n<div dir=\"auto\" style=\"text-align: justify;\"><\/div>\n<div dir=\"auto\" style=\"text-align: justify;\">Posiblemente esta sea la fecha m\u00e1s antigua documentalmente existente, que demuestre la devoci\u00f3n que sienten los atarfe\u00f1os por \u00abLa Abuela\u00bb.<\/div>\n<div dir=\"auto\" style=\"text-align: justify;\"><\/div>\n<div dir=\"auto\" style=\"text-align: justify;\">Con esta nueva informaci\u00f3n hist\u00f3rica podemos concluir que las donaciones realizadas por los atarfe\u00f1os, reflejadas en el Libro de las Cuentas, e Inventario, como m\u00ednimo corresponden al periodo comprendido entre 1593 y 1609.<\/div>\n<div dir=\"auto\" style=\"text-align: justify;\"><\/div>\n<div dir=\"auto\" style=\"text-align: justify;\">Se puede decir que el amor a la Madre de Mar\u00eda, en Atarfe, se remonta a finales del siglo XVI.<\/div>\n<div dir=\"auto\" style=\"text-align: justify;\"><\/div>\n<div dir=\"auto\" style=\"text-align: justify;\">Fotograf\u00edas:<\/div>\n<div dir=\"auto\" style=\"text-align: justify;\">\u00a0<a href=\"https:\/\/i0.wp.com\/miradordeatarfe.es\/wp-content\/uploads\/2017\/09\/20431467_1933923283490257_4438516808480154266_n.jpg?ssl=1\"><img data-recalc-dims=\"1\" loading=\"lazy\" decoding=\"async\" class=\"alignnone size-full wp-image-18000\" src=\"https:\/\/i0.wp.com\/miradordeatarfe.es\/wp-content\/uploads\/2017\/09\/20431467_1933923283490257_4438516808480154266_n.jpg?resize=640%2C826&#038;ssl=1\" alt=\"\" width=\"640\" height=\"826\" srcset=\"https:\/\/i0.wp.com\/miradordeatarfe.es\/wp-content\/uploads\/2017\/09\/20431467_1933923283490257_4438516808480154266_n.jpg?w=744&amp;ssl=1 744w, https:\/\/i0.wp.com\/miradordeatarfe.es\/wp-content\/uploads\/2017\/09\/20431467_1933923283490257_4438516808480154266_n.jpg?resize=233%2C300&amp;ssl=1 233w, https:\/\/i0.wp.com\/miradordeatarfe.es\/wp-content\/uploads\/2017\/09\/20431467_1933923283490257_4438516808480154266_n.jpg?resize=600%2C774&amp;ssl=1 600w\" sizes=\"auto, (max-width: 640px) 100vw, 640px\" \/><\/a><\/div>\n<div dir=\"auto\" style=\"text-align: justify;\">La presentaci\u00f3n de la Virgen Mar\u00eda en el Templo. Est\u00e1 situado encima del altar de la Ermita.<\/div>\n<div dir=\"auto\" style=\"text-align: justify;\">Car\u00e1tula del Libro de Actas de la Hermandad.<\/div>\n<div dir=\"auto\" style=\"text-align: justify;\"><\/div>\n<div dir=\"auto\" style=\"text-align: justify;\">PARA SABER M\u00c1S:<\/div>\n<div dir=\"auto\" style=\"text-align: justify;\"><\/div>\n<div dir=\"auto\" style=\"text-align: justify;\">-Santa Ana, Patrona de Atarfe. Primer Libro de Actas de la Hermandad (1954-1965)<\/div>\n<div dir=\"auto\" style=\"text-align: justify;\"><\/div>\n<div dir=\"auto\" style=\"text-align: justify;\">Atarfe anecdotario.<\/div>\n","protected":false},"excerpt":{"rendered":"<p>En esta ocasi\u00f3n, compartimos alg\u00fan dato recogido en nuestro trabajo \u00abSanta Ana, Patrona de Atarfe,&#8230;<\/p>\n","protected":false},"author":1,"featured_media":18002,"comment_status":"closed","ping_status":"closed","sticky":false,"template":"","format":"standard","meta":{"_coblocks_attr":"","_coblocks_dimensions":"","_coblocks_responsive_height":"","_coblocks_accordion_ie_support":"","jetpack_post_was_ever_published":false,"_jetpack_newsletter_access":"","_jetpack_dont_email_post_to_subs":false,"_jetpack_newsletter_tier_id":0,"_jetpack_memberships_contains_paywalled_content":false,"_jetpack_memberships_contains_paid_content":false,"footnotes":"","jetpack_publicize_message":"","jetpack_publicize_feature_enabled":true,"jetpack_social_post_already_shared":false,"jetpack_social_options":{"image_generator_settings":{"template":"highway","default_image_id":0,"enabled":false},"version":2}},"categories":[2,1225,186,44,15],"tags":[4076,81,4077],"class_list":["post-17998","post","type-post","status-publish","format-standard","has-post-thumbnail","hentry","category-atarfe","category-ha-de-atarfe","category-instituciones","category-noticias-de-hoy","category-ultimas-noticias","tag-anecdorario","tag-atarfe","tag-libro-de-actas"],"jetpack_publicize_connections":[],"jetpack_featured_media_url":"https:\/\/i0.wp.com\/miradordeatarfe.es\/wp-content\/uploads\/2017\/09\/20414109_1933923213490264_349721179114838985_o.jpg?fit=715%2C640&ssl=1","jetpack_likes_enabled":true,"jetpack_sharing_enabled":true,"_links":{"self":[{"href":"https:\/\/miradordeatarfe.es\/index.php?rest_route=\/wp\/v2\/posts\/17998","targetHints":{"allow":["GET"]}}],"collection":[{"href":"https:\/\/miradordeatarfe.es\/index.php?rest_route=\/wp\/v2\/posts"}],"about":[{"href":"https:\/\/miradordeatarfe.es\/index.php?rest_route=\/wp\/v2\/types\/post"}],"author":[{"embeddable":true,"href":"https:\/\/miradordeatarfe.es\/index.php?rest_route=\/wp\/v2\/users\/1"}],"replies":[{"embeddable":true,"href":"https:\/\/miradordeatarfe.es\/index.php?rest_route=%2Fwp%2Fv2%2Fcomments&post=17998"}],"version-history":[{"count":3,"href":"https:\/\/miradordeatarfe.es\/index.php?rest_route=\/wp\/v2\/posts\/17998\/revisions"}],"predecessor-version":[{"id":18003,"href":"https:\/\/miradordeatarfe.es\/index.php?rest_route=\/wp\/v2\/posts\/17998\/revisions\/18003"}],"wp:featuredmedia":[{"embeddable":true,"href":"https:\/\/miradordeatarfe.es\/index.php?rest_route=\/wp\/v2\/media\/18002"}],"wp:attachment":[{"href":"https:\/\/miradordeatarfe.es\/index.php?rest_route=%2Fwp%2Fv2%2Fmedia&parent=17998"}],"wp:term":[{"taxonomy":"category","embeddable":true,"href":"https:\/\/miradordeatarfe.es\/index.php?rest_route=%2Fwp%2Fv2%2Fcategories&post=17998"},{"taxonomy":"post_tag","embeddable":true,"href":"https:\/\/miradordeatarfe.es\/index.php?rest_route=%2Fwp%2Fv2%2Ftags&post=17998"}],"curies":[{"name":"wp","href":"https:\/\/api.w.org\/{rel}","templated":true}]}}