{"id":1802,"date":"2015-05-18T09:03:50","date_gmt":"2015-05-18T09:03:50","guid":{"rendered":"http:\/\/miradordeatarfe.es\/?p=1802"},"modified":"2015-05-18T09:03:50","modified_gmt":"2015-05-18T09:03:50","slug":"ayer-17-de-mayo-dia-internacional-contra-la-homofobia-lesbofobia-y-transfobia","status":"publish","type":"post","link":"https:\/\/miradordeatarfe.es\/?p=1802","title":{"rendered":"AYER 17 de mayo, D\u00eda Internacional contra la Homofobia, Lesbofobia y Transfobia"},"content":{"rendered":"<header>\n<div class=\"author blog\"><\/div>\n<p>Luna naci\u00f3 en la Toscana el pasado mi\u00e9rcoles, cuando el reloj todav\u00eda no hab\u00eda llegado a las diez de la ma\u00f1ana. Pes\u00f3 dos kilos y medio y midi\u00f3 46 cent\u00edmetros. Me cuenta \u00c1ngela, una de sus madres, la colombiana, que come como \u00abun lupo\u00bb y que duerme todav\u00eda m\u00e1s. Luna ha tenido la suerte de nacer en uno de los lugares m\u00e1s bellos del mundo. Adem\u00e1s, tiene y tendr\u00e1 siempre la fortuna de contar con dos madres que la cuidar\u00e1n y le ayudar\u00e1n a crecer como una mujer aut\u00f3noma y valiente. Dentro de un tiempo, cuando celebre su cumplea\u00f1os, sus madres le contar\u00e1n que naci\u00f3 justo la semana en que se celebra el D\u00eda Internacional contra la Homofobia, Lesbofobia y Transfobia.<\/header>\n<p><!--more--><\/p>\n<header>Es decir, contra el odio hacia la diversidad afectiva y sexual y las m\u00faltiples identidades de g\u00e9nero. Y juntas, las tres, celebrar\u00e1n cada mayo las muchas razones que tienen para dar gracias a la vida. Quiz\u00e1s sin ser conscientes del todo de que Luna es el mejor argumento que podemos ofrecer a aquellos y aquellas que todav\u00eda no entienden que la igualdad no es otra cosa que el reconocimiento de las diferencias.<\/header>\n<div id=\"mainentrycontent\" class=\"content\">\n<p>Luna empezar\u00e1 a ir a la escuela, y tal vez, en un pa\u00eds como Italia que contin\u00faa siendo tan conservador y que mira tanto al Vaticano, no sentir\u00e1 sobre sus hombros las miradas raras de los ni\u00f1os y de las ni\u00f1as que observar\u00e1n c\u00f3mo son dos madres las que van a recogerla. Seguramente, los ojos de esos compa\u00f1eros y compa\u00f1eras ser\u00e1n m\u00e1s limpios que los de unos padres y unas madres tan acostumbrados a entender que la heterosexualidad es la norma.<\/p>\n<p>Seguramente un d\u00eda, cuando Luna tenga posibilidad de entenderlo, su madre colombiana le contar\u00e1 por qu\u00e9 y cu\u00e1ndo tuvo que abandonar Medell\u00edn, y le dibujar\u00e1 en un cuaderno las bellezas de un pa\u00eds en el que las estrellas parecen brillar m\u00e1s fuerte que en cualquier otro sitio. As\u00ed comprender\u00e1 donde est\u00e1n una parte de sus ra\u00edces, porque el amor de la madre que no la pari\u00f3 es raz\u00f3n m\u00e1s que suficiente para construir el tronco de afectos y cuidados que supone la maternidad. Tambi\u00e9n le contar\u00e1 como tuvo que dejar los estudios de Derecho y como pasado el tiempo los retomar\u00eda en Italia, el pa\u00eds donde conoci\u00f3 a la mujer con la que construy\u00f3 un proyecto de vida conjunta. Una comunidad de presentes y expectativas. En fin, una familia. Por m\u00e1s que el C\u00f3digo civil italiano se resista a conocerla como tal.<\/p>\n<p>Luna comprender\u00e1, y supongo que incluso con m\u00e1s facilidad que cualquier otra ni\u00f1a, el porqu\u00e9 del viaje de sus madres a Espa\u00f1a, donde Alessandra fue fecundada. Se sentir\u00e1 supongo que indignada cuando le expliquen las dificultades que su otra madre, la que lleg\u00f3 del pa\u00eds de las selvas, tendr\u00e1 para que el Derecho le reconozca los derechos y responsabilidades sobre ella. Como a cualquier otra madre u otro padre. En condiciones de igualdad. Luna empezar\u00e1 a explicarse lo complicado que sigue siendo en este mundo hacer real eso de que ser iguales no es otra que cosa que tener la posibilidad de ser diferentes.<\/p>\n<p>Luna, en todo caso, no necesitar\u00e1 de papeles ni documentos para ser consciente de la gran suerte que ha tenido con las dos madres que la trajeron al mundo. En un acto supremo de generosidad y amor. Las madres que le cantar\u00e1n canciones, una en italiano, otra en espa\u00f1ol. La madre que le cocinar\u00e1 los primeros pur\u00e9s con verduras de los campos de la Toscana y la que, entre folio y folio de la tesis, le contar\u00e1 las cuentos que a ella le contaron sus abuelas.<\/p>\n<p>Espero volver pronto a Florencia y encontrarme con esas tres mujeres que me han dado tantas razones para seguir luchando por la igualdad. Consciente de que no solo la sociedad puede ser hom\u00f3foba sino tambi\u00e9n un legislador que se niega, como en el caso italiano, a reconocer que no solo el matrimonio heterosexual puede generar una familia. Ese d\u00eda espero hacerme una fotograf\u00eda con Luna y con sus madres, dos mujeres que son para m\u00ed un ejemplo de generosa entrega y amor sin barreras. As\u00ed quienes lean mi blog comprobar\u00e1n que esta historia no es fruto de mi imaginaci\u00f3n sino simple narraci\u00f3n de lo que en una tutor\u00eda tuve la suerte que me contara \u00c1ngela. La aplicada estudiante de Derecho en la que volv\u00ed a descubrir, mir\u00e1ndola a los ojos, que los derechos no son otra cosa que luchas permanentes por la dignidad. Habr\u00e1 pues que seguir luchando. Se lo debemos a Luna. Esa ni\u00f1a que hoy r\u00ede en la Toscana mientras que sus dos madres la miran enamoradas. En esa risa, y en esa mirada, vive el argumento m\u00e1s contundente frente a quienes contin\u00faan sin entender que la naturaleza es diversa y los deseos plurales.<\/p>\n<p><strong>Este post <a href=\"http:\/\/lashoras-octavio.blogspot.it\/2015\/05\/luna-contra-la-lesbofobia.html\" target=\"_hplink\">fue publicado inicialment<\/a>e en el blog del autor<\/strong><\/p>\n<div class=\"byline vcard group \">\n<div class=\"info\"><a href=\"http:\/\/www.huffingtonpost.es\/octavio-salazar\/\" rel=\"author\"><span class=\"name fn\">Octavio Salazar<\/span><\/a><\/div>\n<\/div>\n<p><strong>\u00a0<\/strong><\/p>\n<\/div>\n","protected":false},"excerpt":{"rendered":"<p>Luna naci\u00f3 en la Toscana el pasado mi\u00e9rcoles, cuando el reloj todav\u00eda no hab\u00eda llegado&#8230;<\/p>\n","protected":false},"author":1,"featured_media":1803,"comment_status":"closed","ping_status":"closed","sticky":false,"template":"","format":"standard","meta":{"_coblocks_attr":"","_coblocks_dimensions":"","_coblocks_responsive_height":"","_coblocks_accordion_ie_support":"","jetpack_post_was_ever_published":false,"_jetpack_newsletter_access":"","_jetpack_dont_email_post_to_subs":false,"_jetpack_newsletter_tier_id":0,"_jetpack_memberships_contains_paywalled_content":false,"_jetpack_memberships_contains_paid_content":false,"footnotes":"","jetpack_publicize_message":"","jetpack_publicize_feature_enabled":true,"jetpack_social_post_already_shared":false,"jetpack_social_options":{"image_generator_settings":{"template":"highway","default_image_id":0,"enabled":false},"version":2}},"categories":[186,9,15],"tags":[668,669,670],"class_list":["post-1802","post","type-post","status-publish","format-standard","has-post-thumbnail","hentry","category-instituciones","category-medio-ambiente","category-ultimas-noticias","tag-homofobia","tag-lesbofobia","tag-transfobia"],"jetpack_publicize_connections":[],"jetpack_featured_media_url":"https:\/\/i0.wp.com\/miradordeatarfe.es\/wp-content\/uploads\/2015\/05\/HOMO.jpg?fit=337%2C149&ssl=1","jetpack_likes_enabled":true,"jetpack_sharing_enabled":true,"_links":{"self":[{"href":"https:\/\/miradordeatarfe.es\/index.php?rest_route=\/wp\/v2\/posts\/1802","targetHints":{"allow":["GET"]}}],"collection":[{"href":"https:\/\/miradordeatarfe.es\/index.php?rest_route=\/wp\/v2\/posts"}],"about":[{"href":"https:\/\/miradordeatarfe.es\/index.php?rest_route=\/wp\/v2\/types\/post"}],"author":[{"embeddable":true,"href":"https:\/\/miradordeatarfe.es\/index.php?rest_route=\/wp\/v2\/users\/1"}],"replies":[{"embeddable":true,"href":"https:\/\/miradordeatarfe.es\/index.php?rest_route=%2Fwp%2Fv2%2Fcomments&post=1802"}],"version-history":[{"count":1,"href":"https:\/\/miradordeatarfe.es\/index.php?rest_route=\/wp\/v2\/posts\/1802\/revisions"}],"predecessor-version":[{"id":1804,"href":"https:\/\/miradordeatarfe.es\/index.php?rest_route=\/wp\/v2\/posts\/1802\/revisions\/1804"}],"wp:featuredmedia":[{"embeddable":true,"href":"https:\/\/miradordeatarfe.es\/index.php?rest_route=\/wp\/v2\/media\/1803"}],"wp:attachment":[{"href":"https:\/\/miradordeatarfe.es\/index.php?rest_route=%2Fwp%2Fv2%2Fmedia&parent=1802"}],"wp:term":[{"taxonomy":"category","embeddable":true,"href":"https:\/\/miradordeatarfe.es\/index.php?rest_route=%2Fwp%2Fv2%2Fcategories&post=1802"},{"taxonomy":"post_tag","embeddable":true,"href":"https:\/\/miradordeatarfe.es\/index.php?rest_route=%2Fwp%2Fv2%2Ftags&post=1802"}],"curies":[{"name":"wp","href":"https:\/\/api.w.org\/{rel}","templated":true}]}}