{"id":1827,"date":"2015-05-20T09:10:05","date_gmt":"2015-05-20T09:10:05","guid":{"rendered":"http:\/\/miradordeatarfe.es\/?p=1827"},"modified":"2015-05-23T10:38:51","modified_gmt":"2015-05-23T10:38:51","slug":"encuesta-del-mirador-de-atarfe-cinco-principales-actuaciones-de-vuestro-programa-que-considerais-mas-importantes-para-esta-legislatura","status":"publish","type":"post","link":"https:\/\/miradordeatarfe.es\/?p=1827","title":{"rendered":"ENCUESTA DEL MIRADOR DE ATARFE: CINCO PRINCIPALES ACTUACIONES DE VUESTRO PROGRAMA PARA ATARFE QUE CONSIDERAIS MAS IMPORTANTES PARA ESTA LEGISLATURA"},"content":{"rendered":"<p><strong><em> CINCO PRINCIPALES<em> <strong>ACTUACIONES <\/strong>DE VUESTRO PROGRAMA QUE CONSIDERAIS MAS <u>IMPORTANTES PARA ESTA LEGISLATURA en ATARFE<\/u><\/em><\/em><\/strong><u><\/u><!--more--><\/p>\n<p><strong>\u00a0PSOE<\/strong><\/p>\n<div class=\"_5pbx userContent\" data-ft=\"{&quot;tn&quot;:&quot;K&quot;}\">\n<p>1.-\u00a0 Nuestro compromiso es crear una ciudad que proporcione recursos urban\u00edsticos suficientes, que sea energ\u00e9ticamente eficiente, adecuada, funcional, y que sea, sobre todo, un lugar mejor para vivir. Impulsaremos el urbanismo desde una \u00f3ptica mucho m\u00e1s amplia, en la que cobren importancia, adem\u00e1s de los factores urban\u00edsticos en s\u00ed, otros de car\u00e1cter social, geogr\u00e1fico, medioambiental, demogr\u00e1fico e institucional. <strong>Haciendo ciudad.<\/strong><\/p>\n<\/div>\n<p>2.- Implantaremos un Sistema de Gesti\u00f3n Medioambiental bien desarrollado, equilibrado, que cuide la salud y el desarrollo intelectual y personal de sus habitantes y visitantes; que apueste por la sostenibilidad, por la puesta en valor de los recursos naturales, por nuevos sistemas para mejorar la eficiencia energ\u00e9tica y por iniciativas locales que contribuyan a reducir los efectos del cambio clim\u00e1tico.<\/p>\n<p>3.- Vamos a trabajar con asociaciones, organizaciones, colectivos, aut\u00f3nomos,amas de casa, obreros estudiantes, etc desde el di\u00e1logo y el respeto , con educaci\u00f3n y sensatez. Estaremos cerca de todos nuestros vecinos\/as, incluidos los que viven en los distintos anejos, como Sierra Elvira y Caparacena; para escuchar sus necesidades y demandas, para conocer lo que realmente les preocupa y dar soluciones posibles<\/p>\n<p>4.- Queremos seguir interveniendo\u00a0 en <strong>salud, cultura, infraestructuras, educaci\u00f3n, medio ambiente, seguridad, deportes y bienestar social.<\/strong>..pero sobretodo , en <strong>EMPLEO<\/strong>, trabajaremos\u00a0 con todas las administraciones auton\u00f3micas y estatales, para conseguir los fondos que nos permitan crear los puestos de trabajo , que tanto necesitamos; porque el bienestar y la calidad de vida de todos nuestros vecinos es nuestro porincipal inter\u00e9s<\/p>\n<p>5.- El comercio debe ser el motor de la econom\u00eda atarfe\u00f1a, por eso apoyaremos de manera decidida a este sector generador de empleo y riqueza para nuestro municipio: potenciando el funcionamiento de la Asociaci\u00f3n de Empresarios y apoyando a promotores de peque\u00f1as y medianas empresas.<\/p>\n<p><strong>PP<\/strong><\/p>\n<p>Las principales actuaciones van a ser:<\/p>\n<ul>\n<li>Tratar de negociar la deuda del ayuntamiento.<\/li>\n<li>La construcci\u00f3n de una residencia para nuestros mayores<\/li>\n<li>El impulso a nuestros pol\u00edgonos industriales<\/li>\n<li>El apoyo a las familias en riesgo de exclusi\u00f3n social<\/li>\n<li>Una bolsa de empleo transparente y con igualdad de oportunidades.<\/li>\n<\/ul>\n<p>&nbsp;<\/p>\n<p><strong>GANEMOS-IU<\/strong><\/p>\n<p>De acuerdo con nuestro lema de \u201cPan, trabajo, techo y derechos\u201d nuestras actuaciones ser\u00e1n:<\/p>\n<ul>\n<li>Desarrollo de la Bolsa de Empleo y un PLAN INTEGRAL DE EMPLEO.<\/li>\n<li>Transparencia y participaci\u00f3n con auditoria de la gesti\u00f3n municipal. AUDITORIA DE LA DEUDA. PRESUPUESTOS PARTICIPATIVOS.<\/li>\n<li>Fomento de una Econom\u00eda Sostenible y Participativa: Desarrollo agr\u00edcola, industrial y comercial.<\/li>\n<li>Gesti\u00f3n de los Servicios P\u00fablicos para el bien com\u00fan, con gesti\u00f3n de la Ley de Dependencia Municipalizada.<\/li>\n<li>Lucha contra los desahucios.<\/li>\n<\/ul>\n<p>&nbsp;<\/p>\n<p><strong>POR ASTARFE SI<\/strong><\/p>\n<p>1.-Redactaremos un Plan Estrat\u00e9gico de Desarrollo de Atarfe<\/p>\n<p>Su objetivo ser\u00e1 diagnosticar, organizar y movilizar todos los recursos humanos y materiales disponibles, que puedan favorecer un cambio en la econom\u00eda y un avance en progreso social y democr\u00e1tico de nuestro pueblo.<\/p>\n<p>2.- Realizaremos una auditor\u00eda que examine las Cuentas, la Deuda y las ventas del Patrimonio y efect\u00fae el Inventario de los bienes municipales<\/p>\n<p>Entre tanto, dise\u00f1aremos un Plan para rebajar la deuda, que contemple entre otras partidas la reducci\u00f3n de los gastos de arrendamiento, asesoramientos externos, salarios injustificadamente sobredimensionados y gastos superfluos.Exigiremos responsabilidades a quienes han provocado una deuda de cerca de 50 millones de euros, una buena parte de ella ileg\u00edtima, con operaciones irregulares.Se revisar\u00e1n todas las contrataciones y servicios externos, as\u00ed como la gesti\u00f3n de las \u00e1reas municipales. Introduciremos cl\u00e1usulas sociales y medioambientales en las contrataciones del ayuntamiento. Iniciaremos la revisi\u00f3n de las privatizaciones de los servicios b\u00e1sicos y otros, como el agua, las basuras y la recaudaci\u00f3n, con el fin de devolverlos a la titularidad p\u00fablica.<\/p>\n<p>3.- Nuestra prioridad ser\u00e1 el empleo y el impulso de las pymes<\/p>\n<ul>\n<li>Respecto al Empleo P\u00fablico.- Haremos que se apliquen normas comunes para todos los trabajadores municipales. No permitiremos ning\u00fan tipo de discriminaci\u00f3n o privilegios. Aplicaremos criterios de m\u00e1ximo rigor y transparencia en la gesti\u00f3n de la <strong>Bolsa Municipal<\/strong> <strong>de<\/strong> <strong>Empleo<\/strong>, y suprimiremos el dedo como forma de acceso al trabajo. Fijaremos condiciones laborales dignas en los empleos municipales, repartiendo el trabajo.<\/li>\n<li>Respecto a las Pymes. Nos proponemos poner en marcha un CIE (Centro de Iniciativa Empresarial) o Vivero de Empresas. Fomentaremos un Plan de apoyo al comercio y peque\u00f1a industria local. Activaremos los mercados locales y potenciaremos el consumo de productos aut\u00f3ctonos. Potenciaremos la innovaci\u00f3n y la I+D aplicada a las empresas. Auditaremos la situaci\u00f3n de los pol\u00edgonos industriales, con el fin de detectar sus problemas y deficiencias, y articular soluciones.<\/li>\n<\/ul>\n<p>5.- Combatiremos las desigualdades:<\/p>\n<ul>\n<li>Defenderemos el derecho a una vivienda adecuada y estable. Trabajaremos para garantizar los suministros b\u00e1sicos a todos los hogares sin recursos.<\/li>\n<li>Elaboraremos un Plan de Vivienda, cuyo principal objetivo sea la movilizaci\u00f3n de la vivienda vac\u00eda para conseguir un parque de viviendas de alquiler social de gesti\u00f3n p\u00fablica.<\/li>\n<li>Realizaremos un Plan contra la feminizaci\u00f3n de la pobreza.<\/li>\n<li>Aseguraremos condiciones laborales adecuadas a las trabajadoras del Servicio de Ayuda a Domicilio y lo ampliaremos para garantizar un envejecimiento digno de nuestros mayores.<\/li>\n<li>Las ayudas Municipales se conceder\u00e1n siguiendo criterios de justicia, legalidad y transparencia<\/li>\n<\/ul>\n<p><strong>CIUDADANOS<\/strong><\/p>\n<p>Es dif\u00edcil identificar cinco principales actuaciones dentro de nuestro programa municipal, porque consideramos todas iguales de necesarias y prioritarias. Indicaremos 5 de las mismas:<\/p>\n<p>&#8211; Recuperar la confianza de los ciudadanos en el Ayuntamiento de Atarfe, mediante unas medidas de transparencia total, auditando las cuentas municipales y poniendo al alcance de todos los vecinos las mismas, as\u00ed como de todas las actuaciones que se vayan a llevar acabo, ofertas de empleo, etc..<\/p>\n<p>&#8211; Mantenimiento y adecuaci\u00f3n del suelo industrial con espacios de calidad y sostenibles que redunden en la competitividad de la empresas que se establezcan en ellos. Consideramos especialmente importante poner locales industriales de peque\u00f1a y mediana superficie a disposici\u00f3n de los emprendedores, pues las peque\u00f1as empresas son las que generan la mayor parte de los puestos de trabajo. As\u00ed como alcanzar acuerdos de colaboraci\u00f3n con la Universidad de Granada y el tejido empresarial para potenciar la creaci\u00f3n de spin-off en nuestro municipio<\/p>\n<p>&#8211; Ampliar la dotaci\u00f3n de la Polic\u00eda Local paulatinamente hasta llegar a la ratio, n\u00famero de polic\u00edas a raz\u00f3n de n\u00famero de habitantes recomendada por la UE. De igual modo Ciudadanos Atarfe se compromete a dotar a nuestra polic\u00eda local de todos los medios necesarios, materiales y humanos que necesiten para realizar con seguridad y eficacia su labor dentro de sus competencias, reforzando la presencia de agentes patrullando a con el fin de lograr un efecto disuasorio ante actos de vandalismo y conductas inc\u00edvicas, tan comunes en nuestro municipio en los \u00faltimos a\u00f1os.<\/p>\n<p>&#8211; Aplicaremos bonificaciones fiscales municipales durante los dos primeros a\u00f1os de desarrollo de la actividad, en aras de impulsar y favorecer la permanencia y viabilidad empresarial de las microempresas, autoempleo y trabajadores por cuenta propia, adem\u00e1s pondremos a su disposici\u00f3n \u201cviveros municipales de empresas\u201d que favorezcan el desarrollo de los peque\u00f1os proyectos empresariales y la creaci\u00f3n de un tejido industrial incipiente y generador de empleo. Crearemos mecanismos de marketing, formaci\u00f3n, promoci\u00f3n y divulgaci\u00f3n para apoyar al comercio existente en nuestro municipio. Su estabilidad y crecimiento es una prioridad y buen s\u00edntoma de la salud econ\u00f3mica de un municipio.<\/p>\n<p>&#8211; Promoveremos campa\u00f1as de concienciaci\u00f3n para reducir la producci\u00f3n de residuos y su clasificaci\u00f3n por tipos en origen, pues el mejor tratamiento de residuos es no producirlos. De igual modo estableceremos planes de recogida de residuos especiales, ampliando en su caso las unidades m\u00f3viles de recogida a la vez que fomentaremos la accesibilidad y mejora del sistema de recogida selectiva de residuos, as\u00ed como aumentar y mejorar la dotaci\u00f3n de papeleras del municipio para una mayor limpieza de nuestras calles y parques junto con campa\u00f1as de civismo.<\/p>\n","protected":false},"excerpt":{"rendered":"<p>CINCO PRINCIPALES ACTUACIONES DE VUESTRO PROGRAMA QUE CONSIDERAIS MAS IMPORTANTES PARA ESTA LEGISLATURA en ATARFE<\/p>\n","protected":false},"author":1,"featured_media":1828,"comment_status":"closed","ping_status":"closed","sticky":false,"template":"","format":"standard","meta":{"_coblocks_attr":"","_coblocks_dimensions":"","_coblocks_responsive_height":"","_coblocks_accordion_ie_support":"","jetpack_post_was_ever_published":false,"_jetpack_newsletter_access":"","_jetpack_dont_email_post_to_subs":false,"_jetpack_newsletter_tier_id":0,"_jetpack_memberships_contains_paywalled_content":false,"_jetpack_memberships_contains_paid_content":false,"footnotes":"","jetpack_publicize_message":"","jetpack_publicize_feature_enabled":true,"jetpack_social_post_already_shared":false,"jetpack_social_options":{"image_generator_settings":{"template":"highway","default_image_id":0,"enabled":false},"version":2}},"categories":[2,15],"tags":[223,681,682],"class_list":["post-1827","post","type-post","status-publish","format-standard","has-post-thumbnail","hentry","category-atarfe","category-ultimas-noticias","tag-empleo","tag-plan","tag-vivienda"],"jetpack_publicize_connections":[],"jetpack_featured_media_url":"https:\/\/i0.wp.com\/miradordeatarfe.es\/wp-content\/uploads\/2015\/05\/ATARFE1.jpg?fit=301%2C167&ssl=1","jetpack_likes_enabled":true,"jetpack_sharing_enabled":true,"_links":{"self":[{"href":"https:\/\/miradordeatarfe.es\/index.php?rest_route=\/wp\/v2\/posts\/1827","targetHints":{"allow":["GET"]}}],"collection":[{"href":"https:\/\/miradordeatarfe.es\/index.php?rest_route=\/wp\/v2\/posts"}],"about":[{"href":"https:\/\/miradordeatarfe.es\/index.php?rest_route=\/wp\/v2\/types\/post"}],"author":[{"embeddable":true,"href":"https:\/\/miradordeatarfe.es\/index.php?rest_route=\/wp\/v2\/users\/1"}],"replies":[{"embeddable":true,"href":"https:\/\/miradordeatarfe.es\/index.php?rest_route=%2Fwp%2Fv2%2Fcomments&post=1827"}],"version-history":[{"count":4,"href":"https:\/\/miradordeatarfe.es\/index.php?rest_route=\/wp\/v2\/posts\/1827\/revisions"}],"predecessor-version":[{"id":1851,"href":"https:\/\/miradordeatarfe.es\/index.php?rest_route=\/wp\/v2\/posts\/1827\/revisions\/1851"}],"wp:featuredmedia":[{"embeddable":true,"href":"https:\/\/miradordeatarfe.es\/index.php?rest_route=\/wp\/v2\/media\/1828"}],"wp:attachment":[{"href":"https:\/\/miradordeatarfe.es\/index.php?rest_route=%2Fwp%2Fv2%2Fmedia&parent=1827"}],"wp:term":[{"taxonomy":"category","embeddable":true,"href":"https:\/\/miradordeatarfe.es\/index.php?rest_route=%2Fwp%2Fv2%2Fcategories&post=1827"},{"taxonomy":"post_tag","embeddable":true,"href":"https:\/\/miradordeatarfe.es\/index.php?rest_route=%2Fwp%2Fv2%2Ftags&post=1827"}],"curies":[{"name":"wp","href":"https:\/\/api.w.org\/{rel}","templated":true}]}}