{"id":18293,"date":"2017-09-24T11:10:39","date_gmt":"2017-09-24T09:10:39","guid":{"rendered":"http:\/\/miradordeatarfe.es\/?p=18293"},"modified":"2022-02-12T12:24:50","modified_gmt":"2022-02-12T11:24:50","slug":"escuela-de-atletismo-de-atarfe","status":"publish","type":"post","link":"https:\/\/miradordeatarfe.es\/?p=18293","title":{"rendered":"Abierto plazo de matricula en ESCUELA DE ATLETISMO DE ATARFE"},"content":{"rendered":"<p>Comienzo el 2 de Octubre . A partir de 6 a\u00f1os de edad<\/p>\n<p>M\u00c1S INFORMACI\u00d3N: PISTAS MUNICIPALES DE ATLETISMO<br \/>\nLUNES, MI\u00c9RCOLES Y JUEVES DE 19,00 \u2013 20,30 H<!--more--><\/p>\n<p style=\"text-align: justify;\"><em>El pasado d\u00eda 15 de septiembre tuvo lugar la Asamblea Anual del Club Atletismo Atarfe donde, entre otros asuntos, se planific\u00f3 la temporada venidera y se establecieron las bases de funcionamiento tanto del propio Club como de la Escuela de Atletismo dirigida a promocionar el atletismo entre los ni\u00f1os\/as de nuestra localidad.\u00a0<\/em><\/p>\n<p style=\"text-align: justify;\"><em>La Escuela est\u00e1 dirigida a ni\u00f1os\/as hasta 14 a\u00f1os comenzando el pr\u00f3ximo d\u00eda 2 de octubre y tendr\u00e1 lugar durante las tardes de lunes y mi\u00e9rcoles si bien para los atletas ya iniciados se ampliar\u00e1 a jueves e incluso s\u00e1bados. Todos los interesados en participar en la Escuela podr\u00e1n pasar por el Polideportivo Municipal y\u00a0preguntar por los monitores de atletismo las tardes de los d\u00edas indicados.<\/em><\/p>\n<p style=\"text-align: justify;\"><em>Para personas que superen la edad de 14\u00a0a\u00f1os se formar\u00e1n grupos de entrenamiento en funci\u00f3n de la especialidad que elijan (seg\u00fan la distancia en carreras, vallas, saltos, lanzamientos)\u00a0y la elecci\u00f3n personal de cada atleta.<\/em><\/p>\n<p style=\"text-align: justify;\"><em>El Club Atletismo Atarfe ha apostado este a\u00f1o por ampliar el cuadro de monitores y entrenadores con la finalidad de que se cubran t\u00e9cnicamente todas las posibilidades de sus atletas si bien limitados por las instalaciones con las que disponemos en\u00a0la pista municipal. De este modo junto a los tradicionales corredores tanto de velocidad como de medio fondo y fondo,\u00a0son ya varios los atletas que est\u00e1n destacando en pruebas de lanzamiento (peso, disco, &#8230;), vallas y saltos tanto horizontales (longitud y triple) como verticales (altura).<\/em><\/p>\n<p style=\"text-align: justify;\"><em>En cuanto a la planificaci\u00f3n de la temporada destacar que los ni\u00f1os m\u00e1s peque\u00f1os tendr\u00e1n acceso a participar en el circuito provincial de Cross que organiza la Diputaci\u00f3n Provincial de Granada as\u00ed como en las pruebas de pista que igualmente organiza la instituci\u00f3n provincial. Adem\u00e1s puntualmente se asistir\u00e1 a algunas pruebas populares de las que se organizan en muchos pueblos y ciudades de nuestro entorno.<\/em><\/p>\n<p style=\"text-align: justify;\"><em>Por su parte el Club tiene previsto asistir a varios Cross de car\u00e1cter nacional e internacional destacando el viaje al tradicional Cross de It\u00e1lica que se\u00a0celebra en Enero en Sevilla y est\u00e1 considerado como la segunda prueba a nivel\u00a0mundial de la especialidad, adem\u00e1s se participar\u00e1 en el Campeonato Andaluz y aquellos atletas que consigan clasificarse en los Campeonatos de Espa\u00f1a.<\/em><\/p>\n<p style=\"text-align: justify;\"><em>La temporada de pista cubierta tendr\u00e1 su centro de atenci\u00f3n en Antequera donde se asistir\u00e1 a la mayor\u00eda de controles federativos que se organizan as\u00ed como a los diferentes campeonatos de Andaluc\u00eda aquellos atletas que consigan las m\u00ednimas exigidas para ello. Los atletas m\u00e1s destacados del club asistir\u00e1n tambi\u00e9n a sus respectivos Campeonatos de Espa\u00f1a.<\/em><\/p>\n<p style=\"text-align: justify;\"><em>En cuanto a la temporada al aire libre se desarrollar\u00e1 igualmente inicialmente\u00a0en pruebas\u00a0federativas a celebrar en Granada y provincias lim\u00edtrofes para posteriormente ir cerrando el a\u00f1o con la participaci\u00f3n en los Campeonatos de Andaluc\u00eda y Espa\u00f1a. Este a\u00f1o y por primera vez contamos con atletas que luchar\u00e1n por conseguir la internacionalidad con la selecci\u00f3n espa\u00f1ola\u00a0bien en el Campeonato de Europa Sub 18 a celebrar en Hungr\u00eda bien en los Juegos Ol\u00edmpicos de la Juventud que se celebrar\u00e1n en Argentina.<\/em><\/p>\n<p style=\"text-align: justify;\"><em>En todo caso lo m\u00e1s inmediato para nuestros atletas\u00a0ser\u00e1 la participaci\u00f3n en el Campeonato de Espa\u00f1a de Clubs a celebrar el pr\u00f3ximo 1 de octubre donde tomar\u00e1n parte Manuel Jim\u00e9nez L\u00f3pez en la prueba de 3.000 metros y David Gonz\u00e1lez Arribas en lanzamiento de Peso. \u00a0\u00a0\u00a0<\/em><\/p>\n<p><a href=\"https:\/\/i0.wp.com\/miradordeatarfe.es\/wp-content\/uploads\/2017\/09\/WhatsApp-Image-2017-09-22-at-11.26.25.jpeg?ssl=1\"><img data-recalc-dims=\"1\" loading=\"lazy\" decoding=\"async\" class=\"size-full wp-image-18329 aligncenter\" src=\"https:\/\/i0.wp.com\/miradordeatarfe.es\/wp-content\/uploads\/2017\/09\/WhatsApp-Image-2017-09-22-at-11.26.25.jpeg?resize=454%2C640&#038;ssl=1\" alt=\"\" width=\"454\" height=\"640\" srcset=\"https:\/\/i0.wp.com\/miradordeatarfe.es\/wp-content\/uploads\/2017\/09\/WhatsApp-Image-2017-09-22-at-11.26.25.jpeg?w=454&amp;ssl=1 454w, https:\/\/i0.wp.com\/miradordeatarfe.es\/wp-content\/uploads\/2017\/09\/WhatsApp-Image-2017-09-22-at-11.26.25.jpeg?resize=213%2C300&amp;ssl=1 213w\" sizes=\"auto, (max-width: 454px) 100vw, 454px\" \/><\/a><\/p>\n<div id=\":tu\" class=\"dL\" tabindex=\"-1\" aria-label=\"Archivo adjunto: PUBLICIDAD escuela 2017-2018.pdf. Para ver el archivo adjunto, pulsa la tecla Intro. Si quieres eliminarlo, pulsa Supr.\"><\/div>\n<p>&nbsp;<\/p>\n","protected":false},"excerpt":{"rendered":"<p>Comienzo el 2 de Octubre . A partir de 6 a\u00f1os de edad M\u00c1S INFORMACI\u00d3N:&#8230;<\/p>\n","protected":false},"author":1,"featured_media":0,"comment_status":"closed","ping_status":"closed","sticky":false,"template":"","format":"standard","meta":{"_coblocks_attr":"","_coblocks_dimensions":"","_coblocks_responsive_height":"","_coblocks_accordion_ie_support":"","jetpack_post_was_ever_published":false,"_jetpack_newsletter_access":"","_jetpack_dont_email_post_to_subs":false,"_jetpack_newsletter_tier_id":0,"_jetpack_memberships_contains_paywalled_content":false,"_jetpack_memberships_contains_paid_content":false,"footnotes":"","jetpack_publicize_message":"","jetpack_publicize_feature_enabled":true,"jetpack_social_post_already_shared":false,"jetpack_social_options":{"image_generator_settings":{"template":"highway","default_image_id":0,"enabled":false},"version":2}},"categories":[1161,182,186,6915,44,15,10],"tags":[85,322],"class_list":["post-18293","post","type-post","status-publish","format-standard","hentry","category-ciudadania","category-deportes","category-instituciones","category-opinion-de-manuel-jimenez","category-noticias-de-hoy","category-ultimas-noticias","category-salud","tag-atletismo","tag-deporte"],"jetpack_publicize_connections":[],"jetpack_featured_media_url":"","jetpack_likes_enabled":true,"jetpack_sharing_enabled":true,"_links":{"self":[{"href":"https:\/\/miradordeatarfe.es\/index.php?rest_route=\/wp\/v2\/posts\/18293","targetHints":{"allow":["GET"]}}],"collection":[{"href":"https:\/\/miradordeatarfe.es\/index.php?rest_route=\/wp\/v2\/posts"}],"about":[{"href":"https:\/\/miradordeatarfe.es\/index.php?rest_route=\/wp\/v2\/types\/post"}],"author":[{"embeddable":true,"href":"https:\/\/miradordeatarfe.es\/index.php?rest_route=\/wp\/v2\/users\/1"}],"replies":[{"embeddable":true,"href":"https:\/\/miradordeatarfe.es\/index.php?rest_route=%2Fwp%2Fv2%2Fcomments&post=18293"}],"version-history":[{"count":4,"href":"https:\/\/miradordeatarfe.es\/index.php?rest_route=\/wp\/v2\/posts\/18293\/revisions"}],"predecessor-version":[{"id":18330,"href":"https:\/\/miradordeatarfe.es\/index.php?rest_route=\/wp\/v2\/posts\/18293\/revisions\/18330"}],"wp:attachment":[{"href":"https:\/\/miradordeatarfe.es\/index.php?rest_route=%2Fwp%2Fv2%2Fmedia&parent=18293"}],"wp:term":[{"taxonomy":"category","embeddable":true,"href":"https:\/\/miradordeatarfe.es\/index.php?rest_route=%2Fwp%2Fv2%2Fcategories&post=18293"},{"taxonomy":"post_tag","embeddable":true,"href":"https:\/\/miradordeatarfe.es\/index.php?rest_route=%2Fwp%2Fv2%2Ftags&post=18293"}],"curies":[{"name":"wp","href":"https:\/\/api.w.org\/{rel}","templated":true}]}}