{"id":1835,"date":"2015-05-22T10:53:52","date_gmt":"2015-05-22T10:53:52","guid":{"rendered":"http:\/\/miradordeatarfe.es\/?p=1835"},"modified":"2015-05-25T11:33:29","modified_gmt":"2015-05-25T11:33:29","slug":"encuesta-mirador-de-atarfe-hablando-de-pactos","status":"publish","type":"post","link":"https:\/\/miradordeatarfe.es\/?p=1835","title":{"rendered":"ENCUESTA MIRADOR DE ATARFE: HABLANDO DE PACTOS"},"content":{"rendered":"<p><em>\u00bf<strong>MEDIDAS IRRENUNCIABLES<\/strong> PARA LLEGAR <u>A UN PACTO CON OTRAS FUERZAS DE ATARFE<\/u>? CON <strong>QUIEN NO PACTARIAIS<\/strong> EN CASO DE QUE NO HUBIERA MAYORIA ABSOLUTA EN ATARFE?<br \/>\n<\/em><!--more--><\/p>\n<p>LA PRIMERA PREGUNTA HAN RESPONDIDO\u00a0 DE LA SIGUIENTE FORMA<\/p>\n<h2><em>\u00bf<strong>MEDIDAS IRRENUNCIABLES<\/strong> PARA LLEGAR <u>A UN PACTO CON OTRAS FUERZAS<\/u>?<\/em><\/h2>\n<p><strong>PSOE<\/strong><\/p>\n<p>Nos basaremos en nuestro programa electoral y en sus distintas medidas<\/p>\n<p><strong>PP<\/strong><\/p>\n<ul>\n<li>La auditoria para saber la deuda<\/li>\n<li>Situaci\u00f3n laboral de los empleados\u00a0 del ayuntamiento<\/li>\n<li>La bolsa laboral, en la que participen todos los grupos con representaci\u00f3nen el ayuntamiento<\/li>\n<\/ul>\n<p>&nbsp;<\/p>\n<p><strong>GANEMOS-IU<\/strong><\/p>\n<p>El programa de \u201cGanemos Atarfe para la Gente\u201d ser\u00e1 el marco de cualquier negociaci\u00f3n. Todo lo que contradiga los elementos b\u00e1sicos del Programa ser\u00e1 motivo para imposibilitar el acuerdo.<\/p>\n<p>La negociaci\u00f3n y el dialogo son elementos positivos para el buen funcionamiento de la Gesti\u00f3n Municipal.<\/p>\n<p>&nbsp;<\/p>\n<p><strong>POR ATARFE SI<\/strong><\/p>\n<p>Primero: Medidas de regeneraci\u00f3n democr\u00e1tica, de participaci\u00f3n y de transparencia.<\/p>\n<p>Segunda: Auditoria retroactiva de la Deuda, las Cuentas municipales y las ventas de Patrimonio.<\/p>\n<p>Tercera: Plan concreto y verificable de apoyo al empleo y a las pyme.<\/p>\n<p>Cuarta: Atenci\u00f3n prioritaria a las personas m\u00e1s vulnerables.<\/p>\n<p>Quinta: Reorganizaci\u00f3n de las oficinas municipales.<\/p>\n<p>Sexta: Acuerdo para el rescate p\u00fablico de los servicios privatizados.<\/p>\n<p>S\u00e9ptima: punto final a las ilegalidades urban\u00edsticas<\/p>\n<p>&nbsp;<\/p>\n<p><strong>CIUDADANOS<\/strong><\/p>\n<p>La principal e ineludible es la Auditoria p\u00fablica de las cuentas del consistorio y su publicaci\u00f3n en la Web del Municipio para que todos los vecinos tenga conocimiento de la misma. Tambi\u00e9n para llegar a cualquier tipo de pacto, ser\u00e1 ineludible <em>la firma del pacto contra la corrupci\u00f3n,<\/em> por la que cualquier cargo p\u00fablico que sea imputado deber\u00e1 abandonar su puesto.<\/p>\n<p>&nbsp;<\/p>\n<p>&nbsp;<\/p>\n<p>&nbsp;<\/p>\n<h2>\u00bfCON <strong>QUIEN NO PACTARIAIS<\/strong> EN CASO DE QUE NO HUBIERA MAYORIA ABSOLUTA EN ATARFE?<\/h2>\n<p><a href=\"https:\/\/i0.wp.com\/miradordeatarfe.es\/wp-content\/uploads\/2015\/05\/PACTOS3.jpg?ssl=1\"><img data-recalc-dims=\"1\" loading=\"lazy\" decoding=\"async\" class=\"alignnone size-full wp-image-1837\" src=\"https:\/\/i0.wp.com\/miradordeatarfe.es\/wp-content\/uploads\/2015\/05\/PACTOS3.jpg?resize=269%2C187&#038;ssl=1\" alt=\"PACTOS3\" width=\"269\" height=\"187\" \/><\/a><\/p>\n<p>&nbsp;<\/p>\n<p><strong>PSOE<\/strong><\/p>\n<p>Es dif\u00edcil predecir, ya que a\u00fan y obviamente hasta pasadas las elecciones, no nos hemos sentado para hablar de esos termas con las dem\u00e1s fuerzas pol\u00edticas<\/p>\n<p><strong>PP<\/strong><\/p>\n<p>Es pronto para decirlo, no\u00a0 pactar\u00edamos con alguien intransigente, y que no quiera transparencia en el consistorio. Por los dem\u00e1s estamos a favor de un buen funcionamiento de nuestra instituci\u00f3n,, y\u00a0 en plena facultad para negociar o por lo menos hablar con todas las fuerzas pol\u00edticas<\/p>\n<p>&nbsp;<\/p>\n<p><strong>GANEMOS-IU<\/strong><\/p>\n<p>Nuestra intenci\u00f3n es ganar las elecciones, y tras estas no nos cerramos al dialogo con ninguna fuerza. \u201cLos pactos vendr\u00e1n determinados por los Programas y la ciudadan\u00eda (mediante refer\u00e9ndum)\u201d<\/p>\n<p>&nbsp;<\/p>\n<p><strong>POR ATARFE SI<\/strong><\/p>\n<p>Cualquier pacto que realicemos, ser\u00e1 consultado a la ciudadan\u00eda. No pactar\u00edamos, en ning\u00fan caso, con la derecha, ni con los responsables del desgobierno, la corrupci\u00f3n y la p\u00e9rdida de derechos democr\u00e1ticos que padece Atarfe.<\/p>\n<p>&nbsp;<\/p>\n<p><strong>CIUDADANOS<\/strong><\/p>\n<p>Ciudadanos es partidario de no pactar con nadie, s\u00f3lo de llegar a acuerdos puntuales en medidas que consideremos beneficiosas para el municipio y sus vecinos. Desde Ciudadanos defendemos que, o gobernamos o nos vamos a la oposici\u00f3n. No vamos a pactar sillones con ning\u00fan partido. Los miembros de Ciudadanos somos atarfe\u00f1os que, ante el actual estado de endeudamiento, dejadez y constante p\u00e9rdida de vitalidad que viene sufriendo en los \u00faltimos a\u00f1os el municipio, hemos decidimos dar un paso adelante y cambiar \u00e9ste rumbo. Nuestro pacto es con los ciudadanos y ciudadanas que nos voten el d\u00eda 24. Nos debemos a ellos y a sus esperanzas puestas en nosotros y nuestro programa.<\/p>\n<p>&nbsp;<\/p>\n<p>&nbsp;<\/p>\n<p>&nbsp;<\/p>\n","protected":false},"excerpt":{"rendered":"<p>\u00bfMEDIDAS IRRENUNCIABLES PARA LLEGAR A UN PACTO CON OTRAS FUERZAS DE ATARFE? CON QUIEN NO&#8230;<\/p>\n","protected":false},"author":1,"featured_media":1836,"comment_status":"closed","ping_status":"closed","sticky":false,"template":"","format":"standard","meta":{"_coblocks_attr":"","_coblocks_dimensions":"","_coblocks_responsive_height":"","_coblocks_accordion_ie_support":"","jetpack_post_was_ever_published":false,"_jetpack_newsletter_access":"","_jetpack_dont_email_post_to_subs":false,"_jetpack_newsletter_tier_id":0,"_jetpack_memberships_contains_paywalled_content":false,"_jetpack_memberships_contains_paid_content":false,"footnotes":"","jetpack_publicize_message":"","jetpack_publicize_feature_enabled":true,"jetpack_social_post_already_shared":false,"jetpack_social_options":{"image_generator_settings":{"template":"highway","default_image_id":0,"enabled":false},"version":2}},"categories":[2,15],"tags":[171,688],"class_list":["post-1835","post","type-post","status-publish","format-standard","has-post-thumbnail","hentry","category-atarfe","category-ultimas-noticias","tag-elecciones","tag-pactos"],"jetpack_publicize_connections":[],"jetpack_featured_media_url":"https:\/\/i0.wp.com\/miradordeatarfe.es\/wp-content\/uploads\/2015\/05\/PACTOS.jpg?fit=258%2C195&ssl=1","jetpack_likes_enabled":true,"jetpack_sharing_enabled":true,"_links":{"self":[{"href":"https:\/\/miradordeatarfe.es\/index.php?rest_route=\/wp\/v2\/posts\/1835","targetHints":{"allow":["GET"]}}],"collection":[{"href":"https:\/\/miradordeatarfe.es\/index.php?rest_route=\/wp\/v2\/posts"}],"about":[{"href":"https:\/\/miradordeatarfe.es\/index.php?rest_route=\/wp\/v2\/types\/post"}],"author":[{"embeddable":true,"href":"https:\/\/miradordeatarfe.es\/index.php?rest_route=\/wp\/v2\/users\/1"}],"replies":[{"embeddable":true,"href":"https:\/\/miradordeatarfe.es\/index.php?rest_route=%2Fwp%2Fv2%2Fcomments&post=1835"}],"version-history":[{"count":4,"href":"https:\/\/miradordeatarfe.es\/index.php?rest_route=\/wp\/v2\/posts\/1835\/revisions"}],"predecessor-version":[{"id":1864,"href":"https:\/\/miradordeatarfe.es\/index.php?rest_route=\/wp\/v2\/posts\/1835\/revisions\/1864"}],"wp:featuredmedia":[{"embeddable":true,"href":"https:\/\/miradordeatarfe.es\/index.php?rest_route=\/wp\/v2\/media\/1836"}],"wp:attachment":[{"href":"https:\/\/miradordeatarfe.es\/index.php?rest_route=%2Fwp%2Fv2%2Fmedia&parent=1835"}],"wp:term":[{"taxonomy":"category","embeddable":true,"href":"https:\/\/miradordeatarfe.es\/index.php?rest_route=%2Fwp%2Fv2%2Fcategories&post=1835"},{"taxonomy":"post_tag","embeddable":true,"href":"https:\/\/miradordeatarfe.es\/index.php?rest_route=%2Fwp%2Fv2%2Ftags&post=1835"}],"curies":[{"name":"wp","href":"https:\/\/api.w.org\/{rel}","templated":true}]}}