{"id":18641,"date":"2017-10-11T07:03:19","date_gmt":"2017-10-11T05:03:19","guid":{"rendered":"http:\/\/miradordeatarfe.es\/?p=18641"},"modified":"2017-10-09T13:27:21","modified_gmt":"2017-10-09T11:27:21","slug":"el-mar-menor-se-esta-desconectando-del-mediterraneo","status":"publish","type":"post","link":"https:\/\/miradordeatarfe.es\/?p=18641","title":{"rendered":"El Mar Menor se est\u00e1 desconectando del Mediterr\u00e1neo"},"content":{"rendered":"<p class=\"articulo-subtitulo\" style=\"text-align: justify;\">El principal canal natural que renueva sus aguas ha perdido el 80% de su extensi\u00f3n y profundidad<!--more--><\/p>\n<p style=\"text-align: justify;\">El\u00a0<a href=\"https:\/\/elpais.com\/tag\/mar_menor\/a\/\">Mar Menor<\/a>\u00a0(en la regi\u00f3n de Murcia) est\u00e1 perdiendo las conexiones con el\u00a0<a href=\"https:\/\/elpais.com\/tag\/mar_mediterraneo\/a\">Mediterr\u00e1neo<\/a>\u00a0de forma acelerada. Usando im\u00e1genes por sat\u00e9lite, un grupo de investigadores ha comprobado que el principal canal natural que conecta ambos mares se ha cerrado en un 80%. Adem\u00e1s, mediante un dron marino, han medido el fondo de lo que queda abierto. El promedio apenas llega a los 25 cent\u00edmetros. Si esta puerta a la renovaci\u00f3n del agua se cierra, la temperatura, salinidad, clorofila y turbidez podr\u00edan comprometer el futuro de la laguna.<\/p>\n<p style=\"text-align: justify;\">Adem\u00e1s de localidad tur\u00edstica, La Manga es un cord\u00f3n litoral que separa el Mar Menor del mar mayor, el Mediterr\u00e1neo. La barrera, de entre 100 y 900 metros de ancho, tiene cuatro cortes a lo largo de sus 20 km de largo. Estos canales o golas mantienen la conexi\u00f3n entre ambos mares, vital para el mar interior. Gracias a ellas, se regula la salinidad y la temperatura de la laguna y permiten el intercambio de vida. Tambi\u00e9n ayudan a reducir los altos niveles de nutrientes que amenazan su viabilidad ecol\u00f3gica y que cada poco provocan una floraci\u00f3n explosiva de algas.<\/p>\n<section id=\"sumario_3|video\" class=\"sumario_video centro\"><a name=\"sumario_3\"><\/a><\/p>\n<div id=\"sumario__interior\">\n<div id=\"videonoticia\" class=\"media\">\n<figure class=\"foto  media\">\n<div id=\"multimediaPlayer_552104530\">\n<div><a class=\"posicionador\"><img data-recalc-dims=\"1\" loading=\"lazy\" decoding=\"async\" src=\"https:\/\/i0.wp.com\/vdmedia.elpais.com\/elpaistop\/201710\/5\/201710051330189_1507203060_video_1507203065.jpg?resize=640%2C358&#038;ssl=1\" width=\"640\" height=\"358\" \/><\/a><\/div>\n<\/div><figcaption class=\"foto-pie\"><span class=\"foto-texto\">V\u00eddeo que muestra el cierre de una de las conexiones del Mar Menor con el Mediterr\u00e1neo.<\/span><\/figcaption><\/figure>\n<\/div>\n<div class=\"sumario-texto\"><\/div>\n<\/div>\n<\/section>\n<p style=\"text-align: justify;\">\u00abDesde 2009, Las Enca\u00f1izadas, la principal gola del Mar Menor, ha pasado de un tama\u00f1o de entrada de 540 metros a 120 metros\u00bb, dice el investigador del Instituto Murciano de Investigaci\u00f3n y Desarrollo Agrario y Alimentario (<a href=\"http:\/\/www.imida.es\/web\/imida\" target=\"_blank\" rel=\"noopener\">IMIDA<\/a>), Manuel Erena. La mitad del estrechamiento se ha producido en los dos \u00faltimos a\u00f1os. En cuanto a la profundidad del canal, \u00abhemos pasado de un calado de 70 cent\u00edmetros a s\u00f3lo 25\u00bb, a\u00f1ade.<\/p>\n<p style=\"text-align: justify;\">El cierre de Las Enca\u00f1izadas podr\u00eda complicar la delicada situaci\u00f3n del Mar Menor. El avance de la agricultura intensiva en el circundante campo de Cartagena ha provocado un aumento en el uso de fertilizantes (nitr\u00f3geno y f\u00f3sforo principalmente). Buena parte de estos minerales llegan a los acu\u00edferos y, de ah\u00ed, al Mar Menor. Tanto nutriente favorece el crecimiento de algas invasoras como la\u00a0<em>Caulerpa prolifera<\/em>\u00a0y la abundancia de fitoplancton, lo que le da ese tono verdoso a una laguna tradicionalmente cristalina.<\/p>\n<p style=\"text-align: justify;\">Al c\u00f3ctel hay que a\u00f1adir las salmueras de las desaladoras y, en especial, la presi\u00f3n tur\u00edstica de cada verano. Tanta materia org\u00e1nica e inorg\u00e1nica acaba por enturbiar las aguas, lo que impide que la luz llegue hasta el lecho vegetal, la base de toda la cadena tr\u00f3fica. \u00abTodo lo que hay por debajo de 1,5 metros se muere\u00bb, recuerda el investigador del Imida.<\/p>\n<p style=\"text-align: justify;\">Entre mayo de 2015 y el mismo mes de este a\u00f1o, Erena y un grupo de colegas de varias universidades espa\u00f1olas y alemanas, le ha tomado el pulso a la laguna marina. Mediante una sonda han registrado la evoluci\u00f3n de los niveles de diversos par\u00e1metros, como temperatura del agua, salinidad, ox\u00edgeno disuelto, s\u00f3lidos en suspensi\u00f3n o la concentraci\u00f3n de clorofila. Esta concentraci\u00f3n es indicador de las floraciones de algas y, por tanto, de uno de los factores principales de la turbidez del agua.<\/p>\n<section id=\"sumario_1|html\" class=\"sumario_html izquierda\"><a name=\"sumario_1\"><\/a><\/p>\n<div class=\"sumario__interior\">\n<div class=\"sumario-texto\">\n<p class=\"texto_grande\">El canal de Las Enca\u00f1izadas ha pasado de 540 metros de amplitud a 120 metros en apenas una d\u00e9cada<\/p>\n<\/div>\n<\/div>\n<\/section>\n<p style=\"text-align: justify;\">Tambi\u00e9n han realizado por primera vez una completa batimetr\u00eda del fondo marino de la gola de Las Enca\u00f1izadas mediante un dron. Compararon todos estos datos con las im\u00e1genes tomadas por varios sat\u00e9lites durante las tomas de muestras. Sus c\u00e1maras no toman fotograf\u00edas convencionales ni ven como lo hace el ojo humano, lo que recogen son franjas del espectro. Pero al volcar los datos sobre las im\u00e1genes pudieron crear una serie de algoritmos para poder interpretar tanto las tomadas durante la investigaci\u00f3n como las pasadas y las que se tomen en el futuro. Los resultados de la investigaci\u00f3n se presentan en el congreso anual de la\u00a0<a href=\"http:\/\/www.aet.org.es\/\" target=\"_blank\" rel=\"noopener\">Asociaci\u00f3n Espa\u00f1ola de Teledetecci\u00f3n<\/a>.<\/p>\n<p style=\"text-align: justify;\">\u00abLo que el estudio de las lagunas costeras y el propio Mar Menor nos ha ense\u00f1ado es que su estado ecol\u00f3gico, su complejidad y su capacidad de defenderse de las agresiones humanas depende completamente de la conectividad restringida con el mar adyacente\u00bb, explica el catedr\u00e1tico de ecolog\u00eda de la Universidad de Murcia y presidente del comit\u00e9 de asesoramiento cient\u00edfico del Mar Menor, \u00c1ngel P\u00e9rez-Ruzafa. \u00abSi la conexi\u00f3n se reduce demasiado las lagunas pierden su productividad y estructura biol\u00f3gica, pero si la comunicaci\u00f3n es excesiva, tambi\u00e9n se pierden\u00bb, a\u00f1ade este experto en humedales marinos.<\/p>\n<p style=\"text-align: justify;\">Sin embargo, P\u00e9rez-Ruzafa cree que el Mar Menor puede salvarse de ser un mar muerto. \u00abPor sus singularidades hidrodin\u00e1micas y ecol\u00f3gicas tiene una gran capacidad de autoregulaci\u00f3n y recuperaci\u00f3n. Su mantenimiento depende precisamente de que sus comunicaciones con el mar Mediterr\u00e1neo no sean excesivas, pero tampoco se pierdan completamente\u00bb, sostiene. Y a\u00f1ade: \u00abSi se cortan las entradas de nutrientes y no se hacen dragados o vertidos indiscriminados, se recuperar\u00e1, como nos mostr\u00f3 esta primavera y principios de verano, pero si no se toman medidas urgentes y estructurales para que la gesti\u00f3n de las aguas y de las actuaciones en la laguna sean las adecuadas, lo perderemos irremediablemente\u00bb.<\/p>\n<p style=\"text-align: justify;\">* Los autores de la investigaci\u00f3n han elaborado una visita virtual a la zona que se puede realizar\u00a0<a href=\"http:\/\/idearm.imida.es\/marmenor\/\" target=\"_blank\" rel=\"noopener\">aqu\u00ed<\/a>.<\/p>\n<p><a href=\"https:\/\/elpais.com\/elpais\/2017\/10\/04\/ciencia\/1507141012_001919.html\">https:\/\/elpais.com\/elpais\/2017\/10\/04\/ciencia\/1507141012_001919.html<\/a><\/p>\n","protected":false},"excerpt":{"rendered":"<p>El principal canal natural que renueva sus aguas ha perdido el 80% de su extensi\u00f3n&#8230;<\/p>\n","protected":false},"author":1,"featured_media":18642,"comment_status":"closed","ping_status":"closed","sticky":false,"template":"","format":"standard","meta":{"_coblocks_attr":"","_coblocks_dimensions":"","_coblocks_responsive_height":"","_coblocks_accordion_ie_support":"","jetpack_post_was_ever_published":false,"_jetpack_newsletter_access":"","_jetpack_dont_email_post_to_subs":false,"_jetpack_newsletter_tier_id":0,"_jetpack_memberships_contains_paywalled_content":false,"_jetpack_memberships_contains_paid_content":false,"footnotes":"","jetpack_publicize_message":"","jetpack_publicize_feature_enabled":true,"jetpack_social_post_already_shared":false,"jetpack_social_options":{"image_generator_settings":{"template":"highway","default_image_id":0,"enabled":false},"version":2}},"categories":[186,44,15],"tags":[251,725,2702,99],"class_list":["post-18641","post","type-post","status-publish","format-standard","has-post-thumbnail","hentry","category-instituciones","category-noticias-de-hoy","category-ultimas-noticias","tag-contaminacion","tag-espana","tag-mar-menor","tag-medio-ambiente"],"jetpack_publicize_connections":[],"jetpack_featured_media_url":"https:\/\/i0.wp.com\/miradordeatarfe.es\/wp-content\/uploads\/2017\/10\/1507141012_001919_1507151976_noticia_normal_recorte1.jpg?fit=1960%2C1353&ssl=1","jetpack_likes_enabled":true,"jetpack_sharing_enabled":true,"_links":{"self":[{"href":"https:\/\/miradordeatarfe.es\/index.php?rest_route=\/wp\/v2\/posts\/18641","targetHints":{"allow":["GET"]}}],"collection":[{"href":"https:\/\/miradordeatarfe.es\/index.php?rest_route=\/wp\/v2\/posts"}],"about":[{"href":"https:\/\/miradordeatarfe.es\/index.php?rest_route=\/wp\/v2\/types\/post"}],"author":[{"embeddable":true,"href":"https:\/\/miradordeatarfe.es\/index.php?rest_route=\/wp\/v2\/users\/1"}],"replies":[{"embeddable":true,"href":"https:\/\/miradordeatarfe.es\/index.php?rest_route=%2Fwp%2Fv2%2Fcomments&post=18641"}],"version-history":[{"count":1,"href":"https:\/\/miradordeatarfe.es\/index.php?rest_route=\/wp\/v2\/posts\/18641\/revisions"}],"predecessor-version":[{"id":18643,"href":"https:\/\/miradordeatarfe.es\/index.php?rest_route=\/wp\/v2\/posts\/18641\/revisions\/18643"}],"wp:featuredmedia":[{"embeddable":true,"href":"https:\/\/miradordeatarfe.es\/index.php?rest_route=\/wp\/v2\/media\/18642"}],"wp:attachment":[{"href":"https:\/\/miradordeatarfe.es\/index.php?rest_route=%2Fwp%2Fv2%2Fmedia&parent=18641"}],"wp:term":[{"taxonomy":"category","embeddable":true,"href":"https:\/\/miradordeatarfe.es\/index.php?rest_route=%2Fwp%2Fv2%2Fcategories&post=18641"},{"taxonomy":"post_tag","embeddable":true,"href":"https:\/\/miradordeatarfe.es\/index.php?rest_route=%2Fwp%2Fv2%2Ftags&post=18641"}],"curies":[{"name":"wp","href":"https:\/\/api.w.org\/{rel}","templated":true}]}}