{"id":1865,"date":"2015-05-21T05:25:11","date_gmt":"2015-05-21T05:25:11","guid":{"rendered":"http:\/\/miradordeatarfe.es\/?p=1865"},"modified":"2015-05-21T05:54:54","modified_gmt":"2015-05-21T05:54:54","slug":"los-campos-de-trabajo-de-verano-organizados-por-el-instituto-aandaluz-de-la-juventud-ofertaran-400-plazas-en-andalucia","status":"publish","type":"post","link":"https:\/\/miradordeatarfe.es\/?p=1865","title":{"rendered":"Los campos de trabajo de verano organizados por el INSTITUTO AANDALUZ DE LA JUVENTUD ofertar\u00e1n 400 plazas en Andaluc\u00eda"},"content":{"rendered":"<p>El director del Instituto Andaluz de la Juventud ha presentado en C\u00e1diz las 16 actividades que conforman este programa, cuyo<strong> plazo de inscripci\u00f3n se inicia el 22 de mayo<\/strong><!--more--><\/p>\n<p class=\"\">El <a href=\"http:\/\/www.juntadeandalucia.es\/institutodelajuventud\">Instituto Andaluz de la Juventud (IAJ)<\/a> pondr\u00e1 en marcha durante los meses de julio y agosto 16 campos de trabajo, dotados con un total de 403 plazas. El director del IAJ, Ra\u00fal Perales, ha presentado en C\u00e1diz la nueva edici\u00f3n del Programa de Campos de Trabajo en Andaluc\u00eda, cuyo plazo de solicitud dar\u00e1 comienzo el d\u00eda 22 de mayo.<\/p>\n<p class=\"\">Seg\u00fan ha explicado Perales, los campos de trabajo constituyen una forma particular de voluntariado \u00abque cuenta con una larga tradici\u00f3n e implantaci\u00f3n en nuestro pa\u00eds y en todo el mundo\u00bb. Un grupo de j\u00f3venes de diferentes procedencias, de forma voluntaria y desinteresada, se compromete a desarrollar un trabajo que revierte en beneficio de la comunidad o localidad donde se desarrolla el campo.<\/p>\n<p class=\"\">La mayor\u00eda de estas actividades, ha explicado el responsable del IAJ, tiene una duraci\u00f3n de dos semanas, siendo la realizaci\u00f3n del proyecto un medio para fomentar valores de convivencia, tolerancia, solidaridad o aprendizaje intercultural.<\/p>\n<p class=\"\">Sobre la nueva edici\u00f3n del referido programa, este a\u00f1o son tres los campos de trabajo que se celebran por primera vez. Concretamente, en la provincia de Almer\u00eda tendr\u00e1 lugar, del 19 al 30 de agosto, el campo &#8216;Pr\u00e1cticas de conservaci\u00f3n y mantenimiento de h\u00e1bitats costeros del Parque Nacional Cabo de Gata-N\u00edjar&#8217;, mientras que, de car\u00e1cter tambi\u00e9n medioambiental, tendr\u00e1 lugar el denominado &#8216;V\u00eda verde de la Subb\u00e9tica&#8217; en Zuheros (C\u00f3rdoba), del 1 al 15 de agosto. Por otro lado, el municipio de Montej\u00edcar (Granada) acoger\u00e1, del 3 al 17 de agosto, el campo &#8216;La memoria trashumante. Parque etnogr\u00e1fico de los refugios de pastor&#8217;, destinado a la reconstrucci\u00f3n de antiguas viviendas utilizadas como refugios de pastor.<\/p>\n<p class=\"\">Sobre el resto de actividades previstas son &#8216;J\u00f3venes a Padules: Manantial de Las Alpujarras&#8217; (del 27 de julio al 3 de agosto) en Padules (Almer\u00eda); &#8216;Experiencias de intervenci\u00f3n social&#8217; (del 21 de julio al 1 de agosto) en C\u00e1diz; Picacho 2015 (del 17 al 28 de agosto); &#8216;Madinat al-Zahra&#8217;, en este enclave, del 13 al 25 de julio, y tambi\u00e9n en la provincia de C\u00f3rdoba &#8216;V\u00eda verde de la Subb\u00e9tica&#8217;, en Zuheros, del 1 al 15 de agosto.<\/p>\n<p class=\"\">En la provincia de Granada, junto con la primera edici\u00f3n del campo de Montej\u00edcar se celebrar\u00e1 &#8216;III Intervenci\u00f3n arqueol\u00f3gica conjunto hist\u00f3rico de T\u00f3zar&#8217;, del 2 al 14 de agosto; y en la provincia de Huelva, &#8216;Naturaleza y Cultura&#8217;, en Cortelazor, del 12 al 23 de julio; y &#8216;Encuentro entre j\u00f3venes&#8217;, en Puebla de Guzm\u00e1n, del 13 al 24 de julio.<\/p>\n<p class=\"\">En la provincia de Ja\u00e9n se celebrar\u00e1 una nueva edici\u00f3n del campo de trabajo en el Conjunto Arqueol\u00f3gico de C\u00e1stulo (Linares), del 26 de julio al 9 de agosto, y el denominado &#8216;Fortaleza de la Mota&#8217;, en Alcal\u00e1 la Real (del 27 de julio al 10 de agosto). En la de M\u00e1laga, se desarrollar\u00e1 la actividad &#8216;Por los caminos de Omar Ibn Hafsun&#8217;, en Ca\u00f1ete la Real (del 1 al 15 de agosto), y &#8216;La po\u00e9tica del espacio: Rehabilitaci\u00f3n de un claustro-jard\u00edn como espacio educativo-cultural&#8217;, del 10 al 21 de agosto.<\/p>\n<p class=\"\">Finalmente, en Sevilla tendr\u00e1 lugar el campo &#8216;Ocio y tiempo libre para j\u00f3venes con discapacidad&#8217;, en Osuna (Sevilla), del 19 de julio al 2 de agosto; y &#8216;Realidad cultural: It\u00e1lica Arqueol\u00f3gica&#8217;, en Santiponce, del 20 de julio al 1 de agosto.<\/p>\n<p class=\"\"><strong>Tem\u00e1ticas de los campos<\/strong><\/p>\n<p class=\"\">Las tem\u00e1ticas fundamentales que abordar\u00e1n estos campos son medioambiente, intervenci\u00f3n social o reconstrucci\u00f3n del patrimonio. Todos los campos est\u00e1n destinados a voluntarios de entre 18 y 30 a\u00f1os, menos el de Padules, en Almer\u00eda, que es para j\u00f3venes de edades comprendidas entre 14 y 17 a\u00f1os.<\/p>\n<p class=\"\">El plazo para acceder a la reserva de plazas en alguno de los campos de Andaluc\u00eda se abre el viernes 22 de mayo y permanecer\u00e1 abierto mientras existan plazas vacantes. La informaci\u00f3n relativa a requisitos, per\u00edodos y proceso de inscripci\u00f3n, as\u00ed como las fichas t\u00e9cnicas de los campos pueden consultarse en el siguiente enlace <a href=\"http:\/\/www.patiojoven.iaj.junta-andalucia.es\/patiojoven\/Programas\/Ocio\">http:\/\/www.patiojoven.iaj.junta-andalucia.es\/patiojoven\/Programas\/Ocio.<\/a><\/p>\n<p class=\"\">Para cualquier consulta pueden llamar a los tel\u00e9fonos de las Direcciones Provinciales del <a href=\"http:\/\/www.juntadeandalucia.es\/institutodelajuventud\">Instituto Andaluz de la Juventud<\/a> o realizarla a trav\u00e9s del correo electr\u00f3nico infocamposdetrabajo.iaj@juntadeandalucia.es.<\/p>\n","protected":false},"excerpt":{"rendered":"<p>El director del Instituto Andaluz de la Juventud ha presentado en C\u00e1diz las 16 actividades&#8230;<\/p>\n","protected":false},"author":1,"featured_media":1866,"comment_status":"closed","ping_status":"closed","sticky":false,"template":"","format":"standard","meta":{"_coblocks_attr":"","_coblocks_dimensions":"","_coblocks_responsive_height":"","_coblocks_accordion_ie_support":"","jetpack_post_was_ever_published":false,"_jetpack_newsletter_access":"","_jetpack_dont_email_post_to_subs":false,"_jetpack_newsletter_tier_id":0,"_jetpack_memberships_contains_paywalled_content":false,"_jetpack_memberships_contains_paid_content":false,"footnotes":"","jetpack_publicize_message":"","jetpack_publicize_feature_enabled":true,"jetpack_social_post_already_shared":false,"jetpack_social_options":{"image_generator_settings":{"template":"highway","default_image_id":0,"enabled":false},"version":2}},"categories":[15],"tags":[694,695],"class_list":["post-1865","post","type-post","status-publish","format-standard","has-post-thumbnail","hentry","category-ultimas-noticias","tag-campos-de-tarbajo","tag-convivencia"],"jetpack_publicize_connections":[],"jetpack_featured_media_url":"https:\/\/i0.wp.com\/miradordeatarfe.es\/wp-content\/uploads\/2015\/05\/1ajuve.jpg?fit=400%2C305&ssl=1","jetpack_likes_enabled":true,"jetpack_sharing_enabled":true,"_links":{"self":[{"href":"https:\/\/miradordeatarfe.es\/index.php?rest_route=\/wp\/v2\/posts\/1865","targetHints":{"allow":["GET"]}}],"collection":[{"href":"https:\/\/miradordeatarfe.es\/index.php?rest_route=\/wp\/v2\/posts"}],"about":[{"href":"https:\/\/miradordeatarfe.es\/index.php?rest_route=\/wp\/v2\/types\/post"}],"author":[{"embeddable":true,"href":"https:\/\/miradordeatarfe.es\/index.php?rest_route=\/wp\/v2\/users\/1"}],"replies":[{"embeddable":true,"href":"https:\/\/miradordeatarfe.es\/index.php?rest_route=%2Fwp%2Fv2%2Fcomments&post=1865"}],"version-history":[{"count":1,"href":"https:\/\/miradordeatarfe.es\/index.php?rest_route=\/wp\/v2\/posts\/1865\/revisions"}],"predecessor-version":[{"id":1867,"href":"https:\/\/miradordeatarfe.es\/index.php?rest_route=\/wp\/v2\/posts\/1865\/revisions\/1867"}],"wp:featuredmedia":[{"embeddable":true,"href":"https:\/\/miradordeatarfe.es\/index.php?rest_route=\/wp\/v2\/media\/1866"}],"wp:attachment":[{"href":"https:\/\/miradordeatarfe.es\/index.php?rest_route=%2Fwp%2Fv2%2Fmedia&parent=1865"}],"wp:term":[{"taxonomy":"category","embeddable":true,"href":"https:\/\/miradordeatarfe.es\/index.php?rest_route=%2Fwp%2Fv2%2Fcategories&post=1865"},{"taxonomy":"post_tag","embeddable":true,"href":"https:\/\/miradordeatarfe.es\/index.php?rest_route=%2Fwp%2Fv2%2Ftags&post=1865"}],"curies":[{"name":"wp","href":"https:\/\/api.w.org\/{rel}","templated":true}]}}