{"id":1868,"date":"2015-05-21T05:29:36","date_gmt":"2015-05-21T05:29:36","guid":{"rendered":"http:\/\/miradordeatarfe.es\/?p=1868"},"modified":"2015-05-22T17:14:30","modified_gmt":"2015-05-22T17:14:30","slug":"hoy-recomendamos-la-mujer-rebelde-la-historia-de-margaret-sanger","status":"publish","type":"post","link":"https:\/\/miradordeatarfe.es\/?p=1868","title":{"rendered":"HOY RECOMENDAMOS&#8230;\u00bbLA MUJER REBELDE. LA HISTORIA DE MARGARET SANGER\u00bb:"},"content":{"rendered":"<div>La mujer rebelde es la biograf\u00eda desbordante de una inconformista social y pol\u00edtica. Con el estilo caricaturesco y el\u00e1stico al que nos tiene acostumbrados, Bagge nos acerca a la vida de esta activista por el control de la natalidad, al tiempo que educadora, enfermera, madre y protofeminista, desde su nacimiento a finales del S. XIX, hasta su muerte, despu\u00e9s de la invenci\u00f3n de la p\u00edldora anticonceptiva.<\/div>\n<p><!--more--><\/p>\n<div>Bagge nos presenta a la Sanger m\u00e1s humana, mostrando c\u00f3mo su causa aliment\u00f3 un activismo feroz pero tambi\u00e9n una naturaleza compasiva. Su legado como fundadora de Planificaci\u00f3n Familiar es todav\u00eda incre\u00edblemente relevante, inspirador y significativo.<\/div>\n<div><\/div>\n<div><u>Acerca de la imagen de la cubierta:<\/u><\/div>\n<div><\/div>\n<div>Durante los a\u00f1os 20, el alcalde James Curley (responsable de la frase \u00abprohibido en Boston\u00bb) prohibi\u00f3 a Margaret Sanger hablar en p\u00fablico en Boston, Massachusetts. En 1929, los organizadores del iconoclasta Ford Hall Forum se reunieron con Sanger para buscar el modo de que participase en su \u00abfestival\u00bb anual sin violar t\u00e9cnicamente la prohibici\u00f3n. Hicieron que apareciera amordazada en el centro del escenario, mientras el historiador Arthur Schlesinger sr. (a la izquierda) le\u00eda en su nombre un discurso escrito por ella (Clarence Darrow, el famoso abogado defensor de los derechos civiles, a la derecha, dar\u00eda continuaci\u00f3n a un discurso propio).<\/div>\n<div><\/div>\n<div>Una parte del discurso de Sanger dec\u00eda:<\/div>\n<div><i>\u00abNo me interesa nada la libertad de expresi\u00f3n por s\u00ed misma. Otorgamos demasiado valor al poder de la palabra impresa y al poder de la palabra hablada. Leemos demasiado. O\u00edmos demasiado. Vivimos demasiado poco. Actuamos demasiado poco&#8230; Yo os hablo con mis actos pasados y presentes. Me han amordazado, me han reprimido, me han arrestado, me han encarcelado. Y cada vez me ha escuchado m\u00e1s gente, m\u00e1s gente ha protestado, m\u00e1s gente ha alzado la voz, m\u00e1s gente ha respondido con coraje y valent\u00eda&#8230; Como propagandista, considero una inmensa ventaja el que te amordacen. Eso podr\u00e1 silenciarme, pero hace que millones de personas hablen de m\u00ed y de la causa para la que vivo\u00bb.<\/i><\/div>\n<div><\/div>\n<div>\n<div>\u200bDel libro <i>La mujer rebelde<\/i> <a href=\"http:\/\/www.lacupula.com\/catalogo\/autor\/peter-bagge\" target=\"_blank\"> Peter Bagge<\/a> \u200b<a href=\"http:\/\/www.lacupula.com\/catalogo\/la-mujer-rebelde\" target=\"_blank\">http:\/\/www.lacupula.com\/<wbr \/>catalogo\/la-mujer-rebelde<\/a><\/div>\n<\/div>\n","protected":false},"excerpt":{"rendered":"<p>La mujer rebelde es la biograf\u00eda desbordante de una inconformista social y pol\u00edtica. Con el&#8230;<\/p>\n","protected":false},"author":1,"featured_media":1869,"comment_status":"closed","ping_status":"closed","sticky":false,"template":"","format":"standard","meta":{"_coblocks_attr":"","_coblocks_dimensions":"","_coblocks_responsive_height":"","_coblocks_accordion_ie_support":"","jetpack_post_was_ever_published":false,"_jetpack_newsletter_access":"","_jetpack_dont_email_post_to_subs":false,"_jetpack_newsletter_tier_id":0,"_jetpack_memberships_contains_paywalled_content":false,"_jetpack_memberships_contains_paid_content":false,"footnotes":"","jetpack_publicize_message":"","jetpack_publicize_feature_enabled":true,"jetpack_social_post_already_shared":false,"jetpack_social_options":{"image_generator_settings":{"template":"highway","default_image_id":0,"enabled":false},"version":2}},"categories":[14,1],"tags":[21,350,459],"class_list":["post-1868","post","type-post","status-publish","format-standard","has-post-thumbnail","hentry","category-feminismo","category-uncategorized","tag-igualdad","tag-libertad","tag-libros"],"jetpack_publicize_connections":[],"jetpack_featured_media_url":"https:\/\/i0.wp.com\/miradordeatarfe.es\/wp-content\/uploads\/2015\/05\/MUJE.jpg?fit=681%2C886&ssl=1","jetpack_likes_enabled":true,"jetpack_sharing_enabled":true,"_links":{"self":[{"href":"https:\/\/miradordeatarfe.es\/index.php?rest_route=\/wp\/v2\/posts\/1868","targetHints":{"allow":["GET"]}}],"collection":[{"href":"https:\/\/miradordeatarfe.es\/index.php?rest_route=\/wp\/v2\/posts"}],"about":[{"href":"https:\/\/miradordeatarfe.es\/index.php?rest_route=\/wp\/v2\/types\/post"}],"author":[{"embeddable":true,"href":"https:\/\/miradordeatarfe.es\/index.php?rest_route=\/wp\/v2\/users\/1"}],"replies":[{"embeddable":true,"href":"https:\/\/miradordeatarfe.es\/index.php?rest_route=%2Fwp%2Fv2%2Fcomments&post=1868"}],"version-history":[{"count":1,"href":"https:\/\/miradordeatarfe.es\/index.php?rest_route=\/wp\/v2\/posts\/1868\/revisions"}],"predecessor-version":[{"id":1870,"href":"https:\/\/miradordeatarfe.es\/index.php?rest_route=\/wp\/v2\/posts\/1868\/revisions\/1870"}],"wp:featuredmedia":[{"embeddable":true,"href":"https:\/\/miradordeatarfe.es\/index.php?rest_route=\/wp\/v2\/media\/1869"}],"wp:attachment":[{"href":"https:\/\/miradordeatarfe.es\/index.php?rest_route=%2Fwp%2Fv2%2Fmedia&parent=1868"}],"wp:term":[{"taxonomy":"category","embeddable":true,"href":"https:\/\/miradordeatarfe.es\/index.php?rest_route=%2Fwp%2Fv2%2Fcategories&post=1868"},{"taxonomy":"post_tag","embeddable":true,"href":"https:\/\/miradordeatarfe.es\/index.php?rest_route=%2Fwp%2Fv2%2Ftags&post=1868"}],"curies":[{"name":"wp","href":"https:\/\/api.w.org\/{rel}","templated":true}]}}