{"id":18684,"date":"2017-10-13T08:26:53","date_gmt":"2017-10-13T06:26:53","guid":{"rendered":"http:\/\/miradordeatarfe.es\/?p=18684"},"modified":"2017-10-09T22:29:25","modified_gmt":"2017-10-09T20:29:25","slug":"la-vega-de-granada-se-hunde-hasta-un-centimetro-al-ano-por-la-sequia","status":"publish","type":"post","link":"https:\/\/miradordeatarfe.es\/?p=18684","title":{"rendered":"La Vega de Granada se hunde hasta un cent\u00edmetro al a\u00f1o por la sequ\u00eda"},"content":{"rendered":"<p>Tres sat\u00e9lites espaciales han monitorizado las variaciones del terreno de la Vega desde el a\u00f1o 2003, dentro de un estudio de la Universidad de Granada y el Instituto Geol\u00f3gico y Minero de Espa\u00f1a<!--more--><\/p>\n<p style=\"text-align: justify;\">El Instituto Geol\u00f3gico y Minero de Espa\u00f1a y la Universidad de Granada han demostrado, gracias a un an\u00e1lisis de las variaciones del terreno -hundimientos y elevaciones-, que\u00a0<strong>la Vega de Granada se hunde hasta un cent\u00edmetro al a\u00f1o durante periodos secos<\/strong>.<\/p>\n<p style=\"text-align: justify;\">Para ello, seg\u00fan ha informado este lunes en un comunicado, han procesado las\u00a0<strong>im\u00e1genes de radar obtenidas desde 2003<\/strong>\u00a0por tres sat\u00e9lites espaciales diferentes y han logrado una precisi\u00f3n milim\u00e9trica en el estudio.<\/p>\n<p style=\"text-align: justify;\">En paralelo, se ha llevado a cabo un seguimiento de la explotaci\u00f3n del acu\u00edfero de la Vega de Granada durante los \u00faltimos trece a\u00f1os para conocer d\u00f3nde se han producido los mayores focos de aprovechamiento, seg\u00fan los descensos o subidas del nivel fre\u00e1tico en el acu\u00edfero.<\/p>\n<p style=\"text-align: justify;\">Adicionalmente, el estudio incluye un reconocimiento geol\u00f3gico del terreno mediante la interpretaci\u00f3n de sondeos ejecutados en la Vega de Granada\u00a0<strong>desde la d\u00e9cada de los 70<\/strong>.<\/p>\n<p style=\"text-align: justify;\">Los resultados ponen de manifiesto que durante el periodo seco 2003-2009, el acu\u00edfero fue explotado con mayor intensidad en la zona de\u00a0<strong>Armilla, Atarfe, Chauchina y Santa Fe<\/strong>, lo que gener\u00f3 hundimientos del terreno de hasta un cent\u00edmetro al a\u00f1o en zonas localizadas al norte de Chauchina, el n\u00facleo urbano de Santa Fe, el este de Vegas del Genil, as\u00ed como en Atarfe y el sur de Maracena.<\/p>\n<p style=\"text-align: justify;\">Estas \u00e1reas coinciden curiosamente con una mayor presencia de arcillas en el subsuelo, que se compactan durante las bajadas del nivel del acu\u00edfero.<\/p>\n<p style=\"text-align: justify;\">En el periodo m\u00e1s lluvioso, entre los a\u00f1os 2011-2014, los focos de hundimiento del terreno desaparecen, aunque se detectan hundimientos importantes, de casi 13 mil\u00edmetros al a\u00f1o,\u00a0<strong>en el entorno del aeropuerto y en el n\u00facleo urbano de Cijuela<\/strong>, debido a obras que conllevaron movimientos de tierra en ambas zonas.<\/p>\n<p style=\"text-align: justify;\">En los \u00faltimos a\u00f1os (2015-2016) tan solo se detectan peque\u00f1os n\u00facleos de hundimiento al\u00a0<strong>noreste de Maracena<\/strong>, aunque su origen es desconocido.<\/p>\n<p style=\"text-align: justify;\">El director del departamento de Geodin\u00e1mica de la UGR, Jos\u00e9 Miguel Aza\u00f1\u00f3n, y Rosa Mar\u00eda Mateos, de la Unidad de Granada del Instituto Geol\u00f3gico y Minero de Espa\u00f1a, son los responsables de esta investigaci\u00f3n.<\/p>\n<p style=\"text-align: justify;\">Aza\u00f1\u00f3n y Mateos apuntan que\u00a0<strong>los datos obtenidos no son nada alarmantes y no implican riesgo alguno por el momento<\/strong>, s\u00ed son de enorme inter\u00e9s para una gesti\u00f3n adecuada del acu\u00edfero, especialmente durante los periodos de sequ\u00eda, como el de la actualidad.<\/p>\n<p style=\"text-align: justify;\">En zonas muy vulnerables, con elevado contenido en arcillas, bajadas de tan solo un par de metros del nivel fre\u00e1tico podr\u00edan generar hundimientos del terreno que, de acumularse, pueden suponer subsidencias de varios cent\u00edmetros a la d\u00e9cada y\u00a0<strong>representar un peligro a largo plazo<\/strong>\u00a0para los n\u00facleos urbanos asentados en la Vega de Granada, han se\u00f1alado los investigadores.<\/p>\n<p style=\"text-align: justify;\">Aza\u00f1\u00f3n y Mateos destacan c\u00f3mo se han detectado\u00a0<strong>grietas en calles y aceras del municipio de Otura<\/strong>\u00a0a causa de este fen\u00f3meno.<\/p>\n<p style=\"text-align: justify;\">El verdadero riesgo lo producen las deformaciones diferenciales, es decir, el hecho de que se generen hundimientos en determinadas calles o zonas y no en otras anexas.<\/p>\n<p style=\"text-align: justify;\">Sin embargo, la mayor parte de las deformaciones detectadas resultan menos peligrosas al producirse de forma conjunta.<\/p>\n<p>&nbsp;<\/p>\n<p>http:\/\/www.ideal.es\/miugr\/vega-granada-hunde-20171009135815-nt.html<\/p>\n","protected":false},"excerpt":{"rendered":"<p>Tres sat\u00e9lites espaciales han monitorizado las variaciones del terreno de la Vega desde el a\u00f1o&#8230;<\/p>\n","protected":false},"author":1,"featured_media":0,"comment_status":"closed","ping_status":"closed","sticky":false,"template":"","format":"standard","meta":{"_coblocks_attr":"","_coblocks_dimensions":"","_coblocks_responsive_height":"","_coblocks_accordion_ie_support":"","jetpack_post_was_ever_published":false,"_jetpack_newsletter_access":"","_jetpack_dont_email_post_to_subs":false,"_jetpack_newsletter_tier_id":0,"_jetpack_memberships_contains_paywalled_content":false,"_jetpack_memberships_contains_paid_content":false,"footnotes":"","jetpack_publicize_message":"","jetpack_publicize_feature_enabled":true,"jetpack_social_post_already_shared":false,"jetpack_social_options":{"image_generator_settings":{"template":"highway","default_image_id":0,"enabled":false},"version":2}},"categories":[186,44,15],"tags":[99,1877,2294],"class_list":["post-18684","post","type-post","status-publish","format-standard","hentry","category-instituciones","category-noticias-de-hoy","category-ultimas-noticias","tag-medio-ambiente","tag-sequia","tag-vega"],"jetpack_publicize_connections":[],"jetpack_featured_media_url":"","jetpack_likes_enabled":true,"jetpack_sharing_enabled":true,"_links":{"self":[{"href":"https:\/\/miradordeatarfe.es\/index.php?rest_route=\/wp\/v2\/posts\/18684","targetHints":{"allow":["GET"]}}],"collection":[{"href":"https:\/\/miradordeatarfe.es\/index.php?rest_route=\/wp\/v2\/posts"}],"about":[{"href":"https:\/\/miradordeatarfe.es\/index.php?rest_route=\/wp\/v2\/types\/post"}],"author":[{"embeddable":true,"href":"https:\/\/miradordeatarfe.es\/index.php?rest_route=\/wp\/v2\/users\/1"}],"replies":[{"embeddable":true,"href":"https:\/\/miradordeatarfe.es\/index.php?rest_route=%2Fwp%2Fv2%2Fcomments&post=18684"}],"version-history":[{"count":1,"href":"https:\/\/miradordeatarfe.es\/index.php?rest_route=\/wp\/v2\/posts\/18684\/revisions"}],"predecessor-version":[{"id":18685,"href":"https:\/\/miradordeatarfe.es\/index.php?rest_route=\/wp\/v2\/posts\/18684\/revisions\/18685"}],"wp:attachment":[{"href":"https:\/\/miradordeatarfe.es\/index.php?rest_route=%2Fwp%2Fv2%2Fmedia&parent=18684"}],"wp:term":[{"taxonomy":"category","embeddable":true,"href":"https:\/\/miradordeatarfe.es\/index.php?rest_route=%2Fwp%2Fv2%2Fcategories&post=18684"},{"taxonomy":"post_tag","embeddable":true,"href":"https:\/\/miradordeatarfe.es\/index.php?rest_route=%2Fwp%2Fv2%2Ftags&post=18684"}],"curies":[{"name":"wp","href":"https:\/\/api.w.org\/{rel}","templated":true}]}}