{"id":1874,"date":"2015-05-23T06:45:51","date_gmt":"2015-05-23T06:45:51","guid":{"rendered":"http:\/\/miradordeatarfe.es\/?p=1874"},"modified":"2015-05-23T11:22:59","modified_gmt":"2015-05-23T11:22:59","slug":"la-crisis-de-los-50-hablando-en-la-segunda-mitad-de-la-vida","status":"publish","type":"post","link":"https:\/\/miradordeatarfe.es\/?p=1874","title":{"rendered":"La crisis de los 50. Hablando en la segunda mitad de la vida"},"content":{"rendered":"<p style=\"text-align: justify;\"><strong>Al hablar de la crisis de los 50 a\u00f1os, y en este caso en hombres, es plantarse casi de pronto en un mar de cambios f\u00edsicos, emocionales, sociales, sexuales y c\u00f3mo no, espirituales. De eso se ocupa Fina Sanz en este nuevo libro, aparecido despu\u00e9s de hablar de la crisis de los 50 en mujeres en el volumen \u201cDi\u00e1logos de mujeres sabias\u201d, publicado tambi\u00e9n por Kair\u00f3s.<\/strong><!--more--><\/p>\n<p style=\"text-align: justify;\">\u00a0Los 50 a\u00f1os parecen una fecha m\u00edtica en la vida de cualquier persona. En mi caso y cuando esto escribo (febrero de 2015), ando a poco m\u00e1s de un a\u00f1o de \u201cpasar el rubic\u00f3n\u201d y, m\u00e1s que nunca, y desde la perspectiva de la pr\u00e1ctica de mindfulness o atenci\u00f3n plena, tengo por seguro que los pasos siguientes se han de vivir desde la presencia m\u00e1s absoluta y de que, <strong>de cada cual, depende que la crisis de los 50 sea la firma de tu cambio o el estancamiento en el \u201crien ne va plus\u201d <em>(no va m\u00e1s)<\/em> de la ruleta de la vida.<\/strong><\/p>\n<p style=\"text-align: justify;\">Descurb\u00ed a Fina Sanz a trav\u00e9s de mi pasi\u00f3n por la fotograf\u00eda y en el intento (ya he dado varios talleres) de unir fotograf\u00eda y mindfulness; lo que voy haciendo desde <strong>www.fotomontoya.es<\/strong>. Fina hab\u00eda escrito un magn\u00edfico libro que me hizo descubrir la relaci\u00f3n que yo buscaba, <strong>\u201cFotobiograf\u00eda\u201d<\/strong> y a partir de su lectura descubr\u00ed el volumen que ahora te presento.<\/p>\n<p style=\"text-align: justify;\">La autora logra unir a Armando, Jorge, Pablo, Pep, Rosendo y Sergio (nombres supuestos para salvaguardar su intimidad) que est\u00e1n a punto de entrar en la crisis de los 50 o ya han atravesado la m\u00edtica fecha, y que nos cuentan lo que ellos sienten sin limitaciones ni tapujos.<\/p>\n<p style=\"text-align: justify;\">De esta manera, Fina Sanz y desde una extraordinaria delicadeza y sensibilidad, hace que estos seres humanos den rienda suelta a sus pensamientos, ideas, pasiones, temores y esperanzas, centrando la experiencia de <strong>escucharles hablar en torno a varios temas o ejes centrales.<\/strong><\/p>\n<p style=\"text-align: justify;\"><strong>Los cambios f\u00edsicos, emocionales, la sexualidad, la espiritualidad y la vida social,<\/strong> son los cap\u00edtulos que conforman este interesante volumen que recomiendo a quienes est\u00e1n a punto de entrar en la famosa crisis de los 50 o los que ya la han atravesado.<\/p>\n<p>Es un libro en el que hablan hombres; pero no es un libro para hombres, como el de \u201cdi\u00e1logo de mujeres sabias\u201d no es un texto de mujeres para mujeres. <strong>Mi recomendaci\u00f3n (as\u00ed lo he hecho yo) es leer los dos para compartir y conocer la experiencia tanto masculina como femenina de una \u00e9poca que puede ser de gran potencial vital o un periodo de dura incertidumbre.<\/strong> Como siempre, y desde el trabajo de la atenci\u00f3n pena, va a depender muchas veces de como re re-posiciones frente a esta etapa.<\/p>\n<p>Con pr\u00f3logo de Juli\u00e1n Fern\u00e1ndez de Quero Lucer\u00f3n y cap\u00edtulo final de la propia autora, el libro que te propongo aqu\u00ed ha de ser una puerta a tu reflexi\u00f3n sobre la tan manida y nombrada la crisis de los 50 a\u00f1os o la media vida.<\/p>\n<p>Uno de los problema m\u00e1s acuciantes de los que hablan quienes participan en el libro, es el del desempleo. Al final, cuando cierra el libro Fina Sanz, nos muestra un \u00faltimo escrito de uno de los participantes que, a buen seguro, ser\u00e1 motivo de reflexi\u00f3n.<\/p>\n<p>Me quedo con la \u00faltima frase que Sergio deja en su carta: <strong>\u201ctrabajar para dignificar la vida, el mundo\u201d.<\/strong><\/p>\n<p>&nbsp;<\/p>\n<p>PUBLICADO EN : http:\/\/plenaccion.es\/la-crisis-de-los-50\/<\/p>\n","protected":false},"excerpt":{"rendered":"<p>Al hablar de la crisis de los 50 a\u00f1os, y en este caso en hombres,&#8230;<\/p>\n","protected":false},"author":1,"featured_media":1876,"comment_status":"closed","ping_status":"closed","sticky":false,"template":"","format":"standard","meta":{"_coblocks_attr":"","_coblocks_dimensions":"","_coblocks_responsive_height":"","_coblocks_accordion_ie_support":"","jetpack_post_was_ever_published":false,"_jetpack_newsletter_access":"","_jetpack_dont_email_post_to_subs":false,"_jetpack_newsletter_tier_id":0,"_jetpack_memberships_contains_paywalled_content":false,"_jetpack_memberships_contains_paid_content":false,"footnotes":"","jetpack_publicize_message":"","jetpack_publicize_feature_enabled":true,"jetpack_social_post_already_shared":false,"jetpack_social_options":{"image_generator_settings":{"template":"highway","default_image_id":0,"enabled":false},"version":2}},"categories":[12,9,15],"tags":[701,213,702],"class_list":["post-1874","post","type-post","status-publish","format-standard","has-post-thumbnail","hentry","category-cultura","category-medio-ambiente","category-ultimas-noticias","tag-crisis","tag-emociones","tag-sentimientos"],"jetpack_publicize_connections":[],"jetpack_featured_media_url":"https:\/\/i0.wp.com\/miradordeatarfe.es\/wp-content\/uploads\/2015\/05\/50.jpg?fit=300%2C168&ssl=1","jetpack_likes_enabled":true,"jetpack_sharing_enabled":true,"_links":{"self":[{"href":"https:\/\/miradordeatarfe.es\/index.php?rest_route=\/wp\/v2\/posts\/1874","targetHints":{"allow":["GET"]}}],"collection":[{"href":"https:\/\/miradordeatarfe.es\/index.php?rest_route=\/wp\/v2\/posts"}],"about":[{"href":"https:\/\/miradordeatarfe.es\/index.php?rest_route=\/wp\/v2\/types\/post"}],"author":[{"embeddable":true,"href":"https:\/\/miradordeatarfe.es\/index.php?rest_route=\/wp\/v2\/users\/1"}],"replies":[{"embeddable":true,"href":"https:\/\/miradordeatarfe.es\/index.php?rest_route=%2Fwp%2Fv2%2Fcomments&post=1874"}],"version-history":[{"count":1,"href":"https:\/\/miradordeatarfe.es\/index.php?rest_route=\/wp\/v2\/posts\/1874\/revisions"}],"predecessor-version":[{"id":1875,"href":"https:\/\/miradordeatarfe.es\/index.php?rest_route=\/wp\/v2\/posts\/1874\/revisions\/1875"}],"wp:featuredmedia":[{"embeddable":true,"href":"https:\/\/miradordeatarfe.es\/index.php?rest_route=\/wp\/v2\/media\/1876"}],"wp:attachment":[{"href":"https:\/\/miradordeatarfe.es\/index.php?rest_route=%2Fwp%2Fv2%2Fmedia&parent=1874"}],"wp:term":[{"taxonomy":"category","embeddable":true,"href":"https:\/\/miradordeatarfe.es\/index.php?rest_route=%2Fwp%2Fv2%2Fcategories&post=1874"},{"taxonomy":"post_tag","embeddable":true,"href":"https:\/\/miradordeatarfe.es\/index.php?rest_route=%2Fwp%2Fv2%2Ftags&post=1874"}],"curies":[{"name":"wp","href":"https:\/\/api.w.org\/{rel}","templated":true}]}}