{"id":18768,"date":"2017-10-16T12:20:31","date_gmt":"2017-10-16T10:20:31","guid":{"rendered":"http:\/\/miradordeatarfe.es\/?p=18768"},"modified":"2023-10-21T10:53:48","modified_gmt":"2023-10-21T08:53:48","slug":"18768","status":"publish","type":"post","link":"https:\/\/miradordeatarfe.es\/?p=18768","title":{"rendered":"LA ERMITA MAYOR DE MEDINA ELVIRA por Jos\u00e9 Enrique Granados"},"content":{"rendered":"<div>\u00a0<\/div>\n<div id=\"content_container\">\n<div>\n<div class=\"clearfix\">\n<div class=\"_14iw _1qkq _1qku\">\n<div>\n<div id=\"u_0_2d\" class=\"_2pie\">\n<div id=\"pages_side_column\" class=\"_57dz\">\n<div id=\"id_59e4866e42aa93989312051\" data-referrer=\"id_59e4866e42aa93989312051\">\n<div class=\"_3-95\">\n<div>\n<div id=\"PagePopularSharesPagelet_732817910137560\" data-referrer=\"PagePopularSharesPagelet_732817910137560\">\u00a0Fue Carlos V\u00edlchez por aquellos entonces director del Museo Arqueol\u00f3gico y Etnol\u00f3gico de Granada quien en 2003 nos acerc\u00f3 al conocimiento de la mezquita mayor de Medina Elvira, en el art\u00edculo publicado en el especial de las fiestas de IDEAL.<!--more--><\/div>\n<\/div>\n<\/div>\n<\/div>\n<\/div>\n<\/div>\n<\/div>\n<\/div>\n<div class=\"_2pie _14i5 _1qkq _1qkx\" role=\"main\">\n<div id=\"pagelet_timeline_main_column\">\n<div id=\"u_0_2f\">\n<div class=\"_1xnd\">\n<div class=\"_4-u2 _4-u8\">\n<div class=\"permalinkPost\">\n<div class=\"_5pcb\">\n<div role=\"feed\">\n<div id=\"u_0_n\" class=\"_4-u2 mbm _4mrt _5jmm _5pat _5v3q _4-u8\" role=\"article\" data-fte=\"1\" data-ftr=\"1\" aria-labelledby=\"js_1n\" aria-describedby=\"js_1o js_1p\" data-insertion-position=\"0\">\n<div id=\"u_0_q\" class=\"_3ccb\" data-ft=\"{&quot;tn&quot;:&quot;-R&quot;}\" data-gt=\"{&quot;type&quot;:&quot;click2canvas&quot;,&quot;fbsource&quot;:703,&quot;ref&quot;:&quot;nf_generic&quot;}\">\n<div class=\"_5pcr fbUserStory\" data-ft=\"{&quot;tn&quot;:&quot;-R&quot;}\">\n<div class=\"_1dwg _1w_m\">\n<div>\n<div id=\"js_1p\" class=\"_5pbx userContent _3576\" data-ft=\"{&quot;tn&quot;:&quot;K&quot;}\">\n<p style=\"text-align: justify;\">En aquel art\u00edculo pudimos leer que: <em>\u201cla mezquita mayor era un edificio grande, porque el solar ten\u00eda aproximadamente de cinco a seis mil metros cuadrados, de muros de piedra franca, como corroboran los muros aparecidos en la pseudoexcavaci\u00f3n de la Comisi\u00f3n de Monumentos en 1874 y los extra\u00eddos por Joaqu\u00edn Lisbona el mismo a\u00f1o. El suelo probablemente fuera de piedra de Sierra Elvira, aunque se hallaron pocos restos en 1874. S\u00ed existe certeza de que estaba recubierto por estera de esparto como lo confirman las huellas dejadas por \u00e9l en el plomo que fundido cay\u00f3 en el incendio y cuyos restos guardamos en el Museo Arqueol\u00f3gico.<\/em><\/p>\n<p style=\"text-align: justify;\"><em>La sala de oraci\u00f3n (haram), de la que desconocemos sus dimensiones, estaba sostenida por grandes columnas de m\u00e1rmol, se hall\u00f3 en 1874 un resto de fuste que med\u00eda unos 2 metros de largo por 42 cm. de ancho, con basas, y con capiteles corintios, uno se hall\u00f3 negro, probablemente de procedencia romana, como ocurre en la mezquita de C\u00f3rdoba.<\/em><\/p>\n<p style=\"text-align: justify;\"><em>No cabe duda que estos materiales proceder\u00e1n de la ciudad tardorromana de Castilia, sobre la que a se asienta Medina Elvira. Su mihrab parece que estaba orientado al Sur como el de la mezquita de C\u00f3rdoba ambos marcados por Hanas Abu \u2018Abd Allah al-San\u2019ani. El techo, que ser\u00eda de madera, estaba recubierto de planchas de plomo, recu\u00e9rdesen los restos en donde est\u00e1 grabada la estera del suelo, siguiendo la tradici\u00f3n que hab\u00eda en otras mezquitas omeyas como en las mezquitas de C\u00fapula de la Roca en Jerusalem, erigida por el califa &#8216;Abd al-Malik hacia el 691, y la mezquita mayor de Damasco erigida por su hijo el califa al-Walid a partir del a\u00f1o 706.<\/em><\/p>\n<p style=\"text-align: justify;\"><em>La mezquita aljama de Medina Elvira era importante y en sus puertas se ve\u00edan a veces, seg\u00fan Ibn Hayyan, cincuenta bocados de plata de otras tantas cabalgaduras. Ibn al-Jatib, posiblemente siguiendo la idea de Ibn Hayyan, afirma que despu\u00e9s de la reforma de la mezquita que hizo Muhammad I los soldados sirios de Damasco, que no viv\u00edan en la ciudad sino en sus alrededores, iban a orar los viernes a la mezquita y ofrec\u00edan \u201ceste gran espect\u00e1culo semanal con su desfile militar enjaezados sus caballos con sus m\u00e1s ricos ornamentos\u201d.<\/em><\/p>\n<p style=\"text-align: justify;\"><em>La riqueza de esta mezquita viene corroborada por las l\u00e1mparas de platillo halladas en 1874\u201d\u2026..<\/em><\/p>\n<p style=\"text-align: justify;\"><em>\u201c\u2026\u2026.Estas l\u00e1mparas, realizadas en bronce fundido, est\u00e1n formadas por un disco o platillo plano con adornos calados, con tres anillas de las que se asen tres cadenas que penden de un humero o colgadero semiesf\u00e9rico anillado, y desde all\u00ed otra cadena lo une a una bola con anilla para colgar del techo. Dentro de los c\u00edrculos del platillo se colocaban unos recipientes c\u00f3nicos de vidrio soplado en los que ard\u00eda la mariposa que flotaba en el aceite, sobre agua, que iluminaba la mezquita\u201d\u2026\u2026..<\/em><\/p>\n<p style=\"text-align: justify;\">Curiosidades elvirenses.<\/p>\n<p><a href=\"https:\/\/i0.wp.com\/miradordeatarfe.es\/wp-content\/uploads\/2017\/10\/22255125_1529003417185668_482425781936681731_o.jpg?ssl=1\"><img data-recalc-dims=\"1\" loading=\"lazy\" decoding=\"async\" class=\"size-full wp-image-18769 alignleft\" src=\"https:\/\/i0.wp.com\/miradordeatarfe.es\/wp-content\/uploads\/2017\/10\/22255125_1529003417185668_482425781936681731_o.jpg?resize=640%2C1164&#038;ssl=1\" alt=\"\" width=\"640\" height=\"1164\" srcset=\"https:\/\/i0.wp.com\/miradordeatarfe.es\/wp-content\/uploads\/2017\/10\/22255125_1529003417185668_482425781936681731_o.jpg?w=1126&amp;ssl=1 1126w, https:\/\/i0.wp.com\/miradordeatarfe.es\/wp-content\/uploads\/2017\/10\/22255125_1529003417185668_482425781936681731_o.jpg?resize=165%2C300&amp;ssl=1 165w, https:\/\/i0.wp.com\/miradordeatarfe.es\/wp-content\/uploads\/2017\/10\/22255125_1529003417185668_482425781936681731_o.jpg?resize=768%2C1397&amp;ssl=1 768w, https:\/\/i0.wp.com\/miradordeatarfe.es\/wp-content\/uploads\/2017\/10\/22255125_1529003417185668_482425781936681731_o.jpg?resize=563%2C1024&amp;ssl=1 563w, https:\/\/i0.wp.com\/miradordeatarfe.es\/wp-content\/uploads\/2017\/10\/22255125_1529003417185668_482425781936681731_o.jpg?resize=600%2C1091&amp;ssl=1 600w\" sizes=\"auto, (max-width: 640px) 100vw, 640px\" \/><\/a><\/p>\n<\/div>\n<\/div>\n<\/div>\n<\/div>\n<\/div>\n<\/div>\n<\/div>\n<\/div>\n<\/div>\n<\/div>\n<\/div>\n<\/div>\n<\/div>\n<\/div>\n<\/div>\n<\/div>\n<\/div>\n<p>&nbsp;<\/p>\n","protected":false},"excerpt":{"rendered":"<p>\u00a0 \u00a0Fue Carlos V\u00edlchez por aquellos entonces director del Museo Arqueol\u00f3gico y Etnol\u00f3gico de Granada&#8230;<\/p>\n","protected":false},"author":1,"featured_media":18770,"comment_status":"closed","ping_status":"closed","sticky":false,"template":"","format":"standard","meta":{"_coblocks_attr":"","_coblocks_dimensions":"","_coblocks_responsive_height":"","_coblocks_accordion_ie_support":"","jetpack_post_was_ever_published":false,"_jetpack_newsletter_access":"","_jetpack_dont_email_post_to_subs":false,"_jetpack_newsletter_tier_id":0,"_jetpack_memberships_contains_paywalled_content":false,"_jetpack_memberships_contains_paid_content":false,"footnotes":"","jetpack_publicize_message":"","jetpack_publicize_feature_enabled":true,"jetpack_social_post_already_shared":false,"jetpack_social_options":{"image_generator_settings":{"template":"highway","default_image_id":0,"enabled":false},"version":2}},"categories":[1225,38,5359,10431],"tags":[81,4230],"class_list":["post-18768","post","type-post","status-publish","format-standard","has-post-thumbnail","hentry","category-ha-de-atarfe","category-opinion-de-jose-enrique-granados","category-madinat-ilbira","category-medina-elvira-2","tag-atarfe","tag-mezquita-mayor"],"jetpack_publicize_connections":[],"jetpack_featured_media_url":"https:\/\/i0.wp.com\/miradordeatarfe.es\/wp-content\/uploads\/2017\/10\/images-6.jpg?fit=318%2C159&ssl=1","jetpack_likes_enabled":true,"jetpack_sharing_enabled":true,"_links":{"self":[{"href":"https:\/\/miradordeatarfe.es\/index.php?rest_route=\/wp\/v2\/posts\/18768","targetHints":{"allow":["GET"]}}],"collection":[{"href":"https:\/\/miradordeatarfe.es\/index.php?rest_route=\/wp\/v2\/posts"}],"about":[{"href":"https:\/\/miradordeatarfe.es\/index.php?rest_route=\/wp\/v2\/types\/post"}],"author":[{"embeddable":true,"href":"https:\/\/miradordeatarfe.es\/index.php?rest_route=\/wp\/v2\/users\/1"}],"replies":[{"embeddable":true,"href":"https:\/\/miradordeatarfe.es\/index.php?rest_route=%2Fwp%2Fv2%2Fcomments&post=18768"}],"version-history":[{"count":7,"href":"https:\/\/miradordeatarfe.es\/index.php?rest_route=\/wp\/v2\/posts\/18768\/revisions"}],"predecessor-version":[{"id":64232,"href":"https:\/\/miradordeatarfe.es\/index.php?rest_route=\/wp\/v2\/posts\/18768\/revisions\/64232"}],"wp:featuredmedia":[{"embeddable":true,"href":"https:\/\/miradordeatarfe.es\/index.php?rest_route=\/wp\/v2\/media\/18770"}],"wp:attachment":[{"href":"https:\/\/miradordeatarfe.es\/index.php?rest_route=%2Fwp%2Fv2%2Fmedia&parent=18768"}],"wp:term":[{"taxonomy":"category","embeddable":true,"href":"https:\/\/miradordeatarfe.es\/index.php?rest_route=%2Fwp%2Fv2%2Fcategories&post=18768"},{"taxonomy":"post_tag","embeddable":true,"href":"https:\/\/miradordeatarfe.es\/index.php?rest_route=%2Fwp%2Fv2%2Ftags&post=18768"}],"curies":[{"name":"wp","href":"https:\/\/api.w.org\/{rel}","templated":true}]}}