{"id":1877,"date":"2015-05-23T09:53:13","date_gmt":"2015-05-23T09:53:13","guid":{"rendered":"http:\/\/miradordeatarfe.es\/?p=1877"},"modified":"2015-05-20T09:57:02","modified_gmt":"2015-05-20T09:57:02","slug":"paraguay-nina-de-10-anos-embarazada-por-violacion-en-peligro","status":"publish","type":"post","link":"https:\/\/miradordeatarfe.es\/?p=1877","title":{"rendered":"Paraguay: ni\u00f1a de 10 a\u00f1os embarazada por violaci\u00f3n, en peligro"},"content":{"rendered":"<div class=\"ai-mobile-accion-entrada\">\n<p class=\"bodytext\">El gobierno debe proteger el derecho a la vida y la salud f\u00edsica y mental de una ni\u00f1a violada por su padrastro y embarazada de cinco meses.El 21 de abril, la ni\u00f1a lleg\u00f3 con su madre al Hospital Materno Infantil de Trinidad, en Asunci\u00f3n, quej\u00e1ndose de dolor de est\u00f3mago. Al examinarla, los m\u00e9dicos determinaron que estaba embarazada de 21 semanas. <b>Un embarazo provocado por la violaci\u00f3n de su padrastro.<\/b><\/p>\n<\/div>\n<p><!--more--><\/p>\n<div id=\"texto\">\n<p class=\"bodytext\">Hasta la fecha, el Estado no ha garantizado que todas las posibles opciones para manejar este embarazo de alto riesgo, incluida la opci\u00f3n de un aborto seguro, est\u00e9n a su alcance. Hace ya cuatro d\u00edas que la madre solicit\u00f3 la interrupci\u00f3n voluntaria del embarazo de su hija por su temprana edad y el alto riesgo a su salud y vida.<\/p>\n<p class=\"bodytext\">En Paraguay el aborto s\u00f3lo est\u00e1 permitido cuando la vida de la mujer o la ni\u00f1a embarazada corre peligro.<\/p>\n<p class=\"bodytext\">Es urgente que el panel de expertos recientemente autorizados por la juez eval\u00fae r\u00e1pidamente a la ni\u00f1a de manera integral y garantice todos sus <b>derechos humanos<\/b>, en particular su derecho a la vida, la salud y la integridad f\u00edsica y psicol\u00f3gica.<\/p>\n<p class=\"bodytext\">Seg\u00fan datos del Fondo de Poblaci\u00f3n de las Naciones Unidas, en Paraguay el 2,13 por ciento de las muertes maternas corresponden a ni\u00f1as de entre 10 y 14 a\u00f1os.<\/p>\n<p class=\"bodytext\"><b>\u00a1Exige a las autoridades que garantice a ni\u00f1a de 10 a\u00f1os violada y embarazada todas las opciones para resguardar su vida y salud!<\/b><\/p>\n<\/div>\n<div id=\"ocultar\" class=\"ai-mobile-acordeon-light\">\n<div class=\"carta\">\n<p class=\"ai-accion-carta-uso-datos\">Enviaremos esta petici\u00f3 njunto con tu nombre, apellidos y correo electr\u00f3nico.<\/p>\n<p class=\"bodytext\">Sr. Horacio Cartes<\/p>\n<p class=\"bodytext\">Presidente de Paraguay<\/p>\n<p class=\"bodytext\">Estimado Presidente:<\/p>\n<p class=\"bodytext\">Le escribo para mostrarle mi preocupaci\u00f3n por el caso de una ni\u00f1a de 10 a\u00f1os embarazada de 21 semanas como consecuencia de una violaci\u00f3n de su padrastro y a quien las autoridades sanitarias no est\u00e1n garantizando acceso a todas las opciones posibles para resguardar su vida y su salud, incluido el aborto seguro.<\/p>\n<p class=\"bodytext\">Le deseo recordar que es obligaci\u00f3n del Estado proveer de manera inmediata toda la informaci\u00f3n sobre todos los posibles riesgos tanto f\u00edsicos como psicol\u00f3gicos de su embarazo y acceso a todos los servicios que sean necesarios para salvaguardar la vida y la integridad f\u00edsica y mental de la ni\u00f1a a corto, mediano y largo plazo.<\/p>\n<p class=\"bodytext\">Es alarmante que hasta ahora el Estado haya fallado en su obligaci\u00f3n de proteger a esta ni\u00f1a que acudi\u00f3 a distintos centros m\u00e9dicos desde enero \u2013cuatros meses atr\u00e1s\u2013 quej\u00e1ndose de dolor de est\u00f3mago. All\u00ed se determin\u00f3 que la causa era par\u00e1sitos o un tumor, pero el embarazo no se detect\u00f3. Adem\u00e1s, el a\u00f1o pasado la madre denunci\u00f3 el abuso sexual a su hija, pero la fiscal\u00eda no investig\u00f3 ni estableci\u00f3 medidas de protecci\u00f3n al estimarse que no hab\u00eda riesgos.<\/p>\n<p class=\"bodytext\">La Organizaci\u00f3n Mundial de la Salud ha se\u00f1alado los Estados deben prestar especial atenci\u00f3n a las necesidades de las ni\u00f1as, incluidas las que han sufrido violaci\u00f3n.<\/p>\n<p class=\"bodytext\">El Comit\u00e9 de los Derechos del Ni\u00f1o ha pedido a todos los Estados parte, incluido Paraguay, que garanticen a las ni\u00f1as el acceso al aborto, como m\u00ednimo cuando su salud o su vida corran peligro o cuando el embarazo sea consecuencia de violaci\u00f3n o incesto.<\/p>\n<p class=\"bodytext\">Por todo ello le pido que:<\/p>\n<p class=\"bodytext\">&#8211; asegure que el panel de expertos recientemente autorizados por la juez eval\u00faa r\u00e1pidamente a la ni\u00f1a de manera integral y garantiza todos sus derechos humanos, en particular su derecho a la vida, la salud y la integridad f\u00edsica y psicol\u00f3gica;<\/p>\n<p class=\"bodytext\">&#8211; asegure que la ni\u00f1a que tenga acceso a toda la informaci\u00f3n y servicios m\u00e9dicos posibles para manejar este embarazo de alto riesgo y producto de una violaci\u00f3n, incluida la opci\u00f3n de terminaci\u00f3n voluntaria del embarazo;<\/p>\n<p class=\"bodytext\">&#8211; se lleve a cabo una investigaci\u00f3n independiente e imparcial sobre la violaci\u00f3n de la ni\u00f1a y hacer rendir cuentas a los responsables del abuso.<\/p>\n<p class=\"bodytext\">Atentamente,<\/p>\n<\/div>\n<\/div>\n<p>&nbsp;<\/p>\n<p>firma esta petici\u00f3n en : <a href=\"https:\/\/m.es.amnesty.org\/actua\/acciones\/paraguay-nina-peligro-abr15\/?pk_kwd=fbk-firma&amp;pk_campaign=comp\">https:\/\/m.es.amnesty.org\/actua\/acciones\/paraguay-nina-peligro-abr15\/?pk_kwd=fbk-firma&amp;pk_campaign=comp<\/a><\/p>\n<p>&nbsp;<\/p>\n<p>&nbsp;<\/p>\n<p>&nbsp;<\/p>\n<p>&nbsp;<\/p>\n<p>Fuente: www.amnestyusa.org<\/p>\n","protected":false},"excerpt":{"rendered":"<p>El gobierno debe proteger el derecho a la vida y la salud f\u00edsica y mental&#8230;<\/p>\n","protected":false},"author":1,"featured_media":1879,"comment_status":"closed","ping_status":"closed","sticky":false,"template":"","format":"standard","meta":{"_coblocks_attr":"","_coblocks_dimensions":"","_coblocks_responsive_height":"","_coblocks_accordion_ie_support":"","jetpack_post_was_ever_published":false,"_jetpack_newsletter_access":"","_jetpack_dont_email_post_to_subs":false,"_jetpack_newsletter_tier_id":0,"_jetpack_memberships_contains_paywalled_content":false,"_jetpack_memberships_contains_paid_content":false,"footnotes":"","jetpack_publicize_message":"","jetpack_publicize_feature_enabled":true,"jetpack_social_post_already_shared":false,"jetpack_social_options":{"image_generator_settings":{"template":"highway","default_image_id":0,"enabled":false},"version":2}},"categories":[15,10],"tags":[699],"class_list":["post-1877","post","type-post","status-publish","format-standard","has-post-thumbnail","hentry","category-ultimas-noticias","category-salud","tag-violacion"],"jetpack_publicize_connections":[],"jetpack_featured_media_url":"https:\/\/i0.wp.com\/miradordeatarfe.es\/wp-content\/uploads\/2015\/05\/csm_ninas-sombra_web_616c5e904f.jpg?fit=480%2C301&ssl=1","jetpack_likes_enabled":true,"jetpack_sharing_enabled":true,"_links":{"self":[{"href":"https:\/\/miradordeatarfe.es\/index.php?rest_route=\/wp\/v2\/posts\/1877","targetHints":{"allow":["GET"]}}],"collection":[{"href":"https:\/\/miradordeatarfe.es\/index.php?rest_route=\/wp\/v2\/posts"}],"about":[{"href":"https:\/\/miradordeatarfe.es\/index.php?rest_route=\/wp\/v2\/types\/post"}],"author":[{"embeddable":true,"href":"https:\/\/miradordeatarfe.es\/index.php?rest_route=\/wp\/v2\/users\/1"}],"replies":[{"embeddable":true,"href":"https:\/\/miradordeatarfe.es\/index.php?rest_route=%2Fwp%2Fv2%2Fcomments&post=1877"}],"version-history":[{"count":2,"href":"https:\/\/miradordeatarfe.es\/index.php?rest_route=\/wp\/v2\/posts\/1877\/revisions"}],"predecessor-version":[{"id":1880,"href":"https:\/\/miradordeatarfe.es\/index.php?rest_route=\/wp\/v2\/posts\/1877\/revisions\/1880"}],"wp:featuredmedia":[{"embeddable":true,"href":"https:\/\/miradordeatarfe.es\/index.php?rest_route=\/wp\/v2\/media\/1879"}],"wp:attachment":[{"href":"https:\/\/miradordeatarfe.es\/index.php?rest_route=%2Fwp%2Fv2%2Fmedia&parent=1877"}],"wp:term":[{"taxonomy":"category","embeddable":true,"href":"https:\/\/miradordeatarfe.es\/index.php?rest_route=%2Fwp%2Fv2%2Fcategories&post=1877"},{"taxonomy":"post_tag","embeddable":true,"href":"https:\/\/miradordeatarfe.es\/index.php?rest_route=%2Fwp%2Fv2%2Ftags&post=1877"}],"curies":[{"name":"wp","href":"https:\/\/api.w.org\/{rel}","templated":true}]}}