{"id":18828,"date":"2017-11-04T11:19:13","date_gmt":"2017-11-04T10:19:13","guid":{"rendered":"http:\/\/miradordeatarfe.es\/?p=18828"},"modified":"2017-11-02T17:29:57","modified_gmt":"2017-11-02T16:29:57","slug":"el-clerigo-beneficiado-de-atarfe-inicia-documentalmente-el-proceso-de-santidad-de-fray-hernando-de-talavera","status":"publish","type":"post","link":"https:\/\/miradordeatarfe.es\/?p=18828","title":{"rendered":"ATARFE: EL CL\u00c9RIGO BENEFICIADO DE ATARFE, INICIA DOCUMENTALMENTE EL PROCESO DE SANTIDAD DE FRAY HERNANDO DE TALAVERA"},"content":{"rendered":"<div class=\"_1dwg _1w_m\">\n<div>\n<div id=\"js_1v\" class=\"_5pbx userContent _3576\" data-ft=\"{&quot;tn&quot;:&quot;K&quot;}\">\n<p style=\"text-align: justify;\">\u00a1Colosal figura! Agradecemos a nuestro vecino Jos\u00e9 Emilio, nos diera noticia de estas virtudes y hechos milagrosos; no los conoc\u00edamos.<!--more--><\/p>\n<p style=\"text-align: justify;\">Sabemos que el d\u00eda 02\/01\/1492, los Reyes Cat\u00f3licos tomaron el Reino de Granada. Fray Hernando de Talavera (1428-1507) monje Jer\u00f3nimo, fue administrador apost\u00f3lico y primer Arzobispo de Granada tras la conquista; sucesor n\u00famero 105 (Episcopolio Granatense), del primer obispo san Cecilio, primer obispo de Il\u00edberis (en futura ocasi\u00f3n trataremos sobre la sede episcopal iliberitana). El papa Alejandro VI confirm\u00f3 la elecci\u00f3n de fray Hernando, le provey\u00f3 de palio como insignia arzobispal, el cual solemnemente se lo entreg\u00f3 el obispo de Ja\u00e9n don Luis Osorio, fueron testigos los obispos de M\u00e1laga don Pedro de Toledo y de Guadix don fray Garc\u00eda Quesada.<\/p>\n<p style=\"text-align: justify;\">Fray Hernando, fue persona de profundos conocimientos, consejero y confesor de Isabel la Catolica, recto en el proceder, humanitario, caritativo, apacible, de actitud l\u00f3gica y consecuente con sus principios, fue \u00a1virtud en virtud!<\/p>\n<p style=\"text-align: justify;\">Con motivo de la exploraci\u00f3n de nuevas rutas mar\u00edtimas, intervino activamente entre los Reyes Cat\u00f3licos y Col\u00f3n, consecuencia directa del descubrimiento del continente Americano; acontecimiento que estuvo a punto de fallar cuando en \u201cSanta Fe\u201d se rompieron las conversaciones, las que se retomaron cuando los Reyes Cat\u00f3licos mandaron un alguacil a buscarlo, siendo localizado Col\u00f3n, en el \u201cPuente de Pinos\u201d, a las faldas de Sierra Elvira.<\/p>\n<p style=\"text-align: justify;\">Su pol\u00edtica y evangelizaci\u00f3n humanista (tendencia seguida por el papa Francisco), dirigida a cristianos, judios y musulmanes, fue considerada grave obst\u00e1culo por el cardenal Cisneros que era de trato severo y r\u00edgido (recordemos la quema de libros y el masivo n\u00famero de conversos bautizados).<\/p>\n<p style=\"text-align: justify;\">Como dec\u00edamos en anterior ocasi\u00f3n, en el a\u00f1o 1501, se erige en Atarfe la iglesia parroquial con advocaci\u00f3n de \u201cSanta Mar\u00eda\u201d, con sus anejos de Hotaya, Abulelbit, Diarcale y Elvira (tambi\u00e9n conocida por la toponimia arabe de la \u00e9poca con los nombres de \u201cMoradama, Lamba y Xacava\u201d, seg\u00fan estudio de Mart\u00ednez Ruiz en \u201cAljem\u00eda\u201d)<\/p>\n<p style=\"text-align: justify;\">La iglesia atarfe\u00f1a en su primer momento se compuso de un Beneficiado simple servidero y un Sacrist\u00e1n, cada uno con haber econ\u00f3nico de 12.000 maraved\u00eds. Estos oficios eclesi\u00e1sticos diocesanos fueron nombrados por el arzobispo fray Hernando, que rigi\u00f3 la jurisdicci\u00f3n obispal durante 16 a\u00f1os.<\/p>\n<p style=\"text-align: justify;\">En el a\u00f1o 1507, el Cl\u00e9rigo Beneficiado de la Alquer\u00eda de Atarfe era Sebasti\u00e1n de Luque.<\/p>\n<p style=\"text-align: justify;\">A finales de abril del a\u00f1o 1507, fray Hernando fue declarado inocente de la acusaci\u00f3n que contra \u00e9l y su familia sosten\u00eda la Inquisici\u00f3n. Pocos d\u00edas despu\u00e9s enferm\u00f3 gravemente. Viendo que llegaba el momento de su muerte manifest\u00f3 que no quer\u00eda luto ni nada parecido, y que lo enterraran en tan mal lugar como merec\u00eda, al igual que manifest\u00f3 santa M\u00f3nica, madre de san Agust\u00edn.<\/p>\n<p style=\"text-align: justify;\">El d\u00eda 14\/05\/1507, a las 12 horas cerr\u00f3 sus ojos, beso la Cruz y multitud de \u00e1ngeles acompa\u00f1aron su alma junto al Creador. Este prodigio fue visto por tres religiosos de vida ejemplar que se encontraban en oraci\u00f3n, uno en Francia, otro en N\u00e1poles y otro en Sicilia. El Papa Adriano VI, quiso informarse sobre la autenticidad de lo visto por los religiosos, para emitir las bulas gratulatorias, pero le sobrevino la muerte y no se realiz\u00f3 su interesante informaci\u00f3n.<\/p>\n<p style=\"text-align: justify;\">El lastimero ta\u00f1er de las campanas granadinas anunciaron sus funerales a todos los vecinos sin distinci\u00f3n de religi\u00f3n; su melod\u00eda y cadencia proclamaban la pena en el Reino de Granada y la alegr\u00eda en el Reino Celestial; y, por la intercesi\u00f3n del llamado \u201cAlfaqu\u00ed Santo\u201d, se vivieron prodigios que Dios permiti\u00f3.<\/p>\n<p style=\"text-align: justify;\">El cad\u00e1ver, con h\u00e1bito Ger\u00f3nimo, fue expuesto en la catedral a vista de toda la poblaci\u00f3n que acudi\u00f3 multitudinariamente.<\/p>\n<p style=\"text-align: justify;\">Testigos presenciales manifestaron que el numeroso grupo de personas estaba compuesto por madres con sus hijos, personas humildes, autoridades eclesi\u00e1sticas, civiles, militares y nobles.<\/p>\n<p style=\"text-align: justify;\">Durante la exposici\u00f3n y a\u00fan tiempo despu\u00e9s, por intercesi\u00f3n de fray Hernando ocurrieron hechos milagrosos y maravillas extraordinarias, que documentalmente fueron recogidos para conocimiento de la posteridad.<\/p>\n<p style=\"text-align: justify;\">El mismo d\u00eda del fallecimiento del Arzobispo, 14\/05\/1507, el Prelado Beneficiado de la Alquer\u00eda de Atarfe don Sebasti\u00e1n de Luque, inst\u00f3 al Alcalde Mayor de Granada para que tomara manifestaci\u00f3n de las circunstancias acaecidas en las personas sanadas por intervenci\u00f3n de fray Hernando.<\/p>\n<p style=\"text-align: justify;\">Transcripci\u00f3n libre: <em>\u201cEn la nombrada y gran ciudad de Granada 14 d\u00edas del mes de mayo, a\u00f1o del nacimiento de nuestro salvador Jesucristo de 1507. Ante el se\u00f1or bachiller Juan de Portillo, Alcalde Mayor de esta ciudad, por el noble y muy virtuoso se\u00f1or, el doctor Diego Beltr\u00e1n Alcalde de la casa y corte de la Reyna nuestra se\u00f1ora y su corregidor de esta Ciudad y su tierra. En presencia de mi Garc\u00eda Rodr\u00edguez de Salamanca, escribano de la Reyna nuestra se\u00f1ora y su escribano y notario p\u00fablico en su corte y en todos los reynos y se\u00f1or\u00edos y escribano p\u00fablico uno de los del n\u00famero de la dicha Ciudad y su tierra, y de los testigos. Compareci\u00f3 Sebasti\u00e1n de Luque, cl\u00e9rigo beneficiado en la Alquer\u00eda del Atarfe y dijo que por cuanto a todos es notorio que hoy dicho d\u00eda, el reverend\u00edsimo se\u00f1or don frey Hernando de Talavera, primer arzobispo de Granada, pas\u00f3 de esta miserable vida a la perdurable..<\/em>.\u201d<\/p>\n<p style=\"text-align: justify;\">Sigue el relato detallando lo acontecido y rese\u00f1ando detalladamente los milagros y las personas sanadas. Aqu\u00ed resumimos los mismos por cuesti\u00f3n de espacio.<\/p>\n<p style=\"text-align: justify;\"><em>Entre la multitud de asistentes que acudieron a despedir a fray Hernando de Talavera, se encontraba el \u201czapatero Juan de Medina\u201d, impedido de la mano izquierda al no poder cerrarla, consecuencia de un golpe de cuchillo recibido en una pelea tres meses antes, confiando en la intercesi\u00f3n de fray Hernando, gritando ped\u00eda su curaci\u00f3n: \u201cDadme, por amor de Dios, lugar para acercarme a ese cuerpo santo con este brazo tullido, pues me sanar\u00e1\u201d, y tocando sus pies con la mano enferma, recobr\u00f3 la salud inmediatamente, asombr\u00e1ndose todos cuanto lo vieron.<\/em><\/p>\n<p style=\"text-align: justify;\"><em>Motivado por lo anterior, se suspendieron los Oficios de difuntos. En el exterior de la catedral la multitud se agolpaba. Unos besaban las vestiduras, sus pies, tocaban su cuerpo; todos glorificaban su santidad. Otros trozearon la t\u00fanica, cortaron su cabello para reliquia.<\/em><\/p>\n<p style=\"text-align: justify;\"><em>Otro milagro fue cuando Francisca D\u00edaz, con su hija de trece a\u00f1os llamada Juana P\u00e9rez, que era totalmente sorda, entr\u00f3 en la sacrist\u00eda y con un escapulario del venerable cad\u00e1ver, lo puso en los o\u00eddos de su hija; la madre se santigu\u00f3 tres veces diciendo: \u201cJesucristo naci\u00f3, Jesucristo muri\u00f3, Jesucristo resucit\u00f3\u201d. La ni\u00f1a san\u00f3.<\/em><\/p>\n<p style=\"text-align: justify;\"><em>Tambi\u00e9n el del criado de la Reina Cat\u00f3lica llamado Francisco de Guzm\u00e1n, manco de la mano derecha desde hac\u00eda ocho a\u00f1os por cuchillada que le cort\u00f3 la canilla, acerc\u00e1ndose a la sepultura se junt\u00f3 tierra de ella en la mano enferma sanando totalmente en el acto. Tambi\u00e9n se la aplic\u00f3 a una pierna enferma desde hac\u00eda nueve a\u00f1os que san\u00f3.<\/em><\/p>\n<p style=\"text-align: justify;\"><em>Otro prodigio ocurri\u00f3 d\u00edas despu\u00e9s. Isabel Olivares, viuda de Ant\u00f3n Jufre, hermana del Escribano p\u00fablico de Granada Fernando, no descansaba ni dorm\u00eda desde hac\u00eda dos meses por agudos dolores en los ojos y p\u00e9rdida de la vista. Junto al sepulcro del arzobispo rog\u00f3 la sanaci\u00f3n y tras frotarse los ojos con tierra de la sepultura san\u00f3.<\/em><\/p>\n<p style=\"text-align: justify;\"><em>Otro fue el vivido por el ac\u00f3lito de la catedral \u00c1lvaro Sep\u00falveda, afectado por epidemia de landres, con dos secas malignas, un carbunco, v\u00f3mitos, calentura, p\u00e9rdida de conocimiento, habla y en peligro de muerte, le fue puesto en el cuello parte de un escapulario del arzobispo sanando completamente.<\/em><\/p>\n<p style=\"text-align: justify;\"><em>In\u00e9s Ribera, padec\u00eda secas en la garganta y o\u00eddos con tumores y calenturas, aplic\u00e1ndose reliquias del arzobispo se dirigi\u00f3 al sepulcro y frot\u00e1ndose con tierra san\u00f3, asombr\u00e1ronse los presentes.<\/em><\/p>\n<p style=\"text-align: justify;\"><em>Juan de Arsilla, vecino de Alhama, dolorido un hombro e inmovilidad del brazo, visit\u00f3 el sepulcro, se aplic\u00f3 una reliquia y san\u00f3.<\/em><\/p>\n<p style=\"text-align: justify;\"><em>Contando el anterior su sanaci\u00f3n a Gonz\u00e1lo de Arce, este recogi\u00f3 tierra del sepulcro diciendo que se volver\u00eda blanca. Se marcharon los dos para Alhama, al llegar comprobaron que la tierra ten\u00eda el color blanco.<\/em><\/p>\n<p style=\"text-align: justify;\"><em>Gregorio Guti\u00e9rrez, racionero de Granada, junto a sus hermanos Crist\u00f3bal y Alejo, se marcharon para la villa de Cambil, llevando la reliquia de cabellos del arzobispo. Al llegar a la villa encontraron dos sobrinos enfermos y aplic\u00e1ndoles las mismas sanaron.<\/em><\/p>\n<p style=\"text-align: justify;\"><em>Jorge Rodr\u00edguez, carpintero, ten\u00eda una hija moribunda, pidi\u00f3 su madre le aplicaran reliquias del venerable, san\u00f3 en el acto.<\/em><\/p>\n<p style=\"text-align: justify;\"><em>Francisca D\u00edaz, mujer de Pedro P\u00e9rez de Baena, con epidemia de landres complicada con un doble parto, moribunda. Le piusieron rel\u00edquias de fray Hernando en el cuello y san\u00f3.<\/em><\/p>\n<p style=\"text-align: justify;\"><em>Una Hijastra de la anterior llamada Mar\u00eda, de siete a\u00f1os, enferma de gravedad, se le aplicaron las reliquias, sanando.<\/em><\/p>\n<p style=\"text-align: justify;\"><em>Francisca Escobar, vecina de la Alcazaba, padec\u00eda la misma epidemia. Tambi\u00e9n san\u00f3 tras serle aplicadas las reliquias.<\/em><\/p>\n<p style=\"text-align: justify;\"><em>Luc\u00eda Rodr\u00edguez, vecina de Granada, le dol\u00eda la pierna desde hac\u00eda m\u00e1s de cuatro meses, utilizando muletas. Visit\u00f3 el sepulcro el d\u00eda siguiente a la muerte del arzobispo, or\u00f3 durante dos horas, sanando. Abandon\u00f3 las muletas.<\/em><\/p>\n<p style=\"text-align: justify;\"><em>Alonso de Campos, maestro en artes y Teolog\u00eda, con calenturas y fiebre se aplic\u00f3 parte del roquete del arzobispo que ten\u00eda como reliquia, san\u00f3.<\/em><\/p>\n<p style=\"text-align: justify;\"><em>Elvira Morales ten\u00eda una herida en el hombro derecho y un tumor en la rodilla. Visit\u00f3 el sepulcro, tom\u00f3 tierra y la mezcl\u00f3 con agua en su casa se la aplic\u00f3 en las heridas y sano.<\/em><\/p>\n<p style=\"text-align: justify;\"><em>Br\u00edgida Mart\u00ednez, de Granada, con un brazo impedido, tras visitar tres d\u00edas el sepulcro san\u00f3.<\/em><\/p>\n<p style=\"text-align: justify;\"><em>Dos hombres llevaron un enfermo que llevaba largo tiempo en cama, lo colocaron sobre la sepultura, rezaron y se levant\u00f3 por s\u00ed totalmente sano.<\/em><\/p>\n<p style=\"text-align: justify;\"><em>Un tejedor de Granada, tullido de pies y brazos, al contacto con la tierra del sepulcro recobr\u00f3 el uso de los miembros.<\/em><\/p>\n<p style=\"text-align: justify;\"><em>Un ni\u00f1o de cinco a\u00f1os que solo andaba de rodillas, sin dedos en los pies, al contacto con la tierra del sepulcro san\u00f3 totalmente.<\/em><\/p>\n<p style=\"text-align: justify;\"><em>Un pobre llamado Roque, que andaba con muletas, tambi\u00e9n se acerc\u00f3 y san\u00f3.<\/em><\/p>\n<p style=\"text-align: justify;\"><em>Un hombre de raza negra, hab\u00eda sufrido una ca\u00edda y padec\u00eda de los ri\u00f1ones, tras visitar el sepulcro san\u00f3.<\/em><\/p>\n<p style=\"text-align: justify;\"><em>Juan Navarro, ten\u00eda la pierna izquierda rota por tres partes. Apoyado en muleta ped\u00eda limosna. Catorce a\u00f1os llevaba as\u00ed. Visit\u00f3 el sepulcro del venerable, se aplic\u00f3 tierra en la pierna enferma y san\u00f3 completamente.<\/em><\/p>\n<p style=\"text-align: justify;\"><em>Francisco Larrua, vecino de Ruanova de Lisboa, jur\u00f3 que cuando navegaba en v\u00edsperas de la Natividad de San Juan Bautista en el a\u00f1o 1507, en compa\u00f1ia de cincuenta o sesenta buques direcci\u00f3n Calicut de las Indias, delante de las del Rey de Portugal, qued\u00f3 tan rezagado el nav\u00edo que no era posible seguir a los otros, adem\u00e1s una fuerte borrasca rompi\u00f3 m\u00e1stil y vela. En tal circunstancia uno de los viajeros, besaba repetidas veces un papel que conten\u00eda tierra del sepulcro de fray Hernando, que hac\u00eda un mes que muri\u00f3. Diciendo esto desapareci\u00f3 la borrasca, navegando a tal velocidad que dej\u00f3 atr\u00e1s a los restantes barcos.<\/em><\/p>\n<p style=\"text-align: justify;\">El d\u00eda 18\/12\/1507, solemnemente se trasladaron los restos mortales de fray Hernando de Talavera a la actual catedral de Granada, siendo cedido la antigua a la Orden de san Francisco. Los restos mortales se depositaron en la capilla del Sagrario, junto al Evangelio, en sepulcro de piedra elevado, construido a expensas del Conde de Tendilla don \u00cd\u00f1igo L\u00f3pez de Mendoza, su amigo.<\/p>\n<p style=\"text-align: justify;\">Sebasti\u00e1n Luque, Cl\u00e9rigo Beneficiado de Atarfe, desde el primer momento sab\u00eda que nos encontr\u00e1bamos ante una persona digna de ser canonizada, iniciando el tr\u00e1mite que posteriormente se interrumpi\u00f3, posiblemente se vio afectado por la predicaci\u00f3n humanista de Fray Hernando, obst\u00e1culo evangelizador de la propuesta del cardenal Cisneros, y por la falsa denuncia inquisitorial que sufri\u00f3 su familia y \u00e9l.<\/p>\n<p style=\"text-align: justify;\">A finales del siglo pasado e inicios de este, el arzobispado de Granada recuper\u00f3 la iniciativa de canonizaci\u00f3n. A fecha de hoy, nuevamente esta ralentizada y desconocemos el motivo.<\/p>\n<p style=\"text-align: justify;\">\u00a1Fray Hernando brill\u00f3 con luz propia!<\/p>\n<p style=\"text-align: justify;\">PARA SABER M\u00c1S:<br \/>\n*An\u00f3nimo. \u201cCarro de las Donas\u201d, capitulos 40 a 42. Impresor Juan de Villaquir\u00e1n, Valladolid 1542.<br \/>\n*Jer\u00f3nimo TORRES. \u201cVida de Fray Hernando de Talavera\u201d. Manuscrito del siglo XVI.<br \/>\n*Alonso FERN\u00c1NDEZ DE MADRID. \u201cVida del primer Arzobispo de Granada\u201d. Manuscrito del siglo XVI.<br \/>\n*Alonso FERN\u00c1NDEZ DE MADRID. \u201cVida de Fray Hernando de Talavera\u201d. Manuscrito del siglo XVI.<br \/>\n* Antol\u00ednez de Burgos<br \/>\n*Pedro de ALCANTARA SUAREZ. \u201cVida del venerable D. Fray Hernando de Talavera\u201d Madrid 1866.<br \/>\n*Escipi\u00f3n ANTOLINEZ DE BURGOS. \u201cPapeles Varios\u201d. 1501<\/p>\n<p style=\"text-align: justify;\">Archivos y bibliotecas donde existe informaci\u00f3n del tema:<\/p>\n<p style=\"text-align: justify;\">ARCHIVO DE LA CATEDRAL DE GRANADA.<br \/>\nBIBLIOTECA NACIONAL DE ESPA\u00d1A.<br \/>\nBIBLIOTECA Y ARCHIVO VATICANO.<br \/>\nBUSCADORES WEB.<\/p>\n<\/div>\n<div class=\"_3x-2\">\n<div data-ft=\"{&quot;tn&quot;:&quot;H&quot;}\">\n<div class=\"mtm\">\n<div class=\"_2a2q\">\n<div class=\"uiScaledImageContainer\"><img loading=\"lazy\" decoding=\"async\" class=\"scaledImageFitHeight img\" src=\"https:\/\/scontent.fmad3-2.fna.fbcdn.net\/v\/t31.0-0\/q81\/p240x240\/17973886_1886385728244013_1397343325908120806_o.jpg?oh=e5f8025f193d45400f1455486705218f&amp;oe=5A82657D\" alt=\"No hay texto alternativo autom\u00e1tico disponible.\" width=\"642\" height=\"237\" \/><\/div>\n<div class=\"uiScaledImageContainer\"><img loading=\"lazy\" decoding=\"async\" class=\"scaledImageFitHeight img\" src=\"https:\/\/scontent.fmad3-2.fna.fbcdn.net\/v\/t1.0-0\/s417x417\/18010150_1886385921577327_6634273712935295637_n.jpg?oh=dddf5d20a5eba857344213822673b6b0&amp;oe=5A760898\" alt=\"La imagen puede contener: texto\" width=\"417\" height=\"237\" \/><\/div>\n<div class=\"uiScaledImageContainer\"><img loading=\"lazy\" decoding=\"async\" class=\"scaledImageFitHeight img\" src=\"https:\/\/scontent.fmad3-2.fna.fbcdn.net\/v\/t1.0-0\/p240x240\/17903966_1886386014910651_5648759400413046014_n.jpg?oh=91695e294395c19639ededaaeeb4e56e&amp;oe=5A855F9B\" alt=\"No hay texto alternativo autom\u00e1tico disponible.\" width=\"499\" height=\"237\" \/><\/div>\n<\/div>\n<\/div>\n<\/div>\n<\/div>\n<\/div>\n<\/div>\n<p>&nbsp;<\/p>\n<div><a href=\"https:\/\/www.facebook.com\/atarfeanecdotario\/posts\/1886386068243979\">https:\/\/www.facebook.com\/atarfeanecdotario\/posts\/1886386068243979<\/a><\/div>\n<div><\/div>\n","protected":false},"excerpt":{"rendered":"<p>\u00a1Colosal figura! Agradecemos a nuestro vecino Jos\u00e9 Emilio, nos diera noticia de estas virtudes y&#8230;<\/p>\n","protected":false},"author":1,"featured_media":18829,"comment_status":"closed","ping_status":"closed","sticky":false,"template":"","format":"standard","meta":{"_coblocks_attr":"","_coblocks_dimensions":"","_coblocks_responsive_height":"","_coblocks_accordion_ie_support":"","jetpack_post_was_ever_published":false,"_jetpack_newsletter_access":"","_jetpack_dont_email_post_to_subs":false,"_jetpack_newsletter_tier_id":0,"_jetpack_memberships_contains_paywalled_content":false,"_jetpack_memberships_contains_paid_content":false,"footnotes":"","jetpack_publicize_message":"","jetpack_publicize_feature_enabled":true,"jetpack_social_post_already_shared":false,"jetpack_social_options":{"image_generator_settings":{"template":"highway","default_image_id":0,"enabled":false},"version":2}},"categories":[2,12,1225,186,44,15],"tags":[81,4246,4245],"class_list":["post-18828","post","type-post","status-publish","format-standard","has-post-thumbnail","hentry","category-atarfe","category-cultura","category-ha-de-atarfe","category-instituciones","category-noticias-de-hoy","category-ultimas-noticias","tag-atarfe","tag-fray-hernando","tag-sebastian-de-luque"],"jetpack_publicize_connections":[],"jetpack_featured_media_url":"https:\/\/i0.wp.com\/miradordeatarfe.es\/wp-content\/uploads\/2017\/10\/18010019_1886385728244013_1397343325908120806_n.jpg?fit=960%2C354&ssl=1","jetpack_likes_enabled":true,"jetpack_sharing_enabled":true,"_links":{"self":[{"href":"https:\/\/miradordeatarfe.es\/index.php?rest_route=\/wp\/v2\/posts\/18828","targetHints":{"allow":["GET"]}}],"collection":[{"href":"https:\/\/miradordeatarfe.es\/index.php?rest_route=\/wp\/v2\/posts"}],"about":[{"href":"https:\/\/miradordeatarfe.es\/index.php?rest_route=\/wp\/v2\/types\/post"}],"author":[{"embeddable":true,"href":"https:\/\/miradordeatarfe.es\/index.php?rest_route=\/wp\/v2\/users\/1"}],"replies":[{"embeddable":true,"href":"https:\/\/miradordeatarfe.es\/index.php?rest_route=%2Fwp%2Fv2%2Fcomments&post=18828"}],"version-history":[{"count":2,"href":"https:\/\/miradordeatarfe.es\/index.php?rest_route=\/wp\/v2\/posts\/18828\/revisions"}],"predecessor-version":[{"id":19180,"href":"https:\/\/miradordeatarfe.es\/index.php?rest_route=\/wp\/v2\/posts\/18828\/revisions\/19180"}],"wp:featuredmedia":[{"embeddable":true,"href":"https:\/\/miradordeatarfe.es\/index.php?rest_route=\/wp\/v2\/media\/18829"}],"wp:attachment":[{"href":"https:\/\/miradordeatarfe.es\/index.php?rest_route=%2Fwp%2Fv2%2Fmedia&parent=18828"}],"wp:term":[{"taxonomy":"category","embeddable":true,"href":"https:\/\/miradordeatarfe.es\/index.php?rest_route=%2Fwp%2Fv2%2Fcategories&post=18828"},{"taxonomy":"post_tag","embeddable":true,"href":"https:\/\/miradordeatarfe.es\/index.php?rest_route=%2Fwp%2Fv2%2Ftags&post=18828"}],"curies":[{"name":"wp","href":"https:\/\/api.w.org\/{rel}","templated":true}]}}