{"id":18867,"date":"2017-10-21T11:37:01","date_gmt":"2017-10-21T09:37:01","guid":{"rendered":"http:\/\/miradordeatarfe.es\/?p=18867"},"modified":"2017-10-20T16:40:31","modified_gmt":"2017-10-20T14:40:31","slug":"el-ayuntamiento-de-atarfe-dignifica-con-un-empleo-la-ayuda-de-urgencia-social","status":"publish","type":"post","link":"https:\/\/miradordeatarfe.es\/?p=18867","title":{"rendered":"El Ayuntamiento de Atarfe \u201cdignifica\u201d con un empleo la ayuda de urgencia social"},"content":{"rendered":"<header id=\"header\" data-plugin-options=\"{&quot;stickyEnabled&quot;: true, &quot;stickyEnableOnBoxed&quot;: true, &quot;stickyEnableOnMobile&quot;: true, &quot;stickyStartAt&quot;: 67, &quot;stickySetTop&quot;: &quot;-77px&quot;, &quot;stickyChangeLogo&quot;: true}\">\n<div class=\"header-body\">\n<div class=\"header-container container\">\n<div class=\"header-row\">\n<div class=\"post-meta\">\u00a0El gobierno local ampl\u00eda la dotaci\u00f3n econ\u00f3mica para que 113 vecinos en situaci\u00f3n de exclusi\u00f3n social reciban este a\u00f1o la ayuda de emergencia a cambio de trabajos de apoyo en el \u00e1rea de Obras y Servicios. <!--more--><\/div>\n<\/div>\n<\/div>\n<\/div>\n<\/header>\n<div class=\"main\" role=\"main\">\n<div class=\"container\">\n<div class=\"row\">\n<div class=\"col-md-9\">\n<div class=\"blog-posts single-post\">\n<article class=\"post post-large blog-single-post\">\n<div class=\"post-content\">\n<p style=\"text-align: justify;\">El programa de urgencia social a trav\u00e9s del empleo que ha puesto en marcha el \u00e1rea de Servicios Sociales del Ayuntamiento de Atarfe, en el marco de los programas de concertaci\u00f3n con la Diputaci\u00f3n de Granada, atender\u00e1 en 2017 a 113 vecinos.<\/p>\n<p style=\"text-align: justify;\">Dicho programa est\u00e1 condicionado a la realizaci\u00f3n de trabajos por parte de los beneficiarios que deben realizar tareas de apoyo durante 45 d\u00edas en limpieza de calles, alba\u00f1iler\u00eda y jardiner\u00eda.<\/p>\n<p style=\"text-align: justify;\">\u201cNo se trata de otorgar una ayuda econ\u00f3mica sin m\u00e1s, lo que se pretende es lograr un compromiso por parte de la persona beneficiaria, que los vecinos que la reciben devuelvan a la comunidad el esfuerzo solidario que hacen otros vecinos con sus impuestos\u201d, ha explicado Rosa F\u00e9lix, concejal de Bienestar Social del Ayuntamiento de Atarfe.<\/p>\n<p style=\"text-align: justify;\">Este programa, fruto de la concertaci\u00f3n con la Diputaci\u00f3n de Granada, se puso en marcha en junio de 2016, formaliz\u00e1ndose el pasado a\u00f1o un total de 87 contratos. Inicialmente se destin\u00f3 una partida de 43.556 euros, de los que el Ayuntamiento de Atarfe aportaba el 25%, si bien el gobierno municipal decidi\u00f3 transferir 140.392 euros m\u00e1s de lo convenido en su af\u00e1n por \u201cdignificar un programa de ayudas vinculado al trabajo y a la formaci\u00f3n, que contribuya a la inserci\u00f3n laboral\u201d. \u00abLas personas necesitan trabajo no ayudas\u201d, ha subrayado Rosa F\u00e9lix.<\/p>\n<p style=\"text-align: justify;\">Desde el \u00e1rea de Servicios Sociales tambi\u00e9n se ofrece a los beneficiarios cursos de formaci\u00f3n b\u00e1sicos en t\u00e9cnicas de b\u00fasqueda de empleo.<\/p>\n<p style=\"text-align: justify;\">En lo de que va de 2017 se han realizado 68 contratos y est\u00e1 previsto que hasta el final de a\u00f1o se beneficien otras 45 personas.<\/p>\n<p style=\"text-align: justify;\">Al plan de urgencia social pueden acceder vecinos empadronados en el municipio. Entre los requisitos es imprescindible que se disponga deuna antig\u00fcedad acumulada de 6 meses como demandante de empleo, haber agotado las prestaciones y no contar con otro tipo de ayudas. Tampoco de ingresos en el momento de presentar la solicitud si bien hay excepciones en funci\u00f3n del n\u00famero de miembros de la familia y\u00a0 el Indicador P\u00fablico de Renta de Efectos M\u00faltiples (IPREM).<\/p>\n<p style=\"text-align: justify;\"><strong>M\u00e1s informaci\u00f3n<\/strong>:<\/p>\n<p style=\"text-align: justify;\">Servicios Sociales<br \/>\nTel\u00e9fono: 958439960<br \/>\nDirecci\u00f3n: Plaza de Abastos, s\/n (Edificio de Bienestar Social) &#8211; 18230 Atarfe (Granada)<\/p>\n<\/div>\n<\/article>\n<\/div>\n<\/div>\n<\/div>\n<\/div>\n<\/div>\n<p>&nbsp;<\/p>\n","protected":false},"excerpt":{"rendered":"<p>\u00a0El gobierno local ampl\u00eda la dotaci\u00f3n econ\u00f3mica para que 113 vecinos en situaci\u00f3n de exclusi\u00f3n&#8230;<\/p>\n","protected":false},"author":1,"featured_media":18868,"comment_status":"closed","ping_status":"closed","sticky":false,"template":"","format":"standard","meta":{"_coblocks_attr":"","_coblocks_dimensions":"","_coblocks_responsive_height":"","_coblocks_accordion_ie_support":"","jetpack_post_was_ever_published":false,"_jetpack_newsletter_access":"","_jetpack_dont_email_post_to_subs":false,"_jetpack_newsletter_tier_id":0,"_jetpack_memberships_contains_paywalled_content":false,"_jetpack_memberships_contains_paid_content":false,"footnotes":"","jetpack_publicize_message":"","jetpack_publicize_feature_enabled":true,"jetpack_social_post_already_shared":false,"jetpack_social_options":{"image_generator_settings":{"template":"highway","default_image_id":0,"enabled":false},"version":2}},"categories":[2,1161,186,44,15],"tags":[81,1475,722],"class_list":["post-18867","post","type-post","status-publish","format-standard","has-post-thumbnail","hentry","category-atarfe","category-ciudadania","category-instituciones","category-noticias-de-hoy","category-ultimas-noticias","tag-atarfe","tag-ayudas-sociales","tag-diputacion"],"jetpack_publicize_connections":[],"jetpack_featured_media_url":"https:\/\/i0.wp.com\/miradordeatarfe.es\/wp-content\/uploads\/2017\/10\/servicios-sociales-atarfe-web-3.jpg?fit=650%2C407&ssl=1","jetpack_likes_enabled":true,"jetpack_sharing_enabled":true,"_links":{"self":[{"href":"https:\/\/miradordeatarfe.es\/index.php?rest_route=\/wp\/v2\/posts\/18867","targetHints":{"allow":["GET"]}}],"collection":[{"href":"https:\/\/miradordeatarfe.es\/index.php?rest_route=\/wp\/v2\/posts"}],"about":[{"href":"https:\/\/miradordeatarfe.es\/index.php?rest_route=\/wp\/v2\/types\/post"}],"author":[{"embeddable":true,"href":"https:\/\/miradordeatarfe.es\/index.php?rest_route=\/wp\/v2\/users\/1"}],"replies":[{"embeddable":true,"href":"https:\/\/miradordeatarfe.es\/index.php?rest_route=%2Fwp%2Fv2%2Fcomments&post=18867"}],"version-history":[{"count":1,"href":"https:\/\/miradordeatarfe.es\/index.php?rest_route=\/wp\/v2\/posts\/18867\/revisions"}],"predecessor-version":[{"id":18869,"href":"https:\/\/miradordeatarfe.es\/index.php?rest_route=\/wp\/v2\/posts\/18867\/revisions\/18869"}],"wp:featuredmedia":[{"embeddable":true,"href":"https:\/\/miradordeatarfe.es\/index.php?rest_route=\/wp\/v2\/media\/18868"}],"wp:attachment":[{"href":"https:\/\/miradordeatarfe.es\/index.php?rest_route=%2Fwp%2Fv2%2Fmedia&parent=18867"}],"wp:term":[{"taxonomy":"category","embeddable":true,"href":"https:\/\/miradordeatarfe.es\/index.php?rest_route=%2Fwp%2Fv2%2Fcategories&post=18867"},{"taxonomy":"post_tag","embeddable":true,"href":"https:\/\/miradordeatarfe.es\/index.php?rest_route=%2Fwp%2Fv2%2Ftags&post=18867"}],"curies":[{"name":"wp","href":"https:\/\/api.w.org\/{rel}","templated":true}]}}