{"id":18883,"date":"2017-10-23T10:30:28","date_gmt":"2017-10-23T08:30:28","guid":{"rendered":"http:\/\/miradordeatarfe.es\/?p=18883"},"modified":"2017-10-23T10:23:12","modified_gmt":"2017-10-23T08:23:12","slug":"la-junta-ve-razonable-ampliar-el-metro-de-granada-pero-avisa-de-las-limitaciones","status":"publish","type":"post","link":"https:\/\/miradordeatarfe.es\/?p=18883","title":{"rendered":"La Junta ve \u00abrazonable\u00bb ampliar el metro de Granada pero avisa de las \u00ablimitaciones\u00bb"},"content":{"rendered":"<p style=\"text-align: justify;\">La petici\u00f3n de ampliaci\u00f3n de la l\u00ednea que han hecho municipios como Las Gabias y Atarfe es \u00abla constataci\u00f3n de un \u00e9xito, no de la consejer\u00eda, sino de la sociedad andaluza\u00bb<!--more--><\/p>\n<p style=\"text-align: justify;\">El consejero de Fomento, Felipe L\u00f3pez, ha considerado este viernes \u00abpositiva y razonable\u00bb la demanda de algunos municipios metropolitanos de Granada para que se <strong>ampl\u00ede la l\u00ednea 1 del Metro<\/strong>, pero ha dicho que habr\u00e1 que atenderla sin demagogia, \u00abcon sensatez\u00bb y en un escenario presupuestario que \u00abtiene limitaciones\u00bb.<\/p>\n<h4 style=\"text-align: justify;\">L\u00f3pez ha se\u00f1alado a preguntas de los periodistas que la petici\u00f3n de ampliaci\u00f3n de la l\u00ednea que han hecho <strong>municipios como Las Gabias y Atarfe<\/strong> es \u00abla constataci\u00f3n de un \u00e9xito, no de la consejer\u00eda, sino de la sociedad andaluza\u00bb por la aceptaci\u00f3n de transportes como el Metro.<\/h4>\n<h4 style=\"text-align: justify;\">La ha considerado adem\u00e1s una demanda \u00abpositiva y razonable\u00bb, si bien ha precisado: \u00ab<strong>Otra cosa es que tengamos que encajar eso dentro de las capacidades presupuestarias y los tiempos de las administraciones<\/strong>\u00ab.<\/h4>\n<h4 style=\"text-align: justify;\">L\u00f3pez ha admitido que los 857 millones de euros que tiene consignados la Consejer\u00eda de Fomento y Vivienda en los presupuestos de 2018 -un 49 % m\u00e1s respecto a los de 2013, seg\u00fan ha dicho- no son suficientes para atender \u00ab<strong>todas las aspiraciones<\/strong>\u00bb de la Junta, que a su juicio podr\u00eda afrontar m\u00e1s demandas relacionadas con la movilidad si el Gobierno central \u00abcumpliera sus obligaciones con la ley de atenci\u00f3n a la dependencia\u00bb y sufragara lo que le corresponde.<\/h4>\n<div class=\"teads-inread sm-screen\" style=\"text-align: justify;\">\n<div>\n<div class=\"teads-ui-components-credits\">Aunque ha se\u00f1alado que hay que encajar las peticiones sin demagogia, sino \u00ab<strong>con sensatez en un escenario presupuestario que tiene limitaciones<\/strong>\u00ab, ha indicado que la Junta est\u00e1 trabajando y planificando en esa direcci\u00f3n, de lo que ha puesto como ejemplo las obras, en la Bah\u00eda de C\u00e1diz, del que ser\u00e1 el cuarto sistema metropolitano ferroviario.<\/div>\n<\/div>\n<\/div>\n<p style=\"text-align: justify;\">Sobre la posible implantaci\u00f3n de transbordos gratuitos entre el Metro de Granada y la l\u00ednea de autobuses, ha recordado que eso es una pretensi\u00f3n del Ayuntamiento que no se da en las otras dos ciudades andaluzas con Metro -M\u00e1laga y Sevilla- y que para llevarla a cabo cuenta, si quiere, con los <strong>cerca de 900.000 euros aportados por la Junta a trav\u00e9s del consorcio metropolitano de transportes<\/strong>.<\/p>\n<p style=\"text-align: justify;\">Eso deber\u00e1 ser objeto de un acuerdo entre el consorcio y el Ayuntamiento, tras lo cual <strong>habr\u00e1 que dise\u00f1ar el soporte tecnol\u00f3gico que lo permita<\/strong>, ha explicado.<\/p>\n<p style=\"text-align: justify;\">Respecto a las denuncias sindicales por las condiciones laborales de los trabajadores del Metro, ha indicado que la concesionaria est\u00e1 obligada a respetar el pliego de condiciones, que establece la obligatoriedad de aplicar la legislaci\u00f3n laboral vigente, algo que <strong>la Junta le est\u00e1 exigiendo<\/strong> y la empresa, dice, cumpliendo.<\/p>\n<p style=\"text-align: justify;\">Seg\u00fan el consejero, el metropolitano de Granada ha transportado en el primer mes de funcionamiento a un total de 772.302 pasajeros, lo que supone una media diaria de <strong>25.743 usuarios<\/strong>.<\/p>\n","protected":false},"excerpt":{"rendered":"<p>La petici\u00f3n de ampliaci\u00f3n de la l\u00ednea que han hecho municipios como Las Gabias y&#8230;<\/p>\n","protected":false},"author":1,"featured_media":18884,"comment_status":"closed","ping_status":"closed","sticky":false,"template":"","format":"standard","meta":{"_coblocks_attr":"","_coblocks_dimensions":"","_coblocks_responsive_height":"","_coblocks_accordion_ie_support":"","jetpack_post_was_ever_published":false,"_jetpack_newsletter_access":"","_jetpack_dont_email_post_to_subs":false,"_jetpack_newsletter_tier_id":0,"_jetpack_memberships_contains_paywalled_content":false,"_jetpack_memberships_contains_paid_content":false,"footnotes":"","jetpack_publicize_message":"","jetpack_publicize_feature_enabled":true,"jetpack_social_post_already_shared":false,"jetpack_social_options":{"image_generator_settings":{"template":"highway","default_image_id":0,"enabled":false},"version":2}},"categories":[2,1161,9,44,15],"tags":[4253,81,2136],"class_list":["post-18883","post","type-post","status-publish","format-standard","has-post-thumbnail","hentry","category-atarfe","category-ciudadania","category-medio-ambiente","category-noticias-de-hoy","category-ultimas-noticias","tag-ampliacion-del-metro","tag-atarfe","tag-metro"],"jetpack_publicize_connections":[],"jetpack_featured_media_url":"https:\/\/i0.wp.com\/miradordeatarfe.es\/wp-content\/uploads\/2017\/10\/metro-granada-kksC-U401073998431VLH-624x385%40Ideal.jpg?fit=624%2C385&ssl=1","jetpack_likes_enabled":true,"jetpack_sharing_enabled":true,"_links":{"self":[{"href":"https:\/\/miradordeatarfe.es\/index.php?rest_route=\/wp\/v2\/posts\/18883","targetHints":{"allow":["GET"]}}],"collection":[{"href":"https:\/\/miradordeatarfe.es\/index.php?rest_route=\/wp\/v2\/posts"}],"about":[{"href":"https:\/\/miradordeatarfe.es\/index.php?rest_route=\/wp\/v2\/types\/post"}],"author":[{"embeddable":true,"href":"https:\/\/miradordeatarfe.es\/index.php?rest_route=\/wp\/v2\/users\/1"}],"replies":[{"embeddable":true,"href":"https:\/\/miradordeatarfe.es\/index.php?rest_route=%2Fwp%2Fv2%2Fcomments&post=18883"}],"version-history":[{"count":1,"href":"https:\/\/miradordeatarfe.es\/index.php?rest_route=\/wp\/v2\/posts\/18883\/revisions"}],"predecessor-version":[{"id":18885,"href":"https:\/\/miradordeatarfe.es\/index.php?rest_route=\/wp\/v2\/posts\/18883\/revisions\/18885"}],"wp:featuredmedia":[{"embeddable":true,"href":"https:\/\/miradordeatarfe.es\/index.php?rest_route=\/wp\/v2\/media\/18884"}],"wp:attachment":[{"href":"https:\/\/miradordeatarfe.es\/index.php?rest_route=%2Fwp%2Fv2%2Fmedia&parent=18883"}],"wp:term":[{"taxonomy":"category","embeddable":true,"href":"https:\/\/miradordeatarfe.es\/index.php?rest_route=%2Fwp%2Fv2%2Fcategories&post=18883"},{"taxonomy":"post_tag","embeddable":true,"href":"https:\/\/miradordeatarfe.es\/index.php?rest_route=%2Fwp%2Fv2%2Ftags&post=18883"}],"curies":[{"name":"wp","href":"https:\/\/api.w.org\/{rel}","templated":true}]}}