{"id":18895,"date":"2017-10-23T10:40:28","date_gmt":"2017-10-23T08:40:28","guid":{"rendered":"http:\/\/miradordeatarfe.es\/?p=18895"},"modified":"2017-10-23T10:40:28","modified_gmt":"2017-10-23T08:40:28","slug":"la-sesion-extraordinaria-del-pleno-del-ayuntamientose-hoy-lunes-21-de-octubre-a-las-19-horas","status":"publish","type":"post","link":"https:\/\/miradordeatarfe.es\/?p=18895","title":{"rendered":"La sesi\u00f3n extraordinaria  del pleno del ayuntamientose hoy lunes 21 de octubre, a las 19 horas"},"content":{"rendered":"<p>La recuperaci\u00f3n de oficio de los terrenos de la cantera, el nombramiento de juez de paz y los fondos FEDER entre los asuntos a debate del pleno extraordinario del lunes<!--more--><\/p>\n<div class=\"post-meta\"><\/div>\n<p>El Ayuntamiento de Atarfe celebra el lunes, 21 de octubre, a las 19:00 horas, un pleno extraordinario para debatir varios asuntos de inter\u00e9s para los ciudadanos, entre ellos la recuperaci\u00f3n de oficio de los terrenos de monte ocupados por la empresa Afercan SL\u00a0para la explotaci\u00f3n de la cantera Buenavista.<\/p>\n<p>Tambi\u00e9n ir\u00e1 a pleno el nombramiento del juez de paz titular y sustituto de Atarfe, y la adhesi\u00f3n a la convocatoria de los Fondos Feder Edusi (Estrategia de Desarrollo Urbano Sostenible e Integral), un proyecto europeo\u00a0para optar a fondos dirigidos al crecimiento sostenible de los n\u00facleos urbanos.<\/p>\n<p>El pleno se retransmitir\u00e1 en directo a trav\u00e9s de internet. A continuaci\u00f3n puedes consultar el orden del d\u00eda:<\/p>\n<div class=\"post-block post-author clearfix\">\n<h3 class=\"heading-primary\"><i class=\"fa fa-download\"><\/i>Ficheros Adjuntos<\/h3>\n<div class=\"clearfix\">\n<div class=\"img-thumbnail-ficherosadjuntos\"><img data-recalc-dims=\"1\" decoding=\"async\" src=\"https:\/\/i0.wp.com\/www.atarfe.es\/img\/pdf2.jpg?w=640\" alt=\"\" \/><\/div>\n<p><strong class=\"name\"><a href=\"http:\/\/www.atarfe.es\/data\/CoreFiles\/convocatoria-pleno-extraordinario-23-octubre-2017.pdf\" target=\"_blank\" rel=\"noopener\">Orden del d\u00eda del pleno extraordinario del 23 de octubre de 2017<\/a><\/strong><\/p>\n<\/div>\n<\/div>\n","protected":false},"excerpt":{"rendered":"<p>La recuperaci\u00f3n de oficio de los terrenos de la cantera, el nombramiento de juez de&#8230;<\/p>\n","protected":false},"author":1,"featured_media":18896,"comment_status":"closed","ping_status":"closed","sticky":false,"template":"","format":"standard","meta":{"_coblocks_attr":"","_coblocks_dimensions":"","_coblocks_responsive_height":"","_coblocks_accordion_ie_support":"","jetpack_post_was_ever_published":false,"_jetpack_newsletter_access":"","_jetpack_dont_email_post_to_subs":false,"_jetpack_newsletter_tier_id":0,"_jetpack_memberships_contains_paywalled_content":false,"_jetpack_memberships_contains_paid_content":false,"footnotes":"","jetpack_publicize_message":"","jetpack_publicize_feature_enabled":true,"jetpack_social_post_already_shared":false,"jetpack_social_options":{"image_generator_settings":{"template":"highway","default_image_id":0,"enabled":false},"version":2}},"categories":[2,1161,186,44,15],"tags":[81,4256],"class_list":["post-18895","post","type-post","status-publish","format-standard","has-post-thumbnail","hentry","category-atarfe","category-ciudadania","category-instituciones","category-noticias-de-hoy","category-ultimas-noticias","tag-atarfe","tag-pleno-del-ayuntamiento"],"jetpack_publicize_connections":[],"jetpack_featured_media_url":"https:\/\/i0.wp.com\/miradordeatarfe.es\/wp-content\/uploads\/2017\/10\/Pleno-Atarfe-01-552x310.jpg?fit=552%2C310&ssl=1","jetpack_likes_enabled":true,"jetpack_sharing_enabled":true,"_links":{"self":[{"href":"https:\/\/miradordeatarfe.es\/index.php?rest_route=\/wp\/v2\/posts\/18895","targetHints":{"allow":["GET"]}}],"collection":[{"href":"https:\/\/miradordeatarfe.es\/index.php?rest_route=\/wp\/v2\/posts"}],"about":[{"href":"https:\/\/miradordeatarfe.es\/index.php?rest_route=\/wp\/v2\/types\/post"}],"author":[{"embeddable":true,"href":"https:\/\/miradordeatarfe.es\/index.php?rest_route=\/wp\/v2\/users\/1"}],"replies":[{"embeddable":true,"href":"https:\/\/miradordeatarfe.es\/index.php?rest_route=%2Fwp%2Fv2%2Fcomments&post=18895"}],"version-history":[{"count":1,"href":"https:\/\/miradordeatarfe.es\/index.php?rest_route=\/wp\/v2\/posts\/18895\/revisions"}],"predecessor-version":[{"id":18897,"href":"https:\/\/miradordeatarfe.es\/index.php?rest_route=\/wp\/v2\/posts\/18895\/revisions\/18897"}],"wp:featuredmedia":[{"embeddable":true,"href":"https:\/\/miradordeatarfe.es\/index.php?rest_route=\/wp\/v2\/media\/18896"}],"wp:attachment":[{"href":"https:\/\/miradordeatarfe.es\/index.php?rest_route=%2Fwp%2Fv2%2Fmedia&parent=18895"}],"wp:term":[{"taxonomy":"category","embeddable":true,"href":"https:\/\/miradordeatarfe.es\/index.php?rest_route=%2Fwp%2Fv2%2Fcategories&post=18895"},{"taxonomy":"post_tag","embeddable":true,"href":"https:\/\/miradordeatarfe.es\/index.php?rest_route=%2Fwp%2Fv2%2Ftags&post=18895"}],"curies":[{"name":"wp","href":"https:\/\/api.w.org\/{rel}","templated":true}]}}