{"id":18905,"date":"2017-10-26T07:48:10","date_gmt":"2017-10-26T05:48:10","guid":{"rendered":"http:\/\/miradordeatarfe.es\/?p=18905"},"modified":"2017-10-23T12:05:56","modified_gmt":"2017-10-23T10:05:56","slug":"el-60-de-los-oceanos-muestra-signos-del-impacto-del-cambio-climatico","status":"publish","type":"post","link":"https:\/\/miradordeatarfe.es\/?p=18905","title":{"rendered":"El 60 % de los oc\u00e9anos muestra signos del impacto del cambio clim\u00e1tico"},"content":{"rendered":"<p class=\"entradilla\" style=\"text-align: justify;\">El 60 % de los oc\u00e9anos muestra signos del impacto negativo del\u00a0cambio\u00a0clim\u00e1tico, como la acidificaci\u00f3n por gases, el aumento de la temperatura del mar y el deshielo polar, seg\u00fan un informe de la Universidad de Oxford.<!--more--><\/p>\n<p style=\"text-align: justify;\">Cient\u00edficos marinos han concluido que algunas regiones est\u00e1n alcanzando un estado ecol\u00f3gico cr\u00edtico debido a los\u00a0cambios\u00a0clim\u00e1ticos\u00a0derivados de la actividad humana, y en concreto de la <strong>contaminaci\u00f3n<\/strong>, la <strong>explotaci\u00f3n pesquera<\/strong> y la <strong>extracci\u00f3n mineral<\/strong>.<\/p>\n<p style=\"text-align: justify;\">El estudio, titulado \u201c<strong>Funciones del alta mar e impactos antropog\u00e9nicos<\/strong>\u201c, presentado hoy en la sede de la ONU, analiza el rol fundamental del oc\u00e9ano en el funcionamiento del planeta y se\u00f1ala la necesidad de establecer una protecci\u00f3n legal de las aguas internacionales para garantizar su conservaci\u00f3n y un uso sostenible.<\/p>\n<p style=\"text-align: justify;\">El informe alerta de que en zonas como la Bah\u00eda de Bengala, en el oc\u00e9ano \u00cdndico, el<strong> nivel de ox\u00edgeno<\/strong> ha disminuido considerablemente como consecuencia de los<strong> vertidos de fertilizantes agr\u00edcolas<\/strong> y otras alteraciones causadas por el\u00a0cambio\u00a0clim\u00e1tico.<\/p>\n<p><a href=\"http:\/\/www.efeverde.com\/noticias\/el-60-de-los-oceanos-muestra-signos-del-impacto-del-cambio-climatico\/\">http:\/\/www.efeverde.com\/noticias\/el-60-de-los-oceanos-muestra-signos-del-impacto-del-cambio-climatico\/<\/a><\/p>\n","protected":false},"excerpt":{"rendered":"<p>El 60 % de los oc\u00e9anos muestra signos del impacto negativo del\u00a0cambio\u00a0clim\u00e1tico, como la acidificaci\u00f3n&#8230;<\/p>\n","protected":false},"author":1,"featured_media":18907,"comment_status":"closed","ping_status":"closed","sticky":false,"template":"","format":"standard","meta":{"_coblocks_attr":"","_coblocks_dimensions":"","_coblocks_responsive_height":"","_coblocks_accordion_ie_support":"","jetpack_post_was_ever_published":false,"_jetpack_newsletter_access":"","_jetpack_dont_email_post_to_subs":false,"_jetpack_newsletter_tier_id":0,"_jetpack_memberships_contains_paywalled_content":false,"_jetpack_memberships_contains_paid_content":false,"footnotes":"","jetpack_publicize_message":"","jetpack_publicize_feature_enabled":true,"jetpack_social_post_already_shared":false,"jetpack_social_options":{"image_generator_settings":{"template":"highway","default_image_id":0,"enabled":false},"version":2}},"categories":[186,44,15],"tags":[249,2247,99],"class_list":["post-18905","post","type-post","status-publish","format-standard","has-post-thumbnail","hentry","category-instituciones","category-noticias-de-hoy","category-ultimas-noticias","tag-agua","tag-mar","tag-medio-ambiente"],"jetpack_publicize_connections":[],"jetpack_featured_media_url":"https:\/\/i0.wp.com\/miradordeatarfe.es\/wp-content\/uploads\/2017\/10\/th_1cce678baa2865fe866ba90e481edd63_Atl%C3%A1ntico-oleaje.jpg?fit=620%2C310&ssl=1","jetpack_likes_enabled":true,"jetpack_sharing_enabled":true,"_links":{"self":[{"href":"https:\/\/miradordeatarfe.es\/index.php?rest_route=\/wp\/v2\/posts\/18905","targetHints":{"allow":["GET"]}}],"collection":[{"href":"https:\/\/miradordeatarfe.es\/index.php?rest_route=\/wp\/v2\/posts"}],"about":[{"href":"https:\/\/miradordeatarfe.es\/index.php?rest_route=\/wp\/v2\/types\/post"}],"author":[{"embeddable":true,"href":"https:\/\/miradordeatarfe.es\/index.php?rest_route=\/wp\/v2\/users\/1"}],"replies":[{"embeddable":true,"href":"https:\/\/miradordeatarfe.es\/index.php?rest_route=%2Fwp%2Fv2%2Fcomments&post=18905"}],"version-history":[{"count":1,"href":"https:\/\/miradordeatarfe.es\/index.php?rest_route=\/wp\/v2\/posts\/18905\/revisions"}],"predecessor-version":[{"id":18906,"href":"https:\/\/miradordeatarfe.es\/index.php?rest_route=\/wp\/v2\/posts\/18905\/revisions\/18906"}],"wp:featuredmedia":[{"embeddable":true,"href":"https:\/\/miradordeatarfe.es\/index.php?rest_route=\/wp\/v2\/media\/18907"}],"wp:attachment":[{"href":"https:\/\/miradordeatarfe.es\/index.php?rest_route=%2Fwp%2Fv2%2Fmedia&parent=18905"}],"wp:term":[{"taxonomy":"category","embeddable":true,"href":"https:\/\/miradordeatarfe.es\/index.php?rest_route=%2Fwp%2Fv2%2Fcategories&post=18905"},{"taxonomy":"post_tag","embeddable":true,"href":"https:\/\/miradordeatarfe.es\/index.php?rest_route=%2Fwp%2Fv2%2Ftags&post=18905"}],"curies":[{"name":"wp","href":"https:\/\/api.w.org\/{rel}","templated":true}]}}