{"id":18908,"date":"2017-10-28T09:17:57","date_gmt":"2017-10-28T07:17:57","guid":{"rendered":"http:\/\/miradordeatarfe.es\/?p=18908"},"modified":"2017-10-26T10:39:11","modified_gmt":"2017-10-26T08:39:11","slug":"cuanto-subira-el-nivel-del-mar-en-cada-zona-el-reto-de-la-ciencia-del-clima","status":"publish","type":"post","link":"https:\/\/miradordeatarfe.es\/?p=18908","title":{"rendered":"Cu\u00e1nto subir\u00e1 el nivel del mar en cada zona, el reto de la ciencia del clima"},"content":{"rendered":"<div class=\"entry\">\n<p class=\"entradilla\" style=\"text-align: justify;\">Incluso en los escenarios m\u00e1s optimistas de reducci\u00f3n de emisiones, <strong>la capa de hielo que cubre el \u00c1rtico desaparecer\u00e1 enteramente en verano antes de mediados de siglo,<\/strong> lo que redundar\u00e1 en<strong> una subida media del nivel del mar de un metro en todo el planeta<\/strong> que no afectar\u00e1 por igual a todas las regiones.<!--more--><\/p>\n<p style=\"text-align: justify;\">Predecir cu\u00e1nto crecer\u00e1 el nivel del mar debido al deshielo de los Polos en cada zona costera es uno de los grandes retos de la ciencia del cambio clim\u00e1tico ya que de ello depender\u00e1 la capacidad de los pa\u00edses para construir resiliencia frente a esas alteraciones y proteger a sus comunidades.<\/p>\n<p style=\"text-align: justify;\">As\u00ed lo se\u00f1ala Julian Dowdeswell, director del Instituto Scott de Investigaci\u00f3n Polar de la Universidad de Cambridge (Reino Unido) en una entrevista con EFE celebrada en Madrid, donde esta semana ha pronunciado la conferencia \u201cEl \u00c1rtico, term\u00f3metro del cambio clim\u00e1tico\u201d en el marco de un ciclo de charlas organizado por Sociedad Geogr\u00e1fica Espa\u00f1ola y la Fundaci\u00f3n Ram\u00f3n Areces.<\/p>\n<p style=\"text-align: justify;\">\u201cMi trabajo consiste entender la magnitud de los cambios ambientales que ocurren en las regiones polares para que esa informaci\u00f3n sirva a gobiernos y a ciudades para adaptarse a situaciones como la subida del nivel del mar\u201d, explica.<\/p>\n<p style=\"text-align: justify;\">Dowdeswell asegura que entre el 70 y el 80 % de estos cambios est\u00e1n provocados por la acci\u00f3n humana, y concretamente por<strong> la quema de combustibles f\u00f3siles<\/strong>, y que las regiones polares son \u201clas que m\u00e1s los sienten, especialmente el \u00c1rtico, que se est\u00e1 calentando el doble de r\u00e1pido que la media del resto del planeta\u201d.<\/p>\n<p style=\"text-align: justify;\">\u201cLa raz\u00f3n es que es un oc\u00e9ano cubierto por una superficie de millones de kil\u00f3metros cuadrados de hielo, pero se trata de una capa relativamente fina, de varios metros, y, por tanto, desaparece con cierta facilidad por el calentamiento\u201d, explica.<\/p>\n<p style=\"text-align: justify;\">Todos los modelos clim\u00e1ticos serios existentes en la actualidad \u201capuntan a que si esa capa de hielo se derrite completamente podemos esperar una subida media del nivel del mar de un metro, que no ser\u00e1 un metro en todas partes, en algunas ser\u00e1n varios metros y en otras menos de uno, por eso la clave est\u00e1 en estudiar bien esas capas para poder predecir qu\u00e9 va a pasar\u201d, a\u00f1ade.<\/p>\n<p style=\"text-align: justify;\">Adem\u00e1s de la subida del nivel del mar, <em>\u201cla desaparici\u00f3n de glaciares y del hielo que cubre el oc\u00e9ano \u00c1rtico en verano entre 2040 y 2050 alterar\u00e1 la circulaci\u00f3n del oc\u00e9ano y esa alteraci\u00f3n se trasladar\u00e1 tambi\u00e9n a las corrientes atmosf\u00e9ricas que rigen el clima desde el ecuador a los Polos<\/em>\u201d.<\/p>\n<p style=\"text-align: justify;\">\u201cEl alcance de esos cambios preocupa much\u00edsimo a los gobiernos. En el sur Inglaterra, por ejemplo, se est\u00e1n planteando construir toda una serie de infraestructuras defensivas frente a la subida del nivel del mar. Construir esas barreras protectoras ser\u00e1 muy costoso por eso, en t\u00e9rminos econ\u00f3micos, compensa invertir en investigaci\u00f3n para contar con las mejores predicciones\u201d, insiste.<\/p>\n<p style=\"text-align: justify;\">Preguntado sobre si los cient\u00edficos contemplan que este proceso deshielo se detenga si se toman medidas dr\u00e1sticas de reducci\u00f3n de emisiones, Dowdeswell se\u00f1ala que los modelos clim\u00e1ticos prev\u00e9n tres posibilidades.<\/p>\n<p style=\"text-align: justify;\">\u201c<em>El escenario m\u00e1s optimista es que disminuyamos radicalmente la emisi\u00f3n de CO2 a la atm\u00f3sfera a nivel global, lo que implicar\u00eda entre otras cosas una reducci\u00f3n de desplazamientos por tierra, mar y aire, hasta que se extienda la tecnolog\u00eda para hacerlo sin emisiones, y de este modo nos quedar\u00edamos en los niveles de calentamiento de 1990<\/em>\u201d, asegura.<\/p>\n<p style=\"text-align: justify;\">\u201c<em>El segundo escenario es seguir quemando combustibles f\u00f3siles como si no pasara nada y no tomar medidas para reducir las emisiones, en ese caso en 50 a\u00f1os estar\u00edamos hablando de un aumento de temperatura de 5, 6 e incluso 7 grados, pero sinceramente no creo que esto vaya a suceder<\/em>\u201d, a\u00f1ade.<\/p>\n<p style=\"text-align: justify;\">A su juicio, \u201c<em>lo que seguramente ocurra, si hay tantos pa\u00edses, como se aprecia en la actualidad, dispuestos a tomar medidas para recortar sus emisiones, es que nos quedemos en el punto medio entre no hacer nada y tomar las medidas dr\u00e1sticas que necesitamos, y ah\u00ed estar\u00edamos hablando de un aumento de temperatura de entre 3 y 4 grados a nivel global<\/em>\u201d.<\/p>\n<p style=\"text-align: justify;\">\u201c<strong>En este \u00faltimo escenario, que es el que veo m\u00e1s realista, dudo que logremos evitar las alteraciones mencionadas debido al deshielo<\/strong>\u201d, concluye.<\/p>\n<div>\n<div class=\"single-post-thumb\" style=\"text-align: justify;\">FOTO: <span class=\"single-post-caption\">Julian Dowdeswell, director del Instituto Scott de Investigaci\u00f3n Polar de la Universidad de Cambridg<\/span><\/div>\n<div class=\"post-meta\" style=\"text-align: justify;\"><span class=\"span-verde\">Publicado por: <a href=\"http:\/\/www.efeverde.com\/author\/carevalo\/\">Caty Ar\u00e9valo <\/a><\/span><\/div>\n<div>EFE<\/div>\n<div><a href=\"http:\/\/www.efeverde.com\/noticias\/cuanto-subira-nivel-del-mar-zona-reto-la-ciencia-del-clima\/\">http:\/\/www.efeverde.com\/noticias\/cuanto-subira-nivel-del-mar-zona-reto-la-ciencia-del-clima\/<\/a><\/div>\n<\/div>\n<\/div>\n","protected":false},"excerpt":{"rendered":"<p>Incluso en los escenarios m\u00e1s optimistas de reducci\u00f3n de emisiones, la capa de hielo que&#8230;<\/p>\n","protected":false},"author":1,"featured_media":18909,"comment_status":"closed","ping_status":"closed","sticky":false,"template":"","format":"standard","meta":{"_coblocks_attr":"","_coblocks_dimensions":"","_coblocks_responsive_height":"","_coblocks_accordion_ie_support":"","jetpack_post_was_ever_published":false,"_jetpack_newsletter_access":"","_jetpack_dont_email_post_to_subs":false,"_jetpack_newsletter_tier_id":0,"_jetpack_memberships_contains_paywalled_content":false,"_jetpack_memberships_contains_paid_content":false,"footnotes":"","jetpack_publicize_message":"","jetpack_publicize_feature_enabled":true,"jetpack_social_post_already_shared":false,"jetpack_social_options":{"image_generator_settings":{"template":"highway","default_image_id":0,"enabled":false},"version":2}},"categories":[1161,186,44,15],"tags":[141,4259,99,4260,730],"class_list":["post-18908","post","type-post","status-publish","format-standard","has-post-thumbnail","hentry","category-ciudadania","category-instituciones","category-noticias-de-hoy","category-ultimas-noticias","tag-artico","tag-artico-agua","tag-medio-ambiente","tag-subidas-del-mar","tag-temperaturas"],"jetpack_publicize_connections":[],"jetpack_featured_media_url":"https:\/\/i0.wp.com\/miradordeatarfe.es\/wp-content\/uploads\/2017\/10\/th_1cce678baa2865fe866ba90e481edd63_37118914933_196b7e2fd1_o-e1508426479560.jpg?fit=620%2C310&ssl=1","jetpack_likes_enabled":true,"jetpack_sharing_enabled":true,"_links":{"self":[{"href":"https:\/\/miradordeatarfe.es\/index.php?rest_route=\/wp\/v2\/posts\/18908","targetHints":{"allow":["GET"]}}],"collection":[{"href":"https:\/\/miradordeatarfe.es\/index.php?rest_route=\/wp\/v2\/posts"}],"about":[{"href":"https:\/\/miradordeatarfe.es\/index.php?rest_route=\/wp\/v2\/types\/post"}],"author":[{"embeddable":true,"href":"https:\/\/miradordeatarfe.es\/index.php?rest_route=\/wp\/v2\/users\/1"}],"replies":[{"embeddable":true,"href":"https:\/\/miradordeatarfe.es\/index.php?rest_route=%2Fwp%2Fv2%2Fcomments&post=18908"}],"version-history":[{"count":1,"href":"https:\/\/miradordeatarfe.es\/index.php?rest_route=\/wp\/v2\/posts\/18908\/revisions"}],"predecessor-version":[{"id":18910,"href":"https:\/\/miradordeatarfe.es\/index.php?rest_route=\/wp\/v2\/posts\/18908\/revisions\/18910"}],"wp:featuredmedia":[{"embeddable":true,"href":"https:\/\/miradordeatarfe.es\/index.php?rest_route=\/wp\/v2\/media\/18909"}],"wp:attachment":[{"href":"https:\/\/miradordeatarfe.es\/index.php?rest_route=%2Fwp%2Fv2%2Fmedia&parent=18908"}],"wp:term":[{"taxonomy":"category","embeddable":true,"href":"https:\/\/miradordeatarfe.es\/index.php?rest_route=%2Fwp%2Fv2%2Fcategories&post=18908"},{"taxonomy":"post_tag","embeddable":true,"href":"https:\/\/miradordeatarfe.es\/index.php?rest_route=%2Fwp%2Fv2%2Ftags&post=18908"}],"curies":[{"name":"wp","href":"https:\/\/api.w.org\/{rel}","templated":true}]}}