{"id":18922,"date":"2017-10-29T10:20:16","date_gmt":"2017-10-29T09:20:16","guid":{"rendered":"http:\/\/miradordeatarfe.es\/?p=18922"},"modified":"2017-10-29T11:07:38","modified_gmt":"2017-10-29T10:07:38","slug":"iii-concurso-de-relatos-de-ciencia-ficcion-somnium-2017-2","status":"publish","type":"post","link":"https:\/\/miradordeatarfe.es\/?p=18922","title":{"rendered":"ATARFE: III Concurso de Relatos de Ciencia Ficci\u00f3n \u00abSomnium\u00bb 2017"},"content":{"rendered":"<p style=\"text-align: justify;\">La Fundaci\u00f3n Sierra Elvira y la Facultad de Ciencias de la Universidad de Granada convocan este III Concurso de Relatos de Ciencia Ficci\u00f3n <i>\u00abSomnium\u00bb<\/i> dirigido a adultos no mayores de 32 a\u00f1os.<!--more--><br \/>\nLos participantes ser\u00e1n personas nacidas o residentes en Andaluc\u00eda, a la fecha de la inscripci\u00f3n.<\/p>\n<p style=\"text-align: justify;\">Texto escrito en espa\u00f1ol con un m\u00ednimo de 8000 y un m\u00e1ximo 10000 palabras; puede estar ilustrado (dibujos).<\/p>\n<p style=\"text-align: justify;\">Cada participante ha de enviar, junto con la obra escogida, una <a href=\"http:\/\/www.fundacionsierraelvira.org\/inscf17.doc\">Ficha de Inscripci\u00f3n<\/a>.<\/p>\n<p style=\"text-align: justify;\">El Jurado seleccionar\u00e1 varios relatos finalistas, de los cuales designar\u00e1 el I\u00ba, 2\u00ba y 3\u00ba premios, atendiendo a la calidad literaria, la coherencia de la exposici\u00f3n de las ideas y la creatividad del autor.<\/p>\n<p style=\"text-align: justify;\">Las obras premiadas y finalistas, seleccionadas, ser\u00e1n publicadas por la Fundaci\u00f3n y se donar\u00e1 15 ejemplares del volumen a cada uno de los autores de la publicaci\u00f3n.<\/p>\n<p style=\"text-align: justify;\">La Fundaci\u00f3n se reserva los derechos de publicaci\u00f3n, reproducci\u00f3n o retransmisi\u00f3n por cualquier medio, en espa\u00f1ol, durante 3 a\u00f1os.<\/p>\n<p style=\"text-align: justify;\">Plazo de Inscripci\u00f3n: hasta el <b>28 de febrero de 2018<\/b>.<\/p>\n<p style=\"text-align: justify;\">Lo expuesto es un resumen. Las condiciones detalladas se encuentran en las <a href=\"http:\/\/www.fundacionsierraelvira.org\/relatocf17.doc\">Bases del concurso<\/a>, que prevalecen sobre este resumen informativo.<\/p>\n<p><a href=\"http:\/\/www.fundacionsierraelvira.org\/activ.html\">http:\/\/www.fundacionsierraelvira.org\/activ.html<\/a><\/p>\n<p>&nbsp;<\/p>\n","protected":false},"excerpt":{"rendered":"<p>La Fundaci\u00f3n Sierra Elvira y la Facultad de Ciencias de la Universidad de Granada convocan&#8230;<\/p>\n","protected":false},"author":1,"featured_media":19032,"comment_status":"closed","ping_status":"closed","sticky":false,"template":"","format":"standard","meta":{"_coblocks_attr":"","_coblocks_dimensions":"","_coblocks_responsive_height":"","_coblocks_accordion_ie_support":"","jetpack_post_was_ever_published":false,"_jetpack_newsletter_access":"","_jetpack_dont_email_post_to_subs":false,"_jetpack_newsletter_tier_id":0,"_jetpack_memberships_contains_paywalled_content":false,"_jetpack_memberships_contains_paid_content":false,"footnotes":"","jetpack_publicize_message":"","jetpack_publicize_feature_enabled":true,"jetpack_social_post_already_shared":false,"jetpack_social_options":{"image_generator_settings":{"template":"highway","default_image_id":0,"enabled":false},"version":2}},"categories":[2,12,44,15],"tags":[81,90,4262,1244],"class_list":["post-18922","post","type-post","status-publish","format-standard","has-post-thumbnail","hentry","category-atarfe","category-cultura","category-noticias-de-hoy","category-ultimas-noticias","tag-atarfe","tag-cultura","tag-ficcion","tag-relatos"],"jetpack_publicize_connections":[],"jetpack_featured_media_url":"https:\/\/i0.wp.com\/miradordeatarfe.es\/wp-content\/uploads\/2017\/10\/list_640px.jpg?fit=640%2C480&ssl=1","jetpack_likes_enabled":true,"jetpack_sharing_enabled":true,"_links":{"self":[{"href":"https:\/\/miradordeatarfe.es\/index.php?rest_route=\/wp\/v2\/posts\/18922","targetHints":{"allow":["GET"]}}],"collection":[{"href":"https:\/\/miradordeatarfe.es\/index.php?rest_route=\/wp\/v2\/posts"}],"about":[{"href":"https:\/\/miradordeatarfe.es\/index.php?rest_route=\/wp\/v2\/types\/post"}],"author":[{"embeddable":true,"href":"https:\/\/miradordeatarfe.es\/index.php?rest_route=\/wp\/v2\/users\/1"}],"replies":[{"embeddable":true,"href":"https:\/\/miradordeatarfe.es\/index.php?rest_route=%2Fwp%2Fv2%2Fcomments&post=18922"}],"version-history":[{"count":2,"href":"https:\/\/miradordeatarfe.es\/index.php?rest_route=\/wp\/v2\/posts\/18922\/revisions"}],"predecessor-version":[{"id":18960,"href":"https:\/\/miradordeatarfe.es\/index.php?rest_route=\/wp\/v2\/posts\/18922\/revisions\/18960"}],"wp:featuredmedia":[{"embeddable":true,"href":"https:\/\/miradordeatarfe.es\/index.php?rest_route=\/wp\/v2\/media\/19032"}],"wp:attachment":[{"href":"https:\/\/miradordeatarfe.es\/index.php?rest_route=%2Fwp%2Fv2%2Fmedia&parent=18922"}],"wp:term":[{"taxonomy":"category","embeddable":true,"href":"https:\/\/miradordeatarfe.es\/index.php?rest_route=%2Fwp%2Fv2%2Fcategories&post=18922"},{"taxonomy":"post_tag","embeddable":true,"href":"https:\/\/miradordeatarfe.es\/index.php?rest_route=%2Fwp%2Fv2%2Ftags&post=18922"}],"curies":[{"name":"wp","href":"https:\/\/api.w.org\/{rel}","templated":true}]}}