{"id":18938,"date":"2017-10-24T11:36:22","date_gmt":"2017-10-24T09:36:22","guid":{"rendered":"http:\/\/miradordeatarfe.es\/?p=18938"},"modified":"2017-10-23T13:47:21","modified_gmt":"2017-10-23T11:47:21","slug":"transportes-no-contempla-suprimir-la-linea-122-de-atarfe","status":"publish","type":"post","link":"https:\/\/miradordeatarfe.es\/?p=18938","title":{"rendered":"Transportes no contempla suprimir la l\u00ednea 122 de Atarfe"},"content":{"rendered":"<div id=\"container_principal\" class=\"disp_float\">\n<div class=\"breves disp_float width100\">\n<p class=\"titular\">Transportes no contempla suprimir la l\u00ednea 122 de Atarfe y aplicar\u00e1 mejoras en las zonas Noreste y Sur del &#8216;Cintur\u00f3n&#8217;Todas forman partes de la \u00abgran modificaci\u00f3n\u00bb que se realizar\u00e1 desde el 1 de enero con motivo de la puesta en funcionamiento del Metro de Granada<!--more--><\/p>\n<div class=\"contenedor\">\n<div id=\"attachment_102025\" class=\"wp-caption alignright\"><\/div>\n<p>El Consorcio de Transporte Metropolitano de <strong>Granada<\/strong> se prepara para introducir la \u201cgran modificaci\u00f3n\u201d de numerosas l\u00edneas a partir del 1 de enero. Coincidiendo con los tres primeros meses y medio de la puesta en funcionamiento del Metro de Granada, varios municipios registrar\u00e1n cambios en sus trayectos, con la finalidad de adaptarse a la nueva intermodalidad.<\/p>\n<p><em>La l\u00ednea 122 de Atarfe registrar\u00e1 mejoras para adaptarse a la nueva intermodalidad con el Metro de Granada<\/em><\/p>\n<p>Uno de esos cambios contemplados es el de la ruta 122 que realiza el autob\u00fas que comunica <strong>Atarfe<\/strong> con Granada capital pasando por <strong>Albolote<\/strong> y <strong>Maracena<\/strong>. Se trata de un trayecto que tiene la misma finalidad que el Metro de Granada con la salvedad de que el municipio atarfe\u00f1o no est\u00e1 incluido.<\/p>\n<p>Es por ello que fuentes de Transportes han indicado a <a href=\"http:\/\/www.ahoragranada.com\" target=\"_blank\" rel=\"noopener\"><strong>ahoraGranada<\/strong> <\/a>que desde hace unas semanas est\u00e1n estudiando c\u00f3mo adaptar esta l\u00ednea para evitar duplicidad de transporte p\u00fablico. Si bien, la intenci\u00f3n inicial nunca pasa por la supresi\u00f3n de la l\u00ednea 122, cuesti\u00f3n que provoc\u00f3 incluso que el pleno municipal se pronunciase en su defensa.<\/p>\n<p>En este sentido <a href=\"http:\/\/www.ahoragranada.com\/noticia\/atarfe-tambien-reclama-la-conexion-con-el-metro-y-mejoras-en-las-lineas-de-autobuses\/\" target=\"_blank\" rel=\"noopener\">reclamaron que ante dicha posibilidad se instalase un sistema de lanzaderas de bus <\/a>que conecte con <strong>Albolote<\/strong> con la misma frecuencia de paso y con derecho a transbordo con el Metro, \u201csin que suponga un sobrecoste\u201d para los atarfe\u00f1os.<\/p>\n<p>Otra de las l\u00edneas que en el otro punto tambi\u00e9n experimentar\u00e1 cambios es la que va de <strong>Las Gabias<\/strong> a Granada capital de forma directa, cuyos resultados son \u201cbuen\u00edsimos\u201d y que en principio se va a mantener con una mejora e incremento del servicio.<\/p>\n<p><a href=\"http:\/\/www.ahoragranada.com\/noticia\/dos-lineas-de-autobus-de-pulianas-seran-las-primeras-que-adaptaran-su-recorrido-por-el-metro\/\" target=\"_blank\" rel=\"noopener\">Al igual que ocurre desde este lunes con los autobuses que comunican <strong>Pulianas<\/strong> con la capital<\/a>, otras de las mejoras previstas est\u00e1n en las l\u00edneas de las zonas Noreste -Alfacar, V\u00edznar y Jun- y Sur -Hu\u00e9tor Vega, Monachil, C\u00e1jar y La Zubia, entre otros- para conectarlos de forma m\u00e1s directa con una parada del trazado del Metro de Granada.<\/p>\n<h4>Diferentes solicitudes<\/h4>\n<p>La delegada de Fomento y Vivienda de la Junta en Granada, Mariela Fern\u00e1ndez-Bermejo, ha explicado que cuando se implant\u00f3 el Metro de Granada la pretensi\u00f3n es que este medio de transporte se percibiera \u201ccon una mejora en el resto de municipios\u201d, para lo que desde hace semanas se estudia la reordenaci\u00f3n de numerosas l\u00edneas y las solicitudes de diferentes municipios que quieren un \u201ccontacto\u201d con el Metro.<\/p>\n<p>As\u00ed, el 1 de enero est\u00e1 prevista que se produzca la \u201cgran modificaci\u00f3n\u201d de las l\u00edneas porque ha de comprobarse \u201cc\u00f3mo responde la ciudadan\u00eda\u201d y se entremezclan todos los sistemas de transporte urbano como metropolitanos.<\/p>\n<p>Hay municipios, ha continuado Fern\u00e1ndez-Bermejo, que quieren un punto de conexi\u00f3n con el Metro y otros una mejora de la conexi\u00f3n directa con Granada, \u201creivindicadas desde hace mucho tiempo\u201d. As\u00ed, la p\u00e9rdida de viajeros est\u00e1 siendo \u201cmucho mejor\u201d de las estimaciones iniciales, con lo que se est\u00e1n \u201crobando veh\u00edculos privados\u201d de las v\u00edas metropolitanas.<\/p>\n<\/div>\n<\/div>\n<div class=\"columna_central\">\u00a0Foto y articulo publicado en AHORA GRANADA por<\/p>\n<h5><span class=\"autor\"><a title=\"Entradas de Luis F. Ruiz\" href=\"http:\/\/www.ahoragranada.com\/author\/luis-f-ruiz\/\" rel=\"author\">Luis F. Ruiz<\/a><\/span><\/h5>\n<h5><\/h5>\n<div id=\"attachment_102025\" class=\"wp-caption alignright\">\n<p class=\"wp-caption-text\">.<\/p>\n<\/div>\n<p>&nbsp;<\/p>\n<\/div>\n<\/div>\n<p>&nbsp;<\/p>\n<p>&nbsp;<\/p>\n","protected":false},"excerpt":{"rendered":"<p>Transportes no contempla suprimir la l\u00ednea 122 de Atarfe y aplicar\u00e1 mejoras en las zonas&#8230;<\/p>\n","protected":false},"author":1,"featured_media":18939,"comment_status":"closed","ping_status":"closed","sticky":false,"template":"","format":"standard","meta":{"_coblocks_attr":"","_coblocks_dimensions":"","_coblocks_responsive_height":"","_coblocks_accordion_ie_support":"","jetpack_post_was_ever_published":false,"_jetpack_newsletter_access":"","_jetpack_dont_email_post_to_subs":false,"_jetpack_newsletter_tier_id":0,"_jetpack_memberships_contains_paywalled_content":false,"_jetpack_memberships_contains_paid_content":false,"footnotes":"","jetpack_publicize_message":"","jetpack_publicize_feature_enabled":true,"jetpack_social_post_already_shared":false,"jetpack_social_options":{"image_generator_settings":{"template":"highway","default_image_id":0,"enabled":false},"version":2}},"categories":[2,1161,186,44,15],"tags":[81,4264,2136],"class_list":["post-18938","post","type-post","status-publish","format-standard","has-post-thumbnail","hentry","category-atarfe","category-ciudadania","category-instituciones","category-noticias-de-hoy","category-ultimas-noticias","tag-atarfe","tag-autobus","tag-metro"],"jetpack_publicize_connections":[],"jetpack_featured_media_url":"https:\/\/i0.wp.com\/miradordeatarfe.es\/wp-content\/uploads\/2017\/10\/Autob%C3%BAs-122-Atarfe-01-552x310.jpg?fit=552%2C310&ssl=1","jetpack_likes_enabled":true,"jetpack_sharing_enabled":true,"_links":{"self":[{"href":"https:\/\/miradordeatarfe.es\/index.php?rest_route=\/wp\/v2\/posts\/18938","targetHints":{"allow":["GET"]}}],"collection":[{"href":"https:\/\/miradordeatarfe.es\/index.php?rest_route=\/wp\/v2\/posts"}],"about":[{"href":"https:\/\/miradordeatarfe.es\/index.php?rest_route=\/wp\/v2\/types\/post"}],"author":[{"embeddable":true,"href":"https:\/\/miradordeatarfe.es\/index.php?rest_route=\/wp\/v2\/users\/1"}],"replies":[{"embeddable":true,"href":"https:\/\/miradordeatarfe.es\/index.php?rest_route=%2Fwp%2Fv2%2Fcomments&post=18938"}],"version-history":[{"count":1,"href":"https:\/\/miradordeatarfe.es\/index.php?rest_route=\/wp\/v2\/posts\/18938\/revisions"}],"predecessor-version":[{"id":18940,"href":"https:\/\/miradordeatarfe.es\/index.php?rest_route=\/wp\/v2\/posts\/18938\/revisions\/18940"}],"wp:featuredmedia":[{"embeddable":true,"href":"https:\/\/miradordeatarfe.es\/index.php?rest_route=\/wp\/v2\/media\/18939"}],"wp:attachment":[{"href":"https:\/\/miradordeatarfe.es\/index.php?rest_route=%2Fwp%2Fv2%2Fmedia&parent=18938"}],"wp:term":[{"taxonomy":"category","embeddable":true,"href":"https:\/\/miradordeatarfe.es\/index.php?rest_route=%2Fwp%2Fv2%2Fcategories&post=18938"},{"taxonomy":"post_tag","embeddable":true,"href":"https:\/\/miradordeatarfe.es\/index.php?rest_route=%2Fwp%2Fv2%2Ftags&post=18938"}],"curies":[{"name":"wp","href":"https:\/\/api.w.org\/{rel}","templated":true}]}}