{"id":1896,"date":"2015-05-23T10:08:51","date_gmt":"2015-05-23T10:08:51","guid":{"rendered":"http:\/\/miradordeatarfe.es\/?p=1896"},"modified":"2015-05-24T09:32:18","modified_gmt":"2015-05-24T09:32:18","slug":"cultura-impulsa-la-interactividad-y-las-nuevas-tecnologias-en-las-bibliotecas-publicas-de-granada","status":"publish","type":"post","link":"https:\/\/miradordeatarfe.es\/?p=1896","title":{"rendered":"Cultura impulsa la interactividad y las nuevas tecnolog\u00edas en las bibliotecas p\u00fablicas de Granada"},"content":{"rendered":"<p>GRANADA.-\u00a0La delegada territorial de Educaci\u00f3n, Cultura y Deporte, Ana G\u00e1mez, ha inaugurado este viernes los Encuentros Bibliotecarios Provinciales 2015, que han reunido a diferentes profesionales procedentes llegados desde distintos puntos de la provincia en representaci\u00f3n de algunas de las bibliotecas p\u00fablicas granadinas, que <strong>dan servicio a la ciudadan\u00eda de 77 municipios de Granada.\u00a0<\/strong><!--more--><\/p>\n<p class=\"p1\">\u201c<strong>La red de Bibliotecas P\u00fablicas de Andaluc\u00eda es un buen ejemplo del impulso del conocimiento como herramienta de mejora social<\/strong>, del esp\u00edritu de servicio p\u00fablico a la ciudadan\u00eda que a\u00fana todas las actuaciones del gobierno andaluz\u201d, ha explicado G\u00e1mez, que valor\u00f3 \u201cel esfuerzo que realiza la Junta para llevar la cultura a todos los rincones de Andaluc\u00eda, mediante la mayor red de bibliotecas p\u00fablicas de todo el pa\u00eds, habiendo pasado de 80 a casi 1000 bibliotecas en los \u00faltimos 30 a\u00f1os\u00bb, que se coordinan adem\u00e1s con los centros educativos y las bibliotecas escolares, \u00abcon el objetivo de hacer de la lectura una actividad cotidiana desde edades muy tempranas\u00bb.<\/p>\n<p class=\"p1\"><strong>La adaptaci\u00f3n a las nuevas tecnolog\u00edas ha sido el tema fundamental<\/strong> de la ponencia de este a\u00f1o, que ha versado sobre las tres herramientas digitales puestas en marcha por la Red de Bibliotecas P\u00fablicas de Andaluc\u00eda para facilitar el acceso a la informaci\u00f3n de toda la ciudadan\u00eda. Si el a\u00f1o pasado nac\u00eda el servicio de pr\u00e9stamo electr\u00f3nico E-Biblio Andaluc\u00eda y se pon\u00eda en marcha el cat\u00e1logo digital OPAC 2.0, ahora se propone un nuevo Sistema de Informaci\u00f3n Estad\u00edstica (SIE), que mejora y facilita el proceso de recogida y env\u00edo de los datos estad\u00edsticos de los centros bibliotecarios andaluces.<\/p>\n<p class=\"p1\">La delegada de Cultura ha valorado la gran labor de los centros bibliotecarios, que se encuentran en la vanguardia del pa\u00eds mediante la incorporaci\u00f3n de estas herramientas que\u00a0 mejoran la experiencia de los usuarios y les permiten un acceso r\u00e1pido y eficaz a la informaci\u00f3n. G\u00e1mez ha valorado asimismo el esfuerzo de la Junta de Andaluc\u00eda por llevar el acceso a la cultura a todos los rincones de la provincia, con 103 bibliotecas p\u00fablicas en 77 municipios, a las que de forma inminente se unir\u00e1n Esc\u00fazar y Z\u00fajar, que tienen prevista su apertura a lo largo de este a\u00f1o.<\/p>\n<p class=\"p1\">Sin embargo, G\u00e1mez ha lamentado que en torno a un 10 por ciento de la poblaci\u00f3n granadina, en general residente en n\u00facleos peque\u00f1os y dispersos, no tenga acceso a servicio bibliotecario, ni siquiera de forma itinerante, como exige la ley. Por ello, ha exigido a la Diputaci\u00f3n Provincial que vuelva a poner en marcha el servicio de Bibliob\u00fas, que suspendi\u00f3 el servicio en 2012 con la excusa de una aver\u00eda y que a\u00fan sigue paralizado, dejando sin servicio precisamente a los municipios que tienen m\u00e1s dificultad en el acceso a la cultura.<\/p>\n<p class=\"p1\">En este sentido, la delegada ha valorado el papel fundamental de las 368 Bibliotecas Escolares, que est\u00e1n presentes en todos los centros educativos p\u00fablicos de la provincia, ofreciendo servicio a todos los escolares granadinos y a sus familias mediante diferentes planes y programas de fomento de la lectura.<\/p>\n<p class=\"p2\"><strong>BIBLIOTECAS 2.0<\/strong><\/p>\n<p class=\"p1\">Los Encuentros Provinciales se han centrado en la puesta en valor de la adaptaci\u00f3n del sistema bibliotecario andaluz a la sociedad de la informaci\u00f3n, mediante la incorporaci\u00f3n de herramientas como E-Biblio, OPAC 2.0 y el nuevo SIE.<\/p>\n<p class=\"p2\"><strong>El servicio E-Biblio lleg\u00f3 el pasado oto\u00f1o<\/strong> con la intenci\u00f3n de permitir la lectura de libros electr\u00f3nicos a trav\u00e9s de internet. Se trata de una plataforma tecnol\u00f3gica que permite al usuario acceder al cat\u00e1logo y tomar en pr\u00e9stamo las principales novedades editoriales en formato digital para leerlas en diferentes dispositivos, tales como tabletas, tel\u00e9fonos inteligentes, ordenadores personales o lectores de libros electr\u00f3nicos. El cat\u00e1logo de E-Biblio pretende ofrecer novedades editoriales de inter\u00e9s para diferentes tipos de lectores, con secciones de narrativa, poes\u00eda y teatro, as\u00ed como obras generales sobre ciencias, arte o humanidades, salud, autoayuda, ocio, viajes, deportes o inform\u00e1tica. La plataforma virtual tambi\u00e9n ofrece audiolibros y una interesante colecci\u00f3n de obras de ficci\u00f3n y no ficci\u00f3n para el p\u00fablico infantil y juvenil.<\/p>\n<p class=\"p1\"><strong>Otra herramienta digital de gran calado es el nuevo cat\u00e1logo en l\u00ednea AbsysNET OPAC 2.0,<\/strong> que permite a los usuarios interactuar mediante comentarios, etiquetas y puntuaciones, que amplian la informaci\u00f3n sobre cada ejemplar. De esta forma el uso de informaci\u00f3n social y el aprovechamiento de la inteligencia colectiva ayudan a reforzar el papel del cat\u00e1logo no como un mero buscador, sino como una herramienta de descubrimiento de informaci\u00f3n que mejora la experiencia del usuario mediante la interacci\u00f3n con la comunidad lectora.<\/p>\n<p class=\"p1\">Ahora se incorpora a esta configuraci\u00f3n 2.0 de la Red de Bibliotecas P\u00fablicas de Andaluc\u00eda una nueva herramienta, el Sistema de Informaci\u00f3n Estad\u00edstica (SIE), que utiliza internet como medio para suministrar de forma f\u00e1cil y din\u00e1mica la informaci\u00f3n sobre las caracter\u00edsticas y funcionamiento de las biblitoecas andaluzas, con vistas a la mejora de la red y a la planificaci\u00f3n eficiente de los recursos.<\/p>\n","protected":false},"excerpt":{"rendered":"<p>GRANADA.-\u00a0La delegada territorial de Educaci\u00f3n, Cultura y Deporte, Ana G\u00e1mez, ha inaugurado este viernes los&#8230;<\/p>\n","protected":false},"author":1,"featured_media":1897,"comment_status":"closed","ping_status":"closed","sticky":false,"template":"","format":"standard","meta":{"_coblocks_attr":"","_coblocks_dimensions":"","_coblocks_responsive_height":"","_coblocks_accordion_ie_support":"","jetpack_post_was_ever_published":false,"_jetpack_newsletter_access":"","_jetpack_dont_email_post_to_subs":false,"_jetpack_newsletter_tier_id":0,"_jetpack_memberships_contains_paywalled_content":false,"_jetpack_memberships_contains_paid_content":false,"footnotes":"","jetpack_publicize_message":"","jetpack_publicize_feature_enabled":true,"jetpack_social_post_already_shared":false,"jetpack_social_options":{"image_generator_settings":{"template":"highway","default_image_id":0,"enabled":false},"version":2}},"categories":[12,15],"tags":[705,706],"class_list":["post-1896","post","type-post","status-publish","format-standard","has-post-thumbnail","hentry","category-cultura","category-ultimas-noticias","tag-biblioteca-2-0","tag-libros-digitales"],"jetpack_publicize_connections":[],"jetpack_featured_media_url":"https:\/\/i0.wp.com\/miradordeatarfe.es\/wp-content\/uploads\/2015\/05\/encuentrosbibliotecariosjuntagr.jpg?fit=470%2C352&ssl=1","jetpack_likes_enabled":true,"jetpack_sharing_enabled":true,"_links":{"self":[{"href":"https:\/\/miradordeatarfe.es\/index.php?rest_route=\/wp\/v2\/posts\/1896","targetHints":{"allow":["GET"]}}],"collection":[{"href":"https:\/\/miradordeatarfe.es\/index.php?rest_route=\/wp\/v2\/posts"}],"about":[{"href":"https:\/\/miradordeatarfe.es\/index.php?rest_route=\/wp\/v2\/types\/post"}],"author":[{"embeddable":true,"href":"https:\/\/miradordeatarfe.es\/index.php?rest_route=\/wp\/v2\/users\/1"}],"replies":[{"embeddable":true,"href":"https:\/\/miradordeatarfe.es\/index.php?rest_route=%2Fwp%2Fv2%2Fcomments&post=1896"}],"version-history":[{"count":1,"href":"https:\/\/miradordeatarfe.es\/index.php?rest_route=\/wp\/v2\/posts\/1896\/revisions"}],"predecessor-version":[{"id":1898,"href":"https:\/\/miradordeatarfe.es\/index.php?rest_route=\/wp\/v2\/posts\/1896\/revisions\/1898"}],"wp:featuredmedia":[{"embeddable":true,"href":"https:\/\/miradordeatarfe.es\/index.php?rest_route=\/wp\/v2\/media\/1897"}],"wp:attachment":[{"href":"https:\/\/miradordeatarfe.es\/index.php?rest_route=%2Fwp%2Fv2%2Fmedia&parent=1896"}],"wp:term":[{"taxonomy":"category","embeddable":true,"href":"https:\/\/miradordeatarfe.es\/index.php?rest_route=%2Fwp%2Fv2%2Fcategories&post=1896"},{"taxonomy":"post_tag","embeddable":true,"href":"https:\/\/miradordeatarfe.es\/index.php?rest_route=%2Fwp%2Fv2%2Ftags&post=1896"}],"curies":[{"name":"wp","href":"https:\/\/api.w.org\/{rel}","templated":true}]}}