{"id":1899,"date":"2015-05-23T10:20:56","date_gmt":"2015-05-23T10:20:56","guid":{"rendered":"http:\/\/miradordeatarfe.es\/?p=1899"},"modified":"2015-05-25T07:37:11","modified_gmt":"2015-05-25T07:37:11","slug":"presentacion-del-proyecto-somos-biodiversidad-atarfe","status":"publish","type":"post","link":"https:\/\/miradordeatarfe.es\/?p=1899","title":{"rendered":"Presentaci\u00f3n del proyecto \u2018Somos Biodiversidad Atarfe\u2019"},"content":{"rendered":"<p>22 de mayo de 2015, d\u00eda de la Biodiversidad, dentro del programa \u2018[Andaluc\u00eda], mejor con Ciencia\u2019, se ha presentado el proyecto \u2018Somos Biodiversidad Atarfe\u2019. La presentaci\u00f3n ha tenido lugar en el Centro Cultural Medina Elvira y en ella han participado las clases de los colegios CEIP Atalaya, CEIP Medina Elvira y CEIP Fernando de los R\u00edos que forman parte del proyecto y que durante el acto han conseguido sus diplomas de \u2018Patrullas de la Biodiversidad\u2019. Eso s\u00ed,\u00a0antes hemos aprendido un poco m\u00e1s sobre Biodiversidad de la mano de Carmen Segura, licenciada en Ciencias Ambientales y t\u00e9cnico de divulgaci\u00f3n de la Fundaci\u00f3n Descubre.<!--more--><\/p>\n<p>Somos Biodiversidad Atarfe es un proyecto comunitario que se ha puesto en marcha como continuaci\u00f3n de la l\u00ednea estrat\u00e9gica que se inici\u00f3\u00a0el a\u00f1o pasado a partir del proyecto CREECE (Comunidad para la Restauraci\u00f3n Ecol\u00f3gica del Estanque del Corredor Verde).\u00a0Los objetivos con los que empez\u00f3 el proyecto CREECE siguen plenamente vigentes en la\u00a0localidad, por lo que este a\u00f1o se han atrevido a seguir mejorando entre todos la biodiversidad de Atarfe. En este caso, a partir de un nuevo proyecto que tratar\u00e1 de concienciar sobre la importancia de respetar el entorno e implicar al alumnado y al resto de la comunidad atarfe\u00f1a de forma activa en su preservaci\u00f3n y mejora.<\/p>\n<p>Si quer\u00e9is saber m\u00e1s y seguir al tanto de como evoluciona el proyecto no dej\u00e9is de visitar el\u00a0<a href=\"http:\/\/somosbiodiversidadatarfe.blogspot.com.es\/\">blog del proyecto<\/a>. Y QUE VEAIS ESTE VIDEO: <a href=\"https:\/\/www.youtube.com\/watch?v=b9dkkiU4g3Q\">https:\/\/www.youtube.com\/watch?v=b9dkkiU4g3Q<\/a><\/p>\n<p><a href=\"https:\/\/i0.wp.com\/gestion.fundaciondescubre.es\/files\/2015\/05\/DSC07993.jpg\"><img data-recalc-dims=\"1\" loading=\"lazy\" decoding=\"async\" class=\"aligncenter wp-image-28282 size-large\" src=\"https:\/\/i0.wp.com\/gestion.fundaciondescubre.es\/files\/2015\/05\/DSC07993-1024x682.jpg?resize=640%2C426\" alt=\"DSC07993\" width=\"640\" height=\"426\" \/><\/a><\/p>\n<p>&nbsp;<\/p>\n<p><a href=\"https:\/\/i0.wp.com\/gestion.fundaciondescubre.es\/files\/2015\/05\/DSC07962.jpg\"><img data-recalc-dims=\"1\" loading=\"lazy\" decoding=\"async\" class=\"aligncenter wp-image-28283 size-large\" src=\"https:\/\/i0.wp.com\/gestion.fundaciondescubre.es\/files\/2015\/05\/DSC07962-1024x682.jpg?resize=640%2C426\" alt=\"DSC07962\" width=\"640\" height=\"426\" \/><\/a><\/p>\n<p><a href=\"https:\/\/i0.wp.com\/gestion.fundaciondescubre.es\/files\/2015\/05\/DSC07971.jpg\"><img data-recalc-dims=\"1\" loading=\"lazy\" decoding=\"async\" class=\"aligncenter size-large wp-image-28284\" src=\"https:\/\/i0.wp.com\/gestion.fundaciondescubre.es\/files\/2015\/05\/DSC07971-1024x682.jpg?resize=640%2C426\" alt=\"DSC07971\" width=\"640\" height=\"426\" \/><\/a><\/p>\n<p><a href=\"https:\/\/i0.wp.com\/gestion.fundaciondescubre.es\/files\/2015\/05\/DSC08000.jpg\"><img data-recalc-dims=\"1\" loading=\"lazy\" decoding=\"async\" class=\"aligncenter size-large wp-image-28286\" src=\"https:\/\/i0.wp.com\/gestion.fundaciondescubre.es\/files\/2015\/05\/DSC08000-1024x682.jpg?resize=640%2C426\" alt=\"DSC08000\" width=\"640\" height=\"426\" \/><\/a><\/p>\n<p><a href=\"https:\/\/i0.wp.com\/gestion.fundaciondescubre.es\/files\/2015\/05\/DSC07997.jpg\"><img data-recalc-dims=\"1\" loading=\"lazy\" decoding=\"async\" class=\"aligncenter size-large wp-image-28285\" src=\"https:\/\/i0.wp.com\/gestion.fundaciondescubre.es\/files\/2015\/05\/DSC07997-1024x682.jpg?resize=640%2C426\" alt=\"DSC07997\" width=\"640\" height=\"426\" \/><\/a><\/p>\n<p><a href=\"https:\/\/i0.wp.com\/gestion.fundaciondescubre.es\/files\/2015\/05\/DSC08014.jpg\"><img data-recalc-dims=\"1\" loading=\"lazy\" decoding=\"async\" class=\"aligncenter size-large wp-image-28287\" src=\"https:\/\/i0.wp.com\/gestion.fundaciondescubre.es\/files\/2015\/05\/DSC08014-1024x682.jpg?resize=640%2C426\" alt=\"DSC08014\" width=\"640\" height=\"426\" \/><\/a><\/p>\n","protected":false},"excerpt":{"rendered":"<p>22 de mayo de 2015, d\u00eda de la Biodiversidad, dentro del programa \u2018[Andaluc\u00eda], mejor con&#8230;<\/p>\n","protected":false},"author":1,"featured_media":1900,"comment_status":"closed","ping_status":"closed","sticky":false,"template":"","format":"standard","meta":{"_coblocks_attr":"","_coblocks_dimensions":"","_coblocks_responsive_height":"","_coblocks_accordion_ie_support":"","jetpack_post_was_ever_published":false,"_jetpack_newsletter_access":"","_jetpack_dont_email_post_to_subs":false,"_jetpack_newsletter_tier_id":0,"_jetpack_memberships_contains_paywalled_content":false,"_jetpack_memberships_contains_paid_content":false,"footnotes":"","jetpack_publicize_message":"","jetpack_publicize_feature_enabled":true,"jetpack_social_post_already_shared":false,"jetpack_social_options":{"image_generator_settings":{"template":"highway","default_image_id":0,"enabled":false},"version":2}},"categories":[2,15],"tags":[707,27],"class_list":["post-1899","post","type-post","status-publish","format-standard","has-post-thumbnail","hentry","category-atarfe","category-ultimas-noticias","tag-biodiversidad","tag-educacion"],"jetpack_publicize_connections":[],"jetpack_featured_media_url":"https:\/\/i0.wp.com\/miradordeatarfe.es\/wp-content\/uploads\/2015\/05\/DSC07973-1024x682.jpg?fit=1024%2C682&ssl=1","jetpack_likes_enabled":true,"jetpack_sharing_enabled":true,"_links":{"self":[{"href":"https:\/\/miradordeatarfe.es\/index.php?rest_route=\/wp\/v2\/posts\/1899","targetHints":{"allow":["GET"]}}],"collection":[{"href":"https:\/\/miradordeatarfe.es\/index.php?rest_route=\/wp\/v2\/posts"}],"about":[{"href":"https:\/\/miradordeatarfe.es\/index.php?rest_route=\/wp\/v2\/types\/post"}],"author":[{"embeddable":true,"href":"https:\/\/miradordeatarfe.es\/index.php?rest_route=\/wp\/v2\/users\/1"}],"replies":[{"embeddable":true,"href":"https:\/\/miradordeatarfe.es\/index.php?rest_route=%2Fwp%2Fv2%2Fcomments&post=1899"}],"version-history":[{"count":1,"href":"https:\/\/miradordeatarfe.es\/index.php?rest_route=\/wp\/v2\/posts\/1899\/revisions"}],"predecessor-version":[{"id":1901,"href":"https:\/\/miradordeatarfe.es\/index.php?rest_route=\/wp\/v2\/posts\/1899\/revisions\/1901"}],"wp:featuredmedia":[{"embeddable":true,"href":"https:\/\/miradordeatarfe.es\/index.php?rest_route=\/wp\/v2\/media\/1900"}],"wp:attachment":[{"href":"https:\/\/miradordeatarfe.es\/index.php?rest_route=%2Fwp%2Fv2%2Fmedia&parent=1899"}],"wp:term":[{"taxonomy":"category","embeddable":true,"href":"https:\/\/miradordeatarfe.es\/index.php?rest_route=%2Fwp%2Fv2%2Fcategories&post=1899"},{"taxonomy":"post_tag","embeddable":true,"href":"https:\/\/miradordeatarfe.es\/index.php?rest_route=%2Fwp%2Fv2%2Ftags&post=1899"}],"curies":[{"name":"wp","href":"https:\/\/api.w.org\/{rel}","templated":true}]}}