{"id":18992,"date":"2017-10-29T10:49:37","date_gmt":"2017-10-29T09:49:37","guid":{"rendered":"http:\/\/miradordeatarfe.es\/?p=18992"},"modified":"2020-06-26T13:34:48","modified_gmt":"2020-06-26T11:34:48","slug":"cocomocho-putin-y-pinito-de-oro-por-juan-alfredo-bellon","status":"publish","type":"post","link":"https:\/\/miradordeatarfe.es\/?p=18992","title":{"rendered":"COCOMOCHO, PUTIN Y PINITO DE ORO  por Juan Alfredo Bell\u00f3n"},"content":{"rendered":"<p><i><b>COCOMOCHO, PUTIN Y PINITO DE ORO <\/b><\/i><b>por Juan Alfredo Bell\u00f3n <\/b><b>para\u00a0 EL MIRADOR DE ATARFE<\/b><b>del domingo 29-10-2017<\/b><!--more--><\/p>\n<p align=\"JUSTIFY\">A pesar de las promesas de este <i>juntaletras <\/i>de no escribir m\u00e1s sobre el asunto de la catalanidad independentista (hay que ver qu\u00e9 poca y qu\u00e9 mala memoria la de estos almog\u00e1vares venidos a m\u00e1s) titulo hoy esta columna con uno de los apodos m\u00e1s felices dedicados al President Puigdemont en una tertulia bastante festiva de nuestra radio generalista, porque el tal <i>molt honorable <\/i>tiene la cocorota (el <i>coco<\/i>) como un <i>mocho<\/i> de fregar invertido, con las guedejas subidas y caidas del centro hacia afuera y de arriba hacia abajo: es un primor de estilismo canino lleno de personalidad emergente, de <i>sanfa\u00e7onerie <\/i>refugiada detr\u00e1s de esa facha juguetona propia de los personajes protagonistas de los <i>comics<\/i> juveniles. As\u00ed que perd\u00f3n por el apodo que aqu\u00ed es m\u00e1s descriptivo que peyorativo.<\/p>\n<p align=\"JUSTIFY\">Pues eso, que <i>Cocomocho<\/i> anunci\u00f3 que comparecer\u00eda el jueves 26 de octubre en el Senado, a partir de las cinco de la tarde, como Ignacio S\u00e1nchez Meg\u00edas, para jugar con el paralelismo lorquiano con todas sus consecuencias, por si lo fusilaban, que tampoco ser\u00eda el primer <i>President de la Generalitat<\/i> en salir trasquilado <i>de la intentona independentista<\/i> o, como se dice ahora, <i>del desaf\u00edo separatista <\/i>o de<i> la aventura secesionista, <\/i>todos ellos pecados <i>de lesa espa\u00f1olidad. <\/i>Esto quiere decir que, cuando aparezca este art\u00edculo en la nube virtual de la presnsa digital del domingo 29, ya se habr\u00e1 producido (o no) la supuesta comparecencia y se sabr\u00e1 que conejo se habr\u00e1 sacado don Carles de la chistera para cuadrar el C\u00edrculo de complacer a la CUT, JxS\u00cd, P., CAT, Ezquerra Republicana y dem\u00e1s formaciones y plataformas catalanistas y, al mismo tiempo, no molestar demasiado a Ciutadans, Adas Colaus, PESOEs de S\u00e1nchez y de Iceta y, sobre todo, PPs; y digo sobre todo porque, siendo el PP el que m\u00e1s se juega, no puede en estos momentos permitirse el lujo de que el conflicto catal\u00e1n deje de servirle de pantalla para tapar ante el pr\u00f3ximo futuro electorado el marronazo de la G\u00fcrtel.<\/p>\n<p align=\"JUSTIFY\">Por eso, lo m\u00e1s probable es que no se presente el soberanismo catalanista en Madrid para alegar nada en torno a la puesta en marcha del art\u00edculo 155 de la Constituci\u00f3n y as\u00ed quede su comparecencia desierta y la pelota en el tejado costitucionalista y gubernamental, para ver c\u00f3mo se las maravilla Rajoy y qu\u00e9 se atreve a hacer o decir tras esa incomparecencia y tras el suiguiente movimiento t\u00e1ctico de estos <i>neo Rogeres<\/i> (de Lauria y de Flor) que tienen a la Santamar\u00eda de los nervios y a Mariano a punto de perder su flema gallega acencrada e mil batallas y lo que te rondar\u00e9 morena\u2026<\/p>\n<p align=\"JUSTIFY\">Y mientras, los espa\u00f1oles de a pie seguiremos pagando las consecuencias de este c\u00famulo de desprop\u00f3sitos donde a ver qui\u00e9n se inventa una trampa mayor para hacer que esto parezca una pel\u00edcula de chinos y qui\u00e9n se cansa primero y pierde la paciencia por las consecuencias comerciales del boicot a los produntos catalanes y, a los productones de materias primas, que son tambi\u00e9n agricultores del resto de Espa\u00f1a.<\/p>\n<p align=\"JUSTIFY\">Mientras, sigue la deslocalizaci\u00f3n industrial, comercial y bancaria y, en menos que canta un gallo, se les van la SEAT y las f\u00e1bricas de salchichones y de butifarras y hasta las de los moldeadores navide\u00f1os de los <i>caganets. <\/i>Y contin\u00faa el aislamiento ferroviario granadino y la supersequ\u00eda nacional que puede llegar a afectar a los manantiales de Lanjar\u00f3n, Loja, Graena, etc., etc. Y para terminar, queda el arte. Saben que acaba de morir a los ochenta y seis a\u00f1os Pinito de Oro, la famosa trapecista que, aunque por su nombre era canaria, seguro que tuvo alguna empresa radicada en el Paralelo y que debi\u00f3 darle clases de funambulismo a Rajoy y al resto de la plana mayor del PP y de Ezquerra Republicana de Catalu\u00f1a, incuido el se\u00f1or Rufi\u00e1n que buena falta le hace. Y asi ma\u00f1ana ser\u00e1 otro d\u00eda y ver\u00e1 el tuerto los esp\u00e1rragos aunque sin comparecencia f\u00edsica ante el Senado. Y Putin entra de nuevo y alienta al independentismo con un enviado especial a Catalu\u00f1a. [Continuar\u00e1&#8230;]<\/p>\n","protected":false},"excerpt":{"rendered":"<p>COCOMOCHO, PUTIN Y PINITO DE ORO por Juan Alfredo Bell\u00f3n para\u00a0 EL MIRADOR DE ATARFEdel&#8230;<\/p>\n","protected":false},"author":1,"featured_media":18993,"comment_status":"closed","ping_status":"closed","sticky":false,"template":"","format":"standard","meta":{"_coblocks_attr":"","_coblocks_dimensions":"","_coblocks_responsive_height":"","_coblocks_accordion_ie_support":"","jetpack_post_was_ever_published":false,"_jetpack_newsletter_access":"","_jetpack_dont_email_post_to_subs":false,"_jetpack_newsletter_tier_id":0,"_jetpack_memberships_contains_paywalled_content":false,"_jetpack_memberships_contains_paid_content":false,"footnotes":"","jetpack_publicize_message":"","jetpack_publicize_feature_enabled":true,"jetpack_social_post_already_shared":false,"jetpack_social_options":{"image_generator_settings":{"template":"highway","default_image_id":0,"enabled":false},"version":2}},"categories":[1161,186,36,44,15],"tags":[152,725,1053,1104],"class_list":["post-18992","post","type-post","status-publish","format-standard","has-post-thumbnail","hentry","category-ciudadania","category-instituciones","category-opinion-de-juan-alfredo-bellon","category-noticias-de-hoy","category-ultimas-noticias","tag-cataluna","tag-espana","tag-europa","tag-independentismo"],"jetpack_publicize_connections":[],"jetpack_featured_media_url":"https:\/\/i0.wp.com\/miradordeatarfe.es\/wp-content\/uploads\/2017\/10\/proceso-soberanista-catalu%C3%B1a.jpg?fit=411%2C291&ssl=1","jetpack_likes_enabled":true,"jetpack_sharing_enabled":true,"_links":{"self":[{"href":"https:\/\/miradordeatarfe.es\/index.php?rest_route=\/wp\/v2\/posts\/18992","targetHints":{"allow":["GET"]}}],"collection":[{"href":"https:\/\/miradordeatarfe.es\/index.php?rest_route=\/wp\/v2\/posts"}],"about":[{"href":"https:\/\/miradordeatarfe.es\/index.php?rest_route=\/wp\/v2\/types\/post"}],"author":[{"embeddable":true,"href":"https:\/\/miradordeatarfe.es\/index.php?rest_route=\/wp\/v2\/users\/1"}],"replies":[{"embeddable":true,"href":"https:\/\/miradordeatarfe.es\/index.php?rest_route=%2Fwp%2Fv2%2Fcomments&post=18992"}],"version-history":[{"count":1,"href":"https:\/\/miradordeatarfe.es\/index.php?rest_route=\/wp\/v2\/posts\/18992\/revisions"}],"predecessor-version":[{"id":18994,"href":"https:\/\/miradordeatarfe.es\/index.php?rest_route=\/wp\/v2\/posts\/18992\/revisions\/18994"}],"wp:featuredmedia":[{"embeddable":true,"href":"https:\/\/miradordeatarfe.es\/index.php?rest_route=\/wp\/v2\/media\/18993"}],"wp:attachment":[{"href":"https:\/\/miradordeatarfe.es\/index.php?rest_route=%2Fwp%2Fv2%2Fmedia&parent=18992"}],"wp:term":[{"taxonomy":"category","embeddable":true,"href":"https:\/\/miradordeatarfe.es\/index.php?rest_route=%2Fwp%2Fv2%2Fcategories&post=18992"},{"taxonomy":"post_tag","embeddable":true,"href":"https:\/\/miradordeatarfe.es\/index.php?rest_route=%2Fwp%2Fv2%2Ftags&post=18992"}],"curies":[{"name":"wp","href":"https:\/\/api.w.org\/{rel}","templated":true}]}}