{"id":18995,"date":"2017-10-30T09:46:43","date_gmt":"2017-10-30T08:46:43","guid":{"rendered":"http:\/\/miradordeatarfe.es\/?p=18995"},"modified":"2017-10-27T17:52:00","modified_gmt":"2017-10-27T15:52:00","slug":"el-defensor-del-pueblo-recomienda-aplicar-un-iva-reducido-a-la-electricidad-por-ser-un-bien-esencial","status":"publish","type":"post","link":"https:\/\/miradordeatarfe.es\/?p=18995","title":{"rendered":"El Defensor del Pueblo recomienda aplicar un IVA reducido a la electricidad por ser un bien esencial"},"content":{"rendered":"<div class=\"elemento\">\n<div id=\"titular\" class=\"titulo\"><\/div>\n<p>Seg\u00fan ha recordado la Instituci\u00f3n, la regulaci\u00f3n sobre el impuesto prev\u00e9 un tipo impositivo reducido para bienes y servicios de primera necesidad.<\/p>\n<\/div>\n<p><!--more-->El Defensor del Pueblo, <strong>Francisco Fern\u00e1ndez Marug\u00e1n<\/strong>, ha recomendado al Ministerio de Hacienda que aplique un IVA reducido a la electricidad por tratarse de un bien esencial, tras haber recibido quejas de ciudadanos por el elevado precio de la factura de la luz.<\/p>\n<div id=\"contenedor\">\n<div id=\"contenido\" class=\"p70\">\n<div class=\"interior\">\n<div id=\"textoScroll\">\n<div class=\"elemento\">\n<div class=\"txtContenido\">\n<p>Seg\u00fan esta Instituci\u00f3n, \u00ab<em>la electricidad es un suministro indispensable para una vida digna y condici\u00f3n necesaria para el ejercicio de los derechos fundamentales, como el disfrute de la vivienda, la educaci\u00f3n, la alimentaci\u00f3n o la salud de las personas<\/em>\u00ab.<\/p>\n<p>Sin embargo, la electricidad no se beneficia del tipo reducido de IVA del que s\u00ed disfrutan otros tipos de bienes de primera necesidad. Por ello, el Defensor del Pueblo ha recordado que la regulaci\u00f3n sobre el IVA prev\u00e9 un tipo impositivo reducido para este tipo de bienes y servicios.<\/p>\n<p>Por \u00faltimo, la Instituci\u00f3n ha se\u00f1alado que \u00ab<em>la Directiva europea relativa al sistema com\u00fan del IVA permite que los Estados miembros puedan aplicar un tipo reducido del impuesto a las entregas de gas natural, electricidad o calefacci\u00f3n urbana<\/em>\u00ab.<\/p>\n<p><a href=\"https:\/\/www.facua.org\/es\/noticia.php?Id=12097\">https:\/\/www.facua.org\/es\/noticia.php?Id=12097<\/a><\/p>\n<\/div>\n<\/div>\n<\/div>\n<\/div>\n<\/div>\n<\/div>\n","protected":false},"excerpt":{"rendered":"<p>Seg\u00fan ha recordado la Instituci\u00f3n, la regulaci\u00f3n sobre el impuesto prev\u00e9 un tipo impositivo reducido&#8230;<\/p>\n","protected":false},"author":1,"featured_media":0,"comment_status":"closed","ping_status":"closed","sticky":false,"template":"","format":"standard","meta":{"_coblocks_attr":"","_coblocks_dimensions":"","_coblocks_responsive_height":"","_coblocks_accordion_ie_support":"","jetpack_post_was_ever_published":false,"_jetpack_newsletter_access":"","_jetpack_dont_email_post_to_subs":false,"_jetpack_newsletter_tier_id":0,"_jetpack_memberships_contains_paywalled_content":false,"_jetpack_memberships_contains_paid_content":false,"footnotes":"","jetpack_publicize_message":"","jetpack_publicize_feature_enabled":true,"jetpack_social_post_already_shared":false,"jetpack_social_options":{"image_generator_settings":{"template":"highway","default_image_id":0,"enabled":false},"version":2}},"categories":[1161,44,15],"tags":[4276,116,910,91],"class_list":["post-18995","post","type-post","status-publish","format-standard","hentry","category-ciudadania","category-noticias-de-hoy","category-ultimas-noticias","tag-consumio","tag-electricidad","tag-facua","tag-iva"],"jetpack_publicize_connections":[],"jetpack_featured_media_url":"","jetpack_likes_enabled":true,"jetpack_sharing_enabled":true,"_links":{"self":[{"href":"https:\/\/miradordeatarfe.es\/index.php?rest_route=\/wp\/v2\/posts\/18995","targetHints":{"allow":["GET"]}}],"collection":[{"href":"https:\/\/miradordeatarfe.es\/index.php?rest_route=\/wp\/v2\/posts"}],"about":[{"href":"https:\/\/miradordeatarfe.es\/index.php?rest_route=\/wp\/v2\/types\/post"}],"author":[{"embeddable":true,"href":"https:\/\/miradordeatarfe.es\/index.php?rest_route=\/wp\/v2\/users\/1"}],"replies":[{"embeddable":true,"href":"https:\/\/miradordeatarfe.es\/index.php?rest_route=%2Fwp%2Fv2%2Fcomments&post=18995"}],"version-history":[{"count":1,"href":"https:\/\/miradordeatarfe.es\/index.php?rest_route=\/wp\/v2\/posts\/18995\/revisions"}],"predecessor-version":[{"id":18997,"href":"https:\/\/miradordeatarfe.es\/index.php?rest_route=\/wp\/v2\/posts\/18995\/revisions\/18997"}],"wp:attachment":[{"href":"https:\/\/miradordeatarfe.es\/index.php?rest_route=%2Fwp%2Fv2%2Fmedia&parent=18995"}],"wp:term":[{"taxonomy":"category","embeddable":true,"href":"https:\/\/miradordeatarfe.es\/index.php?rest_route=%2Fwp%2Fv2%2Fcategories&post=18995"},{"taxonomy":"post_tag","embeddable":true,"href":"https:\/\/miradordeatarfe.es\/index.php?rest_route=%2Fwp%2Fv2%2Ftags&post=18995"}],"curies":[{"name":"wp","href":"https:\/\/api.w.org\/{rel}","templated":true}]}}