{"id":19025,"date":"2017-10-30T09:59:23","date_gmt":"2017-10-30T08:59:23","guid":{"rendered":"http:\/\/miradordeatarfe.es\/?p=19025"},"modified":"2017-10-28T19:03:34","modified_gmt":"2017-10-28T17:03:34","slug":"granada-va-a-contar-con-la-mejor-infraestructura-y-tecnologia-sanitaria-del-pais-y-de-europa","status":"publish","type":"post","link":"https:\/\/miradordeatarfe.es\/?p=19025","title":{"rendered":"GRANADA va a contar con la mejor infraestructura y tecnolog\u00eda sanitaria del pais y de Europa"},"content":{"rendered":"<p style=\"text-align: justify;\">La consejera de SALUD, Marina \u00c1lvarez, ha destacado este s\u00e1bado que, tras el proceso de desfusi\u00f3n HOSPITALARIA, Granada \u00abva a contar pr\u00e1cticamente con la mejor infraestructura y tecnolog\u00eda sanitaria que existe en el pa\u00eds y probablemente en Europa, con mejoras importantes en las dos \u00e1reas HOSPITALARIAS\u00bb de la ciudad \u00aby<span class=\"text_exposed_show\"> con 600 profesionales m\u00e1s que antes de comenzar la fusi\u00f3n\u00bb.<\/span><!--more--><\/p>\n<div class=\"text_exposed_show\">\n<p style=\"text-align: justify;\">As\u00ed lo ha expresado a preguntas de los periodistas al asistir en Granada a la clausura el 39 Congreso Nacional de la Sociedad Espa\u00f1ola de M\u00e9dicos de Atenci\u00f3n Primaria, donde ha reiterado que la Junta sigue \u00abcumpliendo los plazos que nos planteamos cuando se tom\u00f3 la decisi\u00f3n desfusionar los HOSPITALES\u00bb de la capital granadina.<\/p>\n<p style=\"text-align: justify;\">La consejera ha recordado que \u00abse derog\u00f3 la orden de fusi\u00f3n de HOSPITALES y se defini\u00f3 un plan funcional nuevo que define dos \u00e1reas HOSPITALARIAS para Granada\u00bb, as\u00ed como \u00abse ha definido la cartera de servicios de cada HOSPITAL, con las especialidades que debe tener cada uno de ellos\u00bb, y \u00abse han asignado los profesionales a cada \u00e1rea definida\u00bb.<\/p>\n<p style=\"text-align: justify;\">Ha remarcado que, en el plan funcional, \u00abson necesarias actuaciones en cuanto a obras en infraestructuras y adquisici\u00f3n de tecnolog\u00eda\u00bb para las que se tienen que \u00abseguir los plazos que exige la contrataci\u00f3n administrativa de cualquier organizaci\u00f3n sanitaria p\u00fablica\u00bb, seg\u00fan ha expuesto la consejera, que ha defendido adem\u00e1s que desde la Junta \u00absiempre hemos ido informando a la ciudadan\u00eda de c\u00f3mo van esos plazos\u00bb, que \u00abvamos cumpliendo\u00bb, seg\u00fan ha reiterado.<\/p>\n<\/div>\n","protected":false},"excerpt":{"rendered":"<p>La consejera de SALUD, Marina \u00c1lvarez, ha destacado este s\u00e1bado que, tras el proceso de&#8230;<\/p>\n","protected":false},"author":1,"featured_media":19026,"comment_status":"closed","ping_status":"closed","sticky":false,"template":"","format":"standard","meta":{"_coblocks_attr":"","_coblocks_dimensions":"","_coblocks_responsive_height":"","_coblocks_accordion_ie_support":"","jetpack_post_was_ever_published":false,"_jetpack_newsletter_access":"","_jetpack_dont_email_post_to_subs":false,"_jetpack_newsletter_tier_id":0,"_jetpack_memberships_contains_paywalled_content":false,"_jetpack_memberships_contains_paid_content":false,"footnotes":"","jetpack_publicize_message":"","jetpack_publicize_feature_enabled":true,"jetpack_social_post_already_shared":false,"jetpack_social_options":{"image_generator_settings":{"template":"highway","default_image_id":0,"enabled":false},"version":2}},"categories":[186,44,15,10],"tags":[129,2828],"class_list":["post-19025","post","type-post","status-publish","format-standard","has-post-thumbnail","hentry","category-instituciones","category-noticias-de-hoy","category-ultimas-noticias","category-salud","tag-granada","tag-hospitales"],"jetpack_publicize_connections":[],"jetpack_featured_media_url":"https:\/\/i0.wp.com\/miradordeatarfe.es\/wp-content\/uploads\/2017\/10\/%C3%ADndice-4.jpg?fit=305%2C165&ssl=1","jetpack_likes_enabled":true,"jetpack_sharing_enabled":true,"_links":{"self":[{"href":"https:\/\/miradordeatarfe.es\/index.php?rest_route=\/wp\/v2\/posts\/19025","targetHints":{"allow":["GET"]}}],"collection":[{"href":"https:\/\/miradordeatarfe.es\/index.php?rest_route=\/wp\/v2\/posts"}],"about":[{"href":"https:\/\/miradordeatarfe.es\/index.php?rest_route=\/wp\/v2\/types\/post"}],"author":[{"embeddable":true,"href":"https:\/\/miradordeatarfe.es\/index.php?rest_route=\/wp\/v2\/users\/1"}],"replies":[{"embeddable":true,"href":"https:\/\/miradordeatarfe.es\/index.php?rest_route=%2Fwp%2Fv2%2Fcomments&post=19025"}],"version-history":[{"count":2,"href":"https:\/\/miradordeatarfe.es\/index.php?rest_route=\/wp\/v2\/posts\/19025\/revisions"}],"predecessor-version":[{"id":19028,"href":"https:\/\/miradordeatarfe.es\/index.php?rest_route=\/wp\/v2\/posts\/19025\/revisions\/19028"}],"wp:featuredmedia":[{"embeddable":true,"href":"https:\/\/miradordeatarfe.es\/index.php?rest_route=\/wp\/v2\/media\/19026"}],"wp:attachment":[{"href":"https:\/\/miradordeatarfe.es\/index.php?rest_route=%2Fwp%2Fv2%2Fmedia&parent=19025"}],"wp:term":[{"taxonomy":"category","embeddable":true,"href":"https:\/\/miradordeatarfe.es\/index.php?rest_route=%2Fwp%2Fv2%2Fcategories&post=19025"},{"taxonomy":"post_tag","embeddable":true,"href":"https:\/\/miradordeatarfe.es\/index.php?rest_route=%2Fwp%2Fv2%2Ftags&post=19025"}],"curies":[{"name":"wp","href":"https:\/\/api.w.org\/{rel}","templated":true}]}}