{"id":19074,"date":"2017-10-31T09:30:17","date_gmt":"2017-10-31T08:30:17","guid":{"rendered":"http:\/\/miradordeatarfe.es\/?p=19074"},"modified":"2017-10-30T20:05:41","modified_gmt":"2017-10-30T19:05:41","slug":"la-mayoria-de-expertos-apuesta-por-ampliar-la-edad-legal-de-jubilacion","status":"publish","type":"post","link":"https:\/\/miradordeatarfe.es\/?p=19074","title":{"rendered":"La mayor\u00eda de expertos apuesta por ampliar la edad legal de jubilaci\u00f3n"},"content":{"rendered":"<div class=\"articulo-subtitulos\">\n<p class=\"articulo-subtitulo\" style=\"text-align: justify;\">M\u00e1s de un tercio de los encuestados por PwC cree conveniente reducir el importe de la prestaci\u00f3n.Los analistas piden que se reforme el sistema antes de cinco a\u00f1os<\/p>\n<\/div>\n<p style=\"text-align: justify;\"><!--more--><\/p>\n<p style=\"text-align: justify;\">No es f\u00e1cil contestar a la pregunta de si est\u00e1 en riesgo el futuro de las pensiones en Espa\u00f1a sin que se genere <strong>alarma a toda la poblaci\u00f3n<\/strong>. A quienes ya cobran estas prestaciones porque enseguida interpretan que son las suyas las primeras que se recortar\u00e1n y al resto de la ciudadan\u00eda que comienza a ver con escepticismo la posibilidad de poder jubilarse y cobrar una pensi\u00f3n como en el sistema actual.<\/p>\n<p style=\"text-align: justify;\">Los m\u00e1s de 350 expertos, directivos y empresarios con los que la consultora <a title=\"Conoce PwC\" href=\"http:\/\/www.pwc.es\/\" target=\"_blank\" rel=\"noopener\">PwC<\/a> elabora su <strong>Consenso Econ\u00f3mico<\/strong> han contestado en esta ocasi\u00f3n a las preguntas referidas a qu\u00e9 se puede hacer para garantizar el sistema p\u00fablico de pensiones en Espa\u00f1a. En lo que todos los encuestados est\u00e1n de acuerdo es en que <strong>el problema demogr\u00e1fico espa\u00f1ol es una bomba de relojer\u00eda de efecto retardado<\/strong>, \u201cque exige atraer mano de obra inmigrante (para el 45,2% de los participantes es \u201cmuy importante\u201d) o aplicar nuevos incentivos a la entrada en el mercado laboral de la mano de obra femenina (iniciativa que respalda el 52,9%). Pero al margen de estas dos propuestas, <strong>las iniciativas m\u00e1s respaldadas siguen siendo las de siempre<\/strong>.<\/p>\n<div id=\"inread1\" style=\"text-align: justify;\" data-inread-tag=\"https:\/\/pubads.g.doubleclick.net\/gampad\/ads?sz=640x480|640x380&amp;iu=\/7811748\/elpais_finanzas_cincodias_web\/player_intext\/html5&amp;impl=s&amp;cust_params=pbskey%3Dempresas_a%2ctrabajo_a%2ceconomia_a%2cfinanzas_a%2cpension_jubilacion_a%2cpwc_a%2cjubilacion_a%2cauditoria_a%2cpensiones_a%2cprestaciones_a%2cseguridad_social_a%2crelaciones_laborales_a%2cpolitica_laboral_a%2c1507918391_209751%2cpbs1&amp;gdfp_req=1&amp;env=vp&amp;output=vast&amp;unviewed_position_start=1&amp;url=[referrer_url]&amp;description_url=[description_url]&amp;correlator=540403\" data-inread-width=\"640\" data-inread-height=\"360\" data-inread-transition-time=\"1\" data-inread-preload=\"false\" data-inread-debug=\"false\"><\/div>\n<div class=\"teads-inread\" style=\"text-align: justify;\">\u00a0Casi dos terceras partes de los encuestados, el 65,4%, apuesta por ampliar de nuevo la edad legal de jubilaci\u00f3n. Hay que recordar que en Espa\u00f1a las recientes reformas ya ampliaron de 65 a 67 a\u00f1os la edad oficial de retiro (que ser\u00e1 plenamente efectiva en 2027), si bien <strong>la real sigue estando en torno a los 64 a\u00f1os<\/strong>.<\/div>\n<p style=\"text-align: justify;\">Para otro importante porcentaje de los expertos consultados, el 38,5%, lo m\u00e1s efectivo ser\u00eda reducir el importe de las nuevas prestaciones. Sin embargo, la propuesta de <strong>aplicar toda la vida laboral del trabajador para calcular la cuant\u00eda de la pensi\u00f3n solo es defendida por el 30,4%<\/strong> de los panelistas<\/p>\n<p><a href=\"https:\/\/cincodias.elpais.com\/cincodias\/2017\/10\/13\/midinero\/1507918391_209751.html#?id_externo_nwl=newsletter_cincodias_diaria_tarde20171016m\">https:\/\/cincodias.elpais.com\/cincodias\/2017\/10\/13\/midinero\/1507918391_209751.html#?id_externo_nwl=newsletter_cincodias_diaria_tarde20171016m<\/a><\/p>\n","protected":false},"excerpt":{"rendered":"<p>M\u00e1s de un tercio de los encuestados por PwC cree conveniente reducir el importe de&#8230;<\/p>\n","protected":false},"author":1,"featured_media":19075,"comment_status":"closed","ping_status":"closed","sticky":false,"template":"","format":"standard","meta":{"_coblocks_attr":"","_coblocks_dimensions":"","_coblocks_responsive_height":"","_coblocks_accordion_ie_support":"","jetpack_post_was_ever_published":false,"_jetpack_newsletter_access":"","_jetpack_dont_email_post_to_subs":false,"_jetpack_newsletter_tier_id":0,"_jetpack_memberships_contains_paywalled_content":false,"_jetpack_memberships_contains_paid_content":false,"footnotes":"","jetpack_publicize_message":"","jetpack_publicize_feature_enabled":true,"jetpack_social_post_already_shared":false,"jetpack_social_options":{"image_generator_settings":{"template":"highway","default_image_id":0,"enabled":false},"version":2}},"categories":[1161,44,15],"tags":[65,506],"class_list":["post-19074","post","type-post","status-publish","format-standard","has-post-thumbnail","hentry","category-ciudadania","category-noticias-de-hoy","category-ultimas-noticias","tag-economia","tag-jubilacion"],"jetpack_publicize_connections":[],"jetpack_featured_media_url":"https:\/\/i0.wp.com\/miradordeatarfe.es\/wp-content\/uploads\/2017\/10\/1507918391_209751_1507918681_noticia_normal_recorte1.jpg?fit=1960%2C812&ssl=1","jetpack_likes_enabled":true,"jetpack_sharing_enabled":true,"_links":{"self":[{"href":"https:\/\/miradordeatarfe.es\/index.php?rest_route=\/wp\/v2\/posts\/19074","targetHints":{"allow":["GET"]}}],"collection":[{"href":"https:\/\/miradordeatarfe.es\/index.php?rest_route=\/wp\/v2\/posts"}],"about":[{"href":"https:\/\/miradordeatarfe.es\/index.php?rest_route=\/wp\/v2\/types\/post"}],"author":[{"embeddable":true,"href":"https:\/\/miradordeatarfe.es\/index.php?rest_route=\/wp\/v2\/users\/1"}],"replies":[{"embeddable":true,"href":"https:\/\/miradordeatarfe.es\/index.php?rest_route=%2Fwp%2Fv2%2Fcomments&post=19074"}],"version-history":[{"count":1,"href":"https:\/\/miradordeatarfe.es\/index.php?rest_route=\/wp\/v2\/posts\/19074\/revisions"}],"predecessor-version":[{"id":19076,"href":"https:\/\/miradordeatarfe.es\/index.php?rest_route=\/wp\/v2\/posts\/19074\/revisions\/19076"}],"wp:featuredmedia":[{"embeddable":true,"href":"https:\/\/miradordeatarfe.es\/index.php?rest_route=\/wp\/v2\/media\/19075"}],"wp:attachment":[{"href":"https:\/\/miradordeatarfe.es\/index.php?rest_route=%2Fwp%2Fv2%2Fmedia&parent=19074"}],"wp:term":[{"taxonomy":"category","embeddable":true,"href":"https:\/\/miradordeatarfe.es\/index.php?rest_route=%2Fwp%2Fv2%2Fcategories&post=19074"},{"taxonomy":"post_tag","embeddable":true,"href":"https:\/\/miradordeatarfe.es\/index.php?rest_route=%2Fwp%2Fv2%2Ftags&post=19074"}],"curies":[{"name":"wp","href":"https:\/\/api.w.org\/{rel}","templated":true}]}}