{"id":19094,"date":"2017-10-31T10:00:51","date_gmt":"2017-10-31T09:00:51","guid":{"rendered":"http:\/\/miradordeatarfe.es\/?p=19094"},"modified":"2017-10-31T10:45:56","modified_gmt":"2017-10-31T09:45:56","slug":"el-cementerio-amplia-el-horario-con-motivo-del-dia-de-todos-los-santos","status":"publish","type":"post","link":"https:\/\/miradordeatarfe.es\/?p=19094","title":{"rendered":"ATARFE:El cementerio ampl\u00eda el horario con motivo del D\u00eda de Todos los Santos"},"content":{"rendered":"<p>La Concejal\u00eda de Obras y Servicios tambi\u00e9n ha intensificado las labores de jardiner\u00eda y mantenimiento del cementerio con motivo del 1 de noviembre.<!--more--><\/p>\n<p style=\"text-align: justify;\">El Ayuntamiento de Atarfe ha ampliado el horario del cementerio municipal para facilitar las visitas a los vecinos con motivo del<strong> D\u00eda de Todos los Santos<\/strong> que se celebra el 1 de noviembre.<\/p>\n<p style=\"text-align: justify;\"><strong>Hasta el 2 de noviembre el camposanto permanecer\u00e1 abierto de forma ininterrupida entre las 8:00 y las 19:00 horas<\/strong>. A partir de ese d\u00eda, el horario se cambia, condicionado tambi\u00e9n por la \u00e9poca de a\u00f1o, estando abierto de 8:00 a 13 horas y de 16:00 a 18:00 horas.<\/p>\n<p style=\"text-align: justify;\">La Concejal\u00eda de Obras y Servicios del Ayuntamiento de Atarfe tambi\u00e9n ha intensificado las labores de jardiner\u00eda y mantenimiento del cementerio con motivo del D\u00eda de Todos los Santos\u00a0por ser la ef\u00e9meride de mayor afluencia de p\u00fablico del a\u00f1o. En concreto, ha recortado setos y cipreses en el camino de acceso e interior del cementerio, ha plantado crisantemos y ha realizado labores de pintura y limpieza<\/p>\n","protected":false},"excerpt":{"rendered":"<p>La Concejal\u00eda de Obras y Servicios tambi\u00e9n ha intensificado las labores de jardiner\u00eda y mantenimiento&#8230;<\/p>\n","protected":false},"author":1,"featured_media":19095,"comment_status":"closed","ping_status":"closed","sticky":false,"template":"","format":"standard","meta":{"_coblocks_attr":"","_coblocks_dimensions":"","_coblocks_responsive_height":"","_coblocks_accordion_ie_support":"","jetpack_post_was_ever_published":false,"_jetpack_newsletter_access":"","_jetpack_dont_email_post_to_subs":false,"_jetpack_newsletter_tier_id":0,"_jetpack_memberships_contains_paywalled_content":false,"_jetpack_memberships_contains_paid_content":false,"footnotes":"","jetpack_publicize_message":"","jetpack_publicize_feature_enabled":true,"jetpack_social_post_already_shared":false,"jetpack_social_options":{"image_generator_settings":{"template":"highway","default_image_id":0,"enabled":false},"version":2}},"categories":[2,1161,186,9,44,15],"tags":[81,2475],"class_list":["post-19094","post","type-post","status-publish","format-standard","has-post-thumbnail","hentry","category-atarfe","category-ciudadania","category-instituciones","category-medio-ambiente","category-noticias-de-hoy","category-ultimas-noticias","tag-atarfe","tag-cementerio"],"jetpack_publicize_connections":[],"jetpack_featured_media_url":"https:\/\/i0.wp.com\/miradordeatarfe.es\/wp-content\/uploads\/2017\/10\/cementerio-web-3.jpg?fit=650%2C433&ssl=1","jetpack_likes_enabled":true,"jetpack_sharing_enabled":true,"_links":{"self":[{"href":"https:\/\/miradordeatarfe.es\/index.php?rest_route=\/wp\/v2\/posts\/19094","targetHints":{"allow":["GET"]}}],"collection":[{"href":"https:\/\/miradordeatarfe.es\/index.php?rest_route=\/wp\/v2\/posts"}],"about":[{"href":"https:\/\/miradordeatarfe.es\/index.php?rest_route=\/wp\/v2\/types\/post"}],"author":[{"embeddable":true,"href":"https:\/\/miradordeatarfe.es\/index.php?rest_route=\/wp\/v2\/users\/1"}],"replies":[{"embeddable":true,"href":"https:\/\/miradordeatarfe.es\/index.php?rest_route=%2Fwp%2Fv2%2Fcomments&post=19094"}],"version-history":[{"count":2,"href":"https:\/\/miradordeatarfe.es\/index.php?rest_route=\/wp\/v2\/posts\/19094\/revisions"}],"predecessor-version":[{"id":19149,"href":"https:\/\/miradordeatarfe.es\/index.php?rest_route=\/wp\/v2\/posts\/19094\/revisions\/19149"}],"wp:featuredmedia":[{"embeddable":true,"href":"https:\/\/miradordeatarfe.es\/index.php?rest_route=\/wp\/v2\/media\/19095"}],"wp:attachment":[{"href":"https:\/\/miradordeatarfe.es\/index.php?rest_route=%2Fwp%2Fv2%2Fmedia&parent=19094"}],"wp:term":[{"taxonomy":"category","embeddable":true,"href":"https:\/\/miradordeatarfe.es\/index.php?rest_route=%2Fwp%2Fv2%2Fcategories&post=19094"},{"taxonomy":"post_tag","embeddable":true,"href":"https:\/\/miradordeatarfe.es\/index.php?rest_route=%2Fwp%2Fv2%2Ftags&post=19094"}],"curies":[{"name":"wp","href":"https:\/\/api.w.org\/{rel}","templated":true}]}}