{"id":19097,"date":"2017-10-31T08:59:48","date_gmt":"2017-10-31T07:59:48","guid":{"rendered":"http:\/\/miradordeatarfe.es\/?p=19097"},"modified":"2017-10-30T20:05:14","modified_gmt":"2017-10-30T19:05:14","slug":"las-victimas-de-trafico-en-2017-superan-ya-los-1-000-fallecidos","status":"publish","type":"post","link":"https:\/\/miradordeatarfe.es\/?p=19097","title":{"rendered":"Las v\u00edctimas de tr\u00e1fico en 2017 superan ya los 1.000 fallecidos"},"content":{"rendered":"<p class=\"post-title entry-title\" style=\"text-align: justify;\">A falta de un d\u00eda para que cierre octubre, el mes registra 119 fallecidos y se convierte en el peor octubre desde 2010<!--more--><\/p>\n<p style=\"text-align: justify;\"><strong>Las v\u00edctimas de tr\u00e1fico en lo que va de 2017 superan ya los 1.000 fallecidos (1.003 muertos), 26 m\u00e1s que en mismas fechas de 2016,<\/strong> a\u00f1o en que se alcanz\u00f3 la cifra de 1.000 fallecidos el 9 de noviembre, seg\u00fan datos provisionales de la Direcci\u00f3n General de Tr\u00e1fico (DGT) realizados a 24 horas en v\u00edas interurbanas. Adem\u00e1s, se han registrado 897 accidentes mortales este a\u00f1o, cuando el a\u00f1o pasado esta cifra era de 869, es decir, 28 accidentes m\u00e1s.<\/p>\n<p style=\"text-align: justify;\">A falta de dos d\u00edas para que cierre octubre, el mes registra 119 fallecidos (28 m\u00e1s que todo el mes de octubre de hace un a\u00f1o, cuando se registraron 91 fallecidos), lo que convierte a<strong> este octubre en el peor desde 2010.<\/strong> Ese a\u00f1o murieron 174 personas y s\u00f3lo en 2011 y 2013 se super\u00f3 el centenar de fallecidos en ese mes (114 y 103, respectivamente).<\/p>\n<p style=\"text-align: justify;\">De este modo, <strong>octubre podr\u00eda convertirse en el mes con m\u00e1s n\u00famero de fallecidos de 2017<\/strong>, superando incluso a los de verano, meses que m\u00e1s v\u00edctimas mortales suelen registrar en las carreteras por el aumento en el n\u00famero de desplazamientos en carretera con motivo del periodo estival, pues junio cerr\u00f3 con 123 fallecidos, julio con 121 y agosto con 103.<\/p>\n<div class=\"sharedaddy sd-sharing-enabled\">\n<div class=\"robots-nocontent sd-block sd-social sd-social-icon-text sd-sharing\">\n<p class=\"sd-title\" style=\"text-align: justify;\"><a href=\"https:\/\/www.republica.com\/2017\/10\/30\/las-victimas-de-trafico-en-2017-superan-ya-los-1-000-fallecidos\">https:\/\/www.republica.com\/2017\/10\/30\/las-victimas-de-trafico-en-2017-superan-ya-los-1-000-fallecidos<\/a>\/<\/p>\n<\/div>\n<\/div>\n","protected":false},"excerpt":{"rendered":"<p>A falta de un d\u00eda para que cierre octubre, el mes registra 119 fallecidos y&#8230;<\/p>\n","protected":false},"author":1,"featured_media":0,"comment_status":"closed","ping_status":"closed","sticky":false,"template":"","format":"standard","meta":{"_coblocks_attr":"","_coblocks_dimensions":"","_coblocks_responsive_height":"","_coblocks_accordion_ie_support":"","jetpack_post_was_ever_published":false,"_jetpack_newsletter_access":"","_jetpack_dont_email_post_to_subs":false,"_jetpack_newsletter_tier_id":0,"_jetpack_memberships_contains_paywalled_content":false,"_jetpack_memberships_contains_paid_content":false,"footnotes":"","jetpack_publicize_message":"","jetpack_publicize_feature_enabled":true,"jetpack_social_post_already_shared":false,"jetpack_social_options":{"image_generator_settings":{"template":"highway","default_image_id":0,"enabled":false},"version":2}},"categories":[1161,186,9,44,15],"tags":[4285,1938],"class_list":["post-19097","post","type-post","status-publish","format-standard","hentry","category-ciudadania","category-instituciones","category-medio-ambiente","category-noticias-de-hoy","category-ultimas-noticias","tag-accidentes-de-trafico","tag-muertes"],"jetpack_publicize_connections":[],"jetpack_featured_media_url":"","jetpack_likes_enabled":true,"jetpack_sharing_enabled":true,"_links":{"self":[{"href":"https:\/\/miradordeatarfe.es\/index.php?rest_route=\/wp\/v2\/posts\/19097","targetHints":{"allow":["GET"]}}],"collection":[{"href":"https:\/\/miradordeatarfe.es\/index.php?rest_route=\/wp\/v2\/posts"}],"about":[{"href":"https:\/\/miradordeatarfe.es\/index.php?rest_route=\/wp\/v2\/types\/post"}],"author":[{"embeddable":true,"href":"https:\/\/miradordeatarfe.es\/index.php?rest_route=\/wp\/v2\/users\/1"}],"replies":[{"embeddable":true,"href":"https:\/\/miradordeatarfe.es\/index.php?rest_route=%2Fwp%2Fv2%2Fcomments&post=19097"}],"version-history":[{"count":1,"href":"https:\/\/miradordeatarfe.es\/index.php?rest_route=\/wp\/v2\/posts\/19097\/revisions"}],"predecessor-version":[{"id":19099,"href":"https:\/\/miradordeatarfe.es\/index.php?rest_route=\/wp\/v2\/posts\/19097\/revisions\/19099"}],"wp:attachment":[{"href":"https:\/\/miradordeatarfe.es\/index.php?rest_route=%2Fwp%2Fv2%2Fmedia&parent=19097"}],"wp:term":[{"taxonomy":"category","embeddable":true,"href":"https:\/\/miradordeatarfe.es\/index.php?rest_route=%2Fwp%2Fv2%2Fcategories&post=19097"},{"taxonomy":"post_tag","embeddable":true,"href":"https:\/\/miradordeatarfe.es\/index.php?rest_route=%2Fwp%2Fv2%2Ftags&post=19097"}],"curies":[{"name":"wp","href":"https:\/\/api.w.org\/{rel}","templated":true}]}}