{"id":1915,"date":"2015-05-24T07:53:57","date_gmt":"2015-05-24T07:53:57","guid":{"rendered":"http:\/\/miradordeatarfe.es\/?p=1915"},"modified":"2015-05-25T07:37:18","modified_gmt":"2015-05-25T07:37:18","slug":"mas-de-15-millones-de-personas-podran-votar-hoy-por-primera-vez-en-unas-elecciones-locales","status":"publish","type":"post","link":"https:\/\/miradordeatarfe.es\/?p=1915","title":{"rendered":"M\u00e1s de 1,5 millones de personas podr\u00e1n votar HOY por primera vez en unas elecciones locales"},"content":{"rendered":"<div id=\"tamano\" class=\"tamano\">\n<p>El Gobierno de <strong>Espa\u00f1a <\/strong>asegur\u00f3 este s\u00e1bado que \u00abest\u00e1 todo listo\u00bb para que un total de 35.104.186 espa\u00f1oles puedan votar en las elecciones municipales de este 24 de mayo a 2.955 alcaldes y 67.640 concejales de sus respectivas localidades.<\/p>\n<p><!--more--><\/p>\n<p>La secretaria de Estado de Comunicaci\u00f3n, <strong>Carmen Mart\u00ednez Castro<\/strong>, y el subsecretario del Ministerio del Interior,<strong> Luis Aguilera Ruiz<\/strong>, as\u00ed lo explicaron en una rueda de prensa en la que dieron cuenta del dispositivo especial que el Ejecutivo ha preparado para los comicios de este domingo.<\/p>\n<p>Ser\u00e1 la primera vez que depositan su voto en las urnas 386.189 j\u00f3venes que recientemente han cumplido los 18 a\u00f1os de mayor\u00eda de edad. Adem\u00e1s, habr\u00e1 m\u00e1s de 1.559.000 personas que participar\u00e1n por primera vez en unas elecciones locales.<\/p>\n<p>Algunos extranjeros tambi\u00e9n podr\u00e1n ejercer su derecho al sufragio, en especial 22.714 personas de pa\u00edses como <strong>Ecuador, Colombia, Bolivia, Per\u00fa, Chile, Noruega, Corea del sur o Trinidad y Tobago<\/strong> con los que <strong>Espa\u00f1a <\/strong>tiene suscritos tratados de reciprocidad.<\/p>\n<p>Para garantizar el acceso al voto de todas las personas, incluidas las que cuentan con alg\u00fan tipo de discapacidad, en esta ocasi\u00f3n habr\u00e1 19 integrantes de mesas con discapacidad auditiva que tendr\u00e1n a su disposici\u00f3n int\u00e9rprete de lengua de signos para desarrollar la tarea.<\/p>\n<p>Mart\u00ednez Castro asegur\u00f3 que, con todo este dispositivo, espera que la jornada se desarrolle \u00abcon total normalidad\u00bb en los 8.122 municipios y en las 2.955 entidades locales inferior al municipal que celebran elecciones para elegir a 2.955 alcaldes, 67.640 concejales y 195 consejeros de cabildos canarios.<\/p>\n<p>Adem\u00e1s, las elecciones municipales coinciden con los comicios auton\u00f3micos en 13 comunidades, as\u00ed como con elecciones en las Juntas Generales del Pa\u00eds Vasco, los Consejos Insulares de Baleares y los consejos de <strong>Navarra <\/strong>y el <strong>Valle de Ar\u00e1n<\/strong>, pero en estos casos la responsabilidad de organizar la cita con las urnas e informar de ellas corresponde a cada administraci\u00f3n.<\/p>\n<\/div>\n","protected":false},"excerpt":{"rendered":"<p>El Gobierno de Espa\u00f1a asegur\u00f3 este s\u00e1bado que \u00abest\u00e1 todo listo\u00bb para que un total&#8230;<\/p>\n","protected":false},"author":1,"featured_media":1916,"comment_status":"closed","ping_status":"closed","sticky":false,"template":"","format":"standard","meta":{"_coblocks_attr":"","_coblocks_dimensions":"","_coblocks_responsive_height":"","_coblocks_accordion_ie_support":"","jetpack_post_was_ever_published":false,"_jetpack_newsletter_access":"","_jetpack_dont_email_post_to_subs":false,"_jetpack_newsletter_tier_id":0,"_jetpack_memberships_contains_paywalled_content":false,"_jetpack_memberships_contains_paid_content":false,"footnotes":"","jetpack_publicize_message":"","jetpack_publicize_feature_enabled":true,"jetpack_social_post_already_shared":false,"jetpack_social_options":{"image_generator_settings":{"template":"highway","default_image_id":0,"enabled":false},"version":2}},"categories":[9,15],"tags":[195,711],"class_list":["post-1915","post","type-post","status-publish","format-standard","has-post-thumbnail","hentry","category-medio-ambiente","category-ultimas-noticias","tag-elecciones-municipales","tag-nuevos-votantes"],"jetpack_publicize_connections":[],"jetpack_featured_media_url":"https:\/\/i0.wp.com\/miradordeatarfe.es\/wp-content\/uploads\/2015\/05\/NUEVOS.jpg?fit=319%2C158&ssl=1","jetpack_likes_enabled":true,"jetpack_sharing_enabled":true,"_links":{"self":[{"href":"https:\/\/miradordeatarfe.es\/index.php?rest_route=\/wp\/v2\/posts\/1915","targetHints":{"allow":["GET"]}}],"collection":[{"href":"https:\/\/miradordeatarfe.es\/index.php?rest_route=\/wp\/v2\/posts"}],"about":[{"href":"https:\/\/miradordeatarfe.es\/index.php?rest_route=\/wp\/v2\/types\/post"}],"author":[{"embeddable":true,"href":"https:\/\/miradordeatarfe.es\/index.php?rest_route=\/wp\/v2\/users\/1"}],"replies":[{"embeddable":true,"href":"https:\/\/miradordeatarfe.es\/index.php?rest_route=%2Fwp%2Fv2%2Fcomments&post=1915"}],"version-history":[{"count":1,"href":"https:\/\/miradordeatarfe.es\/index.php?rest_route=\/wp\/v2\/posts\/1915\/revisions"}],"predecessor-version":[{"id":1917,"href":"https:\/\/miradordeatarfe.es\/index.php?rest_route=\/wp\/v2\/posts\/1915\/revisions\/1917"}],"wp:featuredmedia":[{"embeddable":true,"href":"https:\/\/miradordeatarfe.es\/index.php?rest_route=\/wp\/v2\/media\/1916"}],"wp:attachment":[{"href":"https:\/\/miradordeatarfe.es\/index.php?rest_route=%2Fwp%2Fv2%2Fmedia&parent=1915"}],"wp:term":[{"taxonomy":"category","embeddable":true,"href":"https:\/\/miradordeatarfe.es\/index.php?rest_route=%2Fwp%2Fv2%2Fcategories&post=1915"},{"taxonomy":"post_tag","embeddable":true,"href":"https:\/\/miradordeatarfe.es\/index.php?rest_route=%2Fwp%2Fv2%2Ftags&post=1915"}],"curies":[{"name":"wp","href":"https:\/\/api.w.org\/{rel}","templated":true}]}}