{"id":19150,"date":"2017-11-01T11:26:04","date_gmt":"2017-11-01T10:26:04","guid":{"rendered":"http:\/\/miradordeatarfe.es\/?p=19150"},"modified":"2017-11-01T11:26:04","modified_gmt":"2017-11-01T10:26:04","slug":"la-bizcochada-atarfena-por-jose-enrique-granados","status":"publish","type":"post","link":"https:\/\/miradordeatarfe.es\/?p=19150","title":{"rendered":"\u00abLA BIZCOCHADA ATARFE\u00d1A\u00bb por Jose Enrique Granados"},"content":{"rendered":"<p style=\"text-align: justify;\">En la publicidad de los programas de fiestas de los a\u00f1os sesenta y setenta del siglo pasado aparec\u00eda la publicidad de la confiter\u00eda de Josefa Zurita Ruiz en la calle Real, frente al casino<!--more--><\/p>\n<p style=\"text-align: justify;\">Aunque sin\u00f3nimo de pasteler\u00eda, bomboner\u00eda, boller\u00eda o reposter\u00eda, el t\u00e9rmino confiter\u00eda o confite ha ca\u00eddo en desuso.<br \/>\nLa Real Academia de la Lengua lo define como el establecimiento donde los confiteros hacen y venden los dulces. La segunda acepci\u00f3n de la palabra es el arte de elaborar du<span class=\"text_exposed_show\">lces y confituras.<\/span><\/p>\n<div class=\"text_exposed_show\" style=\"text-align: justify;\">\n<p>Hecha esta introducci\u00f3n, decir que la especialidad de aquel entra\u00f1able establecimiento era los piononos atarfe\u00f1os y <strong>las bizcochadas<\/strong>. El recuerdo de aquello me es vago e impreciso pero la curiosidad por recordar aquellos pasteles me llev\u00f3 a preguntarle al sobrino de la confitera, por los ingredientes de dichos dulces y la diferencia entre los piononos que conocemos actualmente y los piononos locales. La respuesta fue rotunda, los ingredientes son los mismos, la diferencia estriba en que los nuestros eran m\u00e1s grandes.<\/p>\n<p>En la fotograf\u00eda, cortes\u00eda de Manolo Povedano, sobrino y trabajador de aquel local, podemos ver una de aquellas bizcochadas, a la que dedicaremos otra entrada en nuestro blog.<\/p>\n<p><a href=\"https:\/\/i0.wp.com\/miradordeatarfe.es\/wp-content\/uploads\/2017\/11\/22448559_1535288433223833_6211370965135568460_n.jpg?ssl=1\"><img data-recalc-dims=\"1\" loading=\"lazy\" decoding=\"async\" class=\"alignnone size-full wp-image-19151\" src=\"https:\/\/i0.wp.com\/miradordeatarfe.es\/wp-content\/uploads\/2017\/11\/22448559_1535288433223833_6211370965135568460_n.jpg?resize=640%2C437&#038;ssl=1\" alt=\"\" width=\"640\" height=\"437\" \/><\/a><\/p>\n<\/div>\n<p style=\"text-align: justify;\">Como ya hemos comentado la bizcochada era uno de los confites m\u00e1s t\u00edpicos de nuestra poblaci\u00f3n. Ha sido Manuel Povedano quien nos ha facilitado la receta de tan caracter\u00edstico dulce. Huevos, aceite de oliva, harina, az\u00facar, agua canela y almid\u00f3n son la base de tan exquisito pastel.<\/p>\n<p style=\"text-align: justify;\">En su elaboraci\u00f3n se tarda aproximadamente 90 minutos. Se cogen 12 huevos y se separan las claras de las yemas. Se colocan por separado las claras con medio kilo de az\u00facar y<span class=\"text_exposed_show\"> las yemas con otro medio kilo. Se montan las claras y se baten las yemas mezclando a continuaci\u00f3n ambos ingredientes, hasta conseguir una masa homog\u00e9nea. Una vez conseguido se le a\u00f1ade 200 gramos de almid\u00f3n, poni\u00e9ndolo todo en una manga pastelera.<\/span><\/p>\n<div class=\"text_exposed_show\">\n<p style=\"text-align: justify;\">Sobre papel de estraza vamos haciendo bizcochos con la masa hasta acabarla. Lo metemos en el horno a 180 grados hasta que est\u00e9n dorados, que los sacamos y los dejamos enfriar.<\/p>\n<p style=\"text-align: justify;\">En una cacerola ponemos 1 kilos de harina, 3 kilos de az\u00facar, colorante amarillo de huevo y agua. Una vez disuelto lo ponemos al fuego, muy lento hasta que espese y comience a hervir. A esto le llamamos crema de huevo humor.<\/p>\n<p style=\"text-align: justify;\">Una vez fr\u00eda la crema huevo humor, ponemos una capa de ella en una bandeja. Sobre ella ponemos los bizcochos tras haberlos mojado en un jarabe de agua y az\u00facar. Cuando este la base cubierta de bizcochos se espolvorea con canela. As\u00ed sucesivamente hasta acabar con la crema y los bizcochos.<\/p>\n<p style=\"text-align: justify;\">Terminamos revisti\u00e9ndolo con lustrina o merengue, el cual hemos hecho anteriormente con agua y az\u00facar, puesto al fuego y removiendo continuamente hasta que espese y se formen hebras. A continuaci\u00f3n batimos 6 claras a punto de nieve y se le a\u00f1ade el jarabe hasta conseguir una mezcla espesa y consistente.<\/p>\n<p style=\"text-align: justify;\">En la fotograf\u00eda de portada, cortes\u00eda de tan insigne confitero, cumplea\u00f1os celebrado con una bizcochada elaborada por Manolo.<\/p>\n<p style=\"text-align: justify;\">\u00bfConocen a quien aparece en la imagen?<\/p>\n<p style=\"text-align: justify;\">Curiosidades elvirenses.<\/p>\n<\/div>\n","protected":false},"excerpt":{"rendered":"<p>En la publicidad de los programas de fiestas de los a\u00f1os sesenta y setenta del&#8230;<\/p>\n","protected":false},"author":1,"featured_media":19152,"comment_status":"closed","ping_status":"closed","sticky":false,"template":"","format":"standard","meta":{"_coblocks_attr":"","_coblocks_dimensions":"","_coblocks_responsive_height":"","_coblocks_accordion_ie_support":"","jetpack_post_was_ever_published":false,"_jetpack_newsletter_access":"","_jetpack_dont_email_post_to_subs":false,"_jetpack_newsletter_tier_id":0,"_jetpack_memberships_contains_paywalled_content":false,"_jetpack_memberships_contains_paid_content":false,"footnotes":"","jetpack_publicize_message":"","jetpack_publicize_feature_enabled":true,"jetpack_social_post_already_shared":false,"jetpack_social_options":{"image_generator_settings":{"template":"highway","default_image_id":0,"enabled":false},"version":2}},"categories":[2,1225,186,38,44,15],"tags":[81,4290,4291],"class_list":["post-19150","post","type-post","status-publish","format-standard","has-post-thumbnail","hentry","category-atarfe","category-ha-de-atarfe","category-instituciones","category-opinion-de-jose-enrique-granados","category-noticias-de-hoy","category-ultimas-noticias","tag-atarfe","tag-bizcochada","tag-confiteria"],"jetpack_publicize_connections":[],"jetpack_featured_media_url":"https:\/\/i0.wp.com\/miradordeatarfe.es\/wp-content\/uploads\/2017\/11\/22549790_1535548573197819_3165463531953678085_n.jpg?fit=956%2C636&ssl=1","jetpack_likes_enabled":true,"jetpack_sharing_enabled":true,"_links":{"self":[{"href":"https:\/\/miradordeatarfe.es\/index.php?rest_route=\/wp\/v2\/posts\/19150","targetHints":{"allow":["GET"]}}],"collection":[{"href":"https:\/\/miradordeatarfe.es\/index.php?rest_route=\/wp\/v2\/posts"}],"about":[{"href":"https:\/\/miradordeatarfe.es\/index.php?rest_route=\/wp\/v2\/types\/post"}],"author":[{"embeddable":true,"href":"https:\/\/miradordeatarfe.es\/index.php?rest_route=\/wp\/v2\/users\/1"}],"replies":[{"embeddable":true,"href":"https:\/\/miradordeatarfe.es\/index.php?rest_route=%2Fwp%2Fv2%2Fcomments&post=19150"}],"version-history":[{"count":1,"href":"https:\/\/miradordeatarfe.es\/index.php?rest_route=\/wp\/v2\/posts\/19150\/revisions"}],"predecessor-version":[{"id":19153,"href":"https:\/\/miradordeatarfe.es\/index.php?rest_route=\/wp\/v2\/posts\/19150\/revisions\/19153"}],"wp:featuredmedia":[{"embeddable":true,"href":"https:\/\/miradordeatarfe.es\/index.php?rest_route=\/wp\/v2\/media\/19152"}],"wp:attachment":[{"href":"https:\/\/miradordeatarfe.es\/index.php?rest_route=%2Fwp%2Fv2%2Fmedia&parent=19150"}],"wp:term":[{"taxonomy":"category","embeddable":true,"href":"https:\/\/miradordeatarfe.es\/index.php?rest_route=%2Fwp%2Fv2%2Fcategories&post=19150"},{"taxonomy":"post_tag","embeddable":true,"href":"https:\/\/miradordeatarfe.es\/index.php?rest_route=%2Fwp%2Fv2%2Ftags&post=19150"}],"curies":[{"name":"wp","href":"https:\/\/api.w.org\/{rel}","templated":true}]}}