{"id":19159,"date":"2017-11-11T11:54:04","date_gmt":"2017-11-11T10:54:04","guid":{"rendered":"http:\/\/miradordeatarfe.es\/?p=19159"},"modified":"2017-11-10T10:35:55","modified_gmt":"2017-11-10T09:35:55","slug":"homenaje-a-francisco-gil-craviotto-por-alberto-granados","status":"publish","type":"post","link":"https:\/\/miradordeatarfe.es\/?p=19159","title":{"rendered":"\u00abHomenaje a Francisco Gil Craviotto \u00bb por Alberto Granados"},"content":{"rendered":"<p style=\"text-align: justify;\">La palabra homenaje, seg\u00fan el DRAE, es: Del occitano <em>homenatge<\/em><em>.\u00a0<\/em> 1 m. Acto o serie de actos que se celebran en honor de alguien o de algo. 2 m.\u00a0\u00a0Sumisi\u00f3n, veneraci\u00f3n, respeto hacia alguien o de algo.\u00a0 3 m. En la Edad Media, juramento solemne de fidelidad hecho a un rey o se\u00f1or.<!--more--><\/p>\n<p style=\"text-align: justify;\">Si abstraemos las dos primeras acepciones (\u201cacto en honor de alguien\u201d y \u201cveneraci\u00f3n, respeto hacia alguien\u201d), tendremos la dimensi\u00f3n exacta del acto que por sorpresa preparamos durante unas cuantas semanas y que, finalmente, se llev\u00f3 a cabo la tarde el pasado viernes d\u00eda 20: el <a href=\"https:\/\/es.wikipedia.org\/wiki\/Centro_Art%C3%ADstico,_Literario_y_Cient%C3%ADfico_de_Granada\">Centro Art\u00edstico, Literario y Cient\u00edfico de Granada<\/a> ofreci\u00f3 un homenaje a uno de sus socios m\u00e1s activos y dignos: mi querido amigo <a href=\"https:\/\/es.wikipedia.org\/wiki\/Francisco_Gil_Craviotto\">Francisco Gil Craviotto<\/a>, del que he hablado en este blog numerosas veces.<\/p>\n<p class=\"wp-caption aligncenter\" style=\"text-align: justify;\" data-shortcode=\"caption\"><a href=\"https:\/\/albertogranados.files.wordpress.com\/2017\/10\/crc3b3nica-del-homenaje-en-granada-hoy-de-ayer.jpg\"><img data-recalc-dims=\"1\" loading=\"lazy\" decoding=\"async\" class=\"size-full wp-image-8040\" src=\"https:\/\/albertogranados.files.wordpress.com\/2017\/10\/crc3b3nica-del-homenaje-en-granada-hoy-de-ayer.jpg?w=560&#038;h=299&#038;fit=560%2C299&#038;resize=560%2C299\" sizes=\"auto, (max-width: 560px) 100vw, 560px\" srcset=\"https:\/\/albertogranados.files.wordpress.com\/2017\/10\/crc3b3nica-del-homenaje-en-granada-hoy-de-ayer.jpg?w=560&amp;h=299 560w, https:\/\/albertogranados.files.wordpress.com\/2017\/10\/crc3b3nica-del-homenaje-en-granada-hoy-de-ayer.jpg?w=1120&amp;h=598 1120w, https:\/\/albertogranados.files.wordpress.com\/2017\/10\/crc3b3nica-del-homenaje-en-granada-hoy-de-ayer.jpg?w=150&amp;h=80 150w, https:\/\/albertogranados.files.wordpress.com\/2017\/10\/crc3b3nica-del-homenaje-en-granada-hoy-de-ayer.jpg?w=300&amp;h=160 300w, https:\/\/albertogranados.files.wordpress.com\/2017\/10\/crc3b3nica-del-homenaje-en-granada-hoy-de-ayer.jpg?w=768&amp;h=410 768w, https:\/\/albertogranados.files.wordpress.com\/2017\/10\/crc3b3nica-del-homenaje-en-granada-hoy-de-ayer.jpg?w=1024&amp;h=546 1024w\" alt=\"\" width=\"560\" height=\"299\" data-attachment-id=\"8040\" data-permalink=\"https:\/\/albertogranados.wordpress.com\/2017\/10\/23\/homenaje-a-francisco-gil-craviotto\/cronica-del-homenaje-en-granada-hoy-de-ayer\/\" data-orig-file=\"https:\/\/albertogranados.files.wordpress.com\/2017\/10\/crc3b3nica-del-homenaje-en-granada-hoy-de-ayer.jpg?w=560&amp;h=299\" data-orig-size=\"1219,650\" data-comments-opened=\"1\" data-image-meta=\"{&quot;aperture&quot;:&quot;0&quot;,&quot;credit&quot;:&quot;&quot;,&quot;camera&quot;:&quot;&quot;,&quot;caption&quot;:&quot;&quot;,&quot;created_timestamp&quot;:&quot;0&quot;,&quot;copyright&quot;:&quot;&quot;,&quot;focal_length&quot;:&quot;0&quot;,&quot;iso&quot;:&quot;0&quot;,&quot;shutter_speed&quot;:&quot;0&quot;,&quot;title&quot;:&quot;&quot;,&quot;orientation&quot;:&quot;0&quot;}\" data-image-title=\"Cr\u00f3nica del homenaje en Granada Hoy de ayer\" data-image-description=\"\" data-medium-file=\"https:\/\/albertogranados.files.wordpress.com\/2017\/10\/crc3b3nica-del-homenaje-en-granada-hoy-de-ayer.jpg?w=560&amp;h=299?w=300\" data-large-file=\"https:\/\/albertogranados.files.wordpress.com\/2017\/10\/crc3b3nica-del-homenaje-en-granada-hoy-de-ayer.jpg?w=560&amp;h=299?w=560\" \/><\/a><\/p>\n<p class=\"wp-caption-text\" style=\"text-align: justify;\">Cr\u00f3nica de Antonio Arenas sobre el homenaje en Granada Hoy de ayer<\/p>\n<p style=\"text-align: justify;\">\u00a0\u00a0\u00a0\u00a0\u00a0\u00a0\u00a0 Todo empez\u00f3 con un correo a finales de la primavera pasada: <a href=\"http:\/\/www.redescritoresespa.com\/C\/correaG.htm\">Celia Correa<\/a> (la Presidenta del CALC) y la escritora <a href=\"https:\/\/es.wikipedia.org\/wiki\/Carolina_Molina_(escritora)\">Carolina Molina<\/a> ped\u00edan colaboraci\u00f3n y sigilo para prepararle a nuestro Paco un homenaje. La colaboraci\u00f3n pedida consist\u00eda en ir extendiendo la propuesta entre los numerosos amigos del escritor pidi\u00e9ndoles colaboraciones escritas y mucha discreci\u00f3n. Durante el verano, muchos de nosotros enviamos nuestro texto y las \u00faltimas semanas han sido para llamar a los rezagados, recopilar fotos de las intervenciones del homenajeado, hacer las compras pertinentes, movilizar a la propia familia del escritor, etc. Los \u00faltimos d\u00edas hemos estado pendientes de esos \u00faltimos textos prometidos, de los correos en que algunos amigos se excusaban por no tener tiempo pero dejaban clara su inequ\u00edvoca adhesi\u00f3n al hombre y al homenaje, etc.<\/p>\n<p class=\"wp-caption aligncenter\" style=\"text-align: justify;\" data-shortcode=\"caption\"><a href=\"https:\/\/albertogranados.files.wordpress.com\/2017\/10\/lleno-absoluto-en-la-sala.jpg\"><img data-recalc-dims=\"1\" loading=\"lazy\" decoding=\"async\" class=\"size-full wp-image-8035\" src=\"https:\/\/albertogranados.files.wordpress.com\/2017\/10\/lleno-absoluto-en-la-sala.jpg?w=560&#038;h=420&#038;fit=560%2C420&#038;resize=560%2C420\" sizes=\"auto, (max-width: 560px) 100vw, 560px\" srcset=\"https:\/\/albertogranados.files.wordpress.com\/2017\/10\/lleno-absoluto-en-la-sala.jpg?w=560&amp;h=420 560w, https:\/\/albertogranados.files.wordpress.com\/2017\/10\/lleno-absoluto-en-la-sala.jpg?w=1120&amp;h=840 1120w, https:\/\/albertogranados.files.wordpress.com\/2017\/10\/lleno-absoluto-en-la-sala.jpg?w=150&amp;h=113 150w, https:\/\/albertogranados.files.wordpress.com\/2017\/10\/lleno-absoluto-en-la-sala.jpg?w=300&amp;h=225 300w, https:\/\/albertogranados.files.wordpress.com\/2017\/10\/lleno-absoluto-en-la-sala.jpg?w=768&amp;h=576 768w, https:\/\/albertogranados.files.wordpress.com\/2017\/10\/lleno-absoluto-en-la-sala.jpg?w=1024&amp;h=768 1024w\" alt=\"\" width=\"560\" height=\"420\" data-attachment-id=\"8035\" data-permalink=\"https:\/\/albertogranados.wordpress.com\/2017\/10\/23\/homenaje-a-francisco-gil-craviotto\/lleno-absoluto-en-la-sala\/\" data-orig-file=\"https:\/\/albertogranados.files.wordpress.com\/2017\/10\/lleno-absoluto-en-la-sala.jpg?w=560&amp;h=420\" data-orig-size=\"1600,1200\" data-comments-opened=\"1\" data-image-meta=\"{&quot;aperture&quot;:&quot;4&quot;,&quot;credit&quot;:&quot;&quot;,&quot;camera&quot;:&quot;Canon PowerShot SX500 IS&quot;,&quot;caption&quot;:&quot;&quot;,&quot;created_timestamp&quot;:&quot;1508531351&quot;,&quot;copyright&quot;:&quot;&quot;,&quot;focal_length&quot;:&quot;5.465&quot;,&quot;iso&quot;:&quot;100&quot;,&quot;shutter_speed&quot;:&quot;0.5&quot;,&quot;title&quot;:&quot;&quot;,&quot;orientation&quot;:&quot;1&quot;}\" data-image-title=\"Lleno absoluto en la sala\" data-image-description=\"\" data-medium-file=\"https:\/\/albertogranados.files.wordpress.com\/2017\/10\/lleno-absoluto-en-la-sala.jpg?w=560&amp;h=420?w=300\" data-large-file=\"https:\/\/albertogranados.files.wordpress.com\/2017\/10\/lleno-absoluto-en-la-sala.jpg?w=560&amp;h=420?w=560\" \/><\/a><\/p>\n<p class=\"wp-caption-text\" style=\"text-align: justify;\">Lleno absoluto en la sala<\/p>\n<p style=\"text-align: justify;\">\u00a0\u00a0\u00a0\u00a0\u00a0\u00a0\u00a0 Finalmente, la mencionada presidenta dej\u00f3 en blanco la fecha del viernes en la programaci\u00f3n que semanalmente nos env\u00eda, pero llam\u00f3 a Gil Craviotto para indicarle que iba a haber una actividad improvisada en que se iba a hablar de la literatura del exilio, algo informal a lo que su propia experiencia de autoexiliado en Par\u00eds podr\u00eda aportar mucho.<\/p>\n<p style=\"text-align: justify;\">Fue divertido el cari\u00f1oso enga\u00f1o. Nuestro temor era que la informaci\u00f3n se hubiera filtrado y le hubiera llegado alguna noticia sobre el hecho, pero nuestro amigo se sent\u00f3 en primera fila, dio comienzo el acto y cuando Celia dijo a la sala que mejor dej\u00e1bamos la literatura del exilio para hablar de un exiliado dign\u00edsimo presente en el acto, la cara de Gil Craviotto cambi\u00f3 y cre\u00edmos entender que, incluso en una ciudad tan chismosa como Granada, la figura del autor hace que se conjuren los chismes, se guarde -por una vez- el secreto deseado y se imponga el sigilo entusiasta. No se hubiera logrado con cualquiera, pero este hombre genera ese tipo de empat\u00edas.<\/p>\n<p style=\"text-align: justify;\">Mi colaboraci\u00f3n fue esta:<\/p>\n<p style=\"text-align: justify;\"><em>\u00a0\u00a0\u00a0\u00a0\u00a0\u00a0\u00a0 La fren\u00e9tica vejez de Francisco Gil Craviotto<\/em><\/p>\n<p style=\"text-align: justify;\"><em>\u00a0\u00a0\u00a0\u00a0\u00a0\u00a0\u00a0 Solemos asociar la vejez a esa \u00e9poca de limitaciones en que el ser humano decide delegar tareas en la generaci\u00f3n siguiente (hijos o sobrinos, especialmente) e iniciar con ello un desentenderse de lo cotidiano. El proceso supone una alta dosis de claudicaci\u00f3n ante lo nuevo, la tecnolog\u00eda reciente, las gestiones que ya parecen insuperables\u2026 Quien llega a esa situaci\u00f3n empieza a sentirse fuera de una realidad que a veces no entiende o que le produce un tedio insuperable. Es, sencillamente, una rendici\u00f3n absoluta ante lo inexorable de la vida.<\/em><\/p>\n<p style=\"text-align: justify;\"><em>\u00a0\u00a0\u00a0\u00a0\u00a0\u00a0\u00a0 Pero hay casos en que el viejo no se rinde, ni depone sus actitudes, ni acepta las limitaciones que la simple biolog\u00eda va imponiendo con mano de hierro. Por eso se asegura que la edad no reside en la partida de nacimiento, sino en alg\u00fan rec\u00f3ndito pliegue del esp\u00edritu, que hace que determinada persona mayor se rinda o, por el contrario, encuentre energ\u00edas para seguir adelante, con las botas puestas hasta el \u00faltimo aliento. Este \u00faltimo es el caso de mi admirado escritor y querido amigo Francisco Gil Craviotto. Indudablemente, est\u00e1 viejo y hay que aceptarlo sin eufemismos rid\u00edculos ni piadosos pa\u00f1os calientes. Sus ochenta y cuatro a\u00f1os lo certifican. Es una edad en que cualquier persona es considerada vieja, senil, provecta\u2026 sin matices ni dudas. Pero hay viejos y viejos y nuestro Paco es esa clase de viejo que presenta la batalla a la edad, que no se rinde ni aparta a un lado lo que considera su obligaci\u00f3n y que est\u00e1 siempre disponible para un viaje, una excursi\u00f3n, la participaci\u00f3n en un ciclo de conferencias, desarrollar su creaci\u00f3n literaria y cualquier otra cosa que se le demande.<\/em><\/p>\n<p class=\"wp-caption aligncenter\" style=\"text-align: justify;\" data-shortcode=\"caption\"><em><a href=\"https:\/\/albertogranados.files.wordpress.com\/2017\/10\/carolina-molina-gil-craviotto-y-celia-correa.jpg\"><img data-recalc-dims=\"1\" loading=\"lazy\" decoding=\"async\" class=\"size-full wp-image-8036\" src=\"https:\/\/albertogranados.files.wordpress.com\/2017\/10\/carolina-molina-gil-craviotto-y-celia-correa.jpg?w=560&#038;h=420&#038;fit=560%2C420&#038;resize=560%2C420\" sizes=\"auto, (max-width: 560px) 100vw, 560px\" srcset=\"https:\/\/albertogranados.files.wordpress.com\/2017\/10\/carolina-molina-gil-craviotto-y-celia-correa.jpg?w=560&amp;h=420 560w, https:\/\/albertogranados.files.wordpress.com\/2017\/10\/carolina-molina-gil-craviotto-y-celia-correa.jpg?w=1120&amp;h=840 1120w, https:\/\/albertogranados.files.wordpress.com\/2017\/10\/carolina-molina-gil-craviotto-y-celia-correa.jpg?w=150&amp;h=113 150w, https:\/\/albertogranados.files.wordpress.com\/2017\/10\/carolina-molina-gil-craviotto-y-celia-correa.jpg?w=300&amp;h=225 300w, https:\/\/albertogranados.files.wordpress.com\/2017\/10\/carolina-molina-gil-craviotto-y-celia-correa.jpg?w=768&amp;h=576 768w, https:\/\/albertogranados.files.wordpress.com\/2017\/10\/carolina-molina-gil-craviotto-y-celia-correa.jpg?w=1024&amp;h=768 1024w\" alt=\"\" width=\"560\" height=\"420\" data-attachment-id=\"8036\" data-permalink=\"https:\/\/albertogranados.wordpress.com\/2017\/10\/23\/homenaje-a-francisco-gil-craviotto\/carolina-molina-gil-craviotto-y-celia-correa\/\" data-orig-file=\"https:\/\/albertogranados.files.wordpress.com\/2017\/10\/carolina-molina-gil-craviotto-y-celia-correa.jpg?w=560&amp;h=420\" data-orig-size=\"1600,1200\" data-comments-opened=\"1\" data-image-meta=\"{&quot;aperture&quot;:&quot;5&quot;,&quot;credit&quot;:&quot;&quot;,&quot;camera&quot;:&quot;Canon PowerShot SX500 IS&quot;,&quot;caption&quot;:&quot;&quot;,&quot;created_timestamp&quot;:&quot;1508531266&quot;,&quot;copyright&quot;:&quot;&quot;,&quot;focal_length&quot;:&quot;8.812&quot;,&quot;iso&quot;:&quot;100&quot;,&quot;shutter_speed&quot;:&quot;0.5&quot;,&quot;title&quot;:&quot;&quot;,&quot;orientation&quot;:&quot;1&quot;}\" data-image-title=\"Carolina Molina, Gil Craviotto y Celia Correa\" data-image-description=\"\" data-medium-file=\"https:\/\/albertogranados.files.wordpress.com\/2017\/10\/carolina-molina-gil-craviotto-y-celia-correa.jpg?w=560&amp;h=420?w=300\" data-large-file=\"https:\/\/albertogranados.files.wordpress.com\/2017\/10\/carolina-molina-gil-craviotto-y-celia-correa.jpg?w=560&amp;h=420?w=560\" \/><\/a><\/em><\/p>\n<p class=\"wp-caption-text\" style=\"text-align: justify;\"><em>Carolina Molina, Gil Craviotto y Celia Correa<\/em><\/p>\n<p style=\"text-align: justify;\"><em>\u00a0\u00a0\u00a0\u00a0\u00a0\u00a0\u00a0 Paco es as\u00ed y no le cuesta trabajo asumir que lo suyo es la literatura y la cultura, junto con la activa militancia en el laicismo y el republicanismo, en los derechos de las personas, en el apoyo a minor\u00edas marginales, en hacer de la gente seres m\u00e1s civilizados, cultivados y solidarios. \u00c9l es as\u00ed y no le ve ning\u00fan m\u00e9rito. No encuentra nada extraordinario en aquello que sus amigos admiramos en \u00e9l.<\/em><\/p>\n<p style=\"text-align: justify;\"><em>\u00a0\u00a0\u00a0\u00a0\u00a0\u00a0\u00a0 Gil Craviotto escribe y lee con una fruici\u00f3n poco com\u00fan para cualquier edad. Puedo certificarlo, pues ambos estamos constantemente intercambiando libros y textos conforme los terminamos. Siempre un buen prosista y un notable cirujano de almas cuando hace sus semblanzas o dibuja sus magn\u00edficas estampas literarias, ha desarrollado en estos \u00faltimos a\u00f1os una producci\u00f3n febril y desbordada. Por otra parte, participa con una frecuencia inusitada en las actividades del Centro Art\u00edstico, de la Academia de Buenas Letras de Granada o de su asociaci\u00f3n alpujarre\u00f1a. As\u00ed, sin despeinarse siquiera, organiza complet\u00edsimos ciclos de conferencias, hace de prologuista para quien se lo pida, interviene en presentaciones de libros o se va a las Alpujarras para recorrer sus pueblos y obtener de primera mano la visi\u00f3n que le permitir\u00e1 escribir los textos que, acompa\u00f1ados de las fotograf\u00edas de su amigo Enamoneta, ver\u00e1n pronto la luz de la imprenta.<\/em><\/p>\n<p style=\"text-align: justify;\"><em>\u00a0\u00a0\u00a0\u00a0\u00a0\u00a0\u00a0 No le importa subirse a un autob\u00fas que lo llevar\u00e1 a Algeciras antes de cruzar el estrecho para exponer una conferencia sobre escritores ceut\u00edes, o plantarse en la Prisi\u00f3n de Albolote para formar parte del jurado de relatos carcelarios, rodeado de internos con los que pasa la sesi\u00f3n de la entrega de premios sinti\u00e9ndose como pez en el agua. Como no le importa acudir a la convocatoria de sus amigos alpujarre\u00f1os para ir andando hasta Jes\u00fas del Valle. Cuando me lo cont\u00f3 se lo desaconsej\u00e9. No me hizo caso, pero algo fall\u00f3 y no encontr\u00f3 a los dem\u00e1s, as\u00ed que el paseo se limit\u00f3 a subir desde su casa al Aljibe de la Lluvia, en las dehesas del Generalife. Un recorrido largo y en cuesta que har\u00eda desistir a m\u00e1s de uno, pero que \u00e9l se tom\u00f3 como lo m\u00e1s normal, ajeno a esas limitaciones que los viejos, los realmente viejos, se imponen a s\u00ed mismos.<\/em><\/p>\n<p style=\"text-align: justify;\"><em>\u00a0\u00a0\u00a0\u00a0\u00a0\u00a0\u00a0 Y sigue escribiendo: cuentos breves y medianos, la biograf\u00eda de Hern\u00e1ndez Quero, una novela sobre un escabroso asunto de compra de hijos que \u00e9l mismo me pidi\u00f3 que no leyera tras envi\u00e1rmela por considerarla una \u201cnovela menor\u201d\u2026 Nuestro Paco Gil Craviotto nunca se toma un respiro. No hace mucho lo entrevist\u00e9 en el Centro Art\u00edstico. Cuando le pregunt\u00e9 por su fren\u00e9tica vejez respondi\u00f3 con palabras de su hija: \u201ces que no s\u00e9 decir que no\u201d. Creo que no es verdad, que me dio la respuesta f\u00e1cil. Hay veces en que pienso que desea batir todas las marcas y colmar su perfil de la Wikipedia de datos sobre su ya ingente obra, llena tambi\u00e9n de colaboraciones period\u00edsticas en diversos medios. Que desea aumentar su producci\u00f3n literaria para demostrarse a s\u00ed mismo que a\u00fan tiene capacidad y que su cerebro se mantiene activo por encima de su edad.<\/em><\/p>\n<p class=\"wp-caption aligncenter\" style=\"text-align: justify;\" data-shortcode=\"caption\"><em><a href=\"https:\/\/albertogranados.files.wordpress.com\/2017\/10\/dscn7572.jpg\"><img data-recalc-dims=\"1\" loading=\"lazy\" decoding=\"async\" class=\"size-full wp-image-8037\" src=\"https:\/\/albertogranados.files.wordpress.com\/2017\/10\/dscn7572.jpg?w=560&#038;h=420&#038;fit=560%2C420&#038;resize=560%2C420\" sizes=\"auto, (max-width: 560px) 100vw, 560px\" srcset=\"https:\/\/albertogranados.files.wordpress.com\/2017\/10\/dscn7572.jpg?w=560&amp;h=420 560w, https:\/\/albertogranados.files.wordpress.com\/2017\/10\/dscn7572.jpg?w=1120&amp;h=840 1120w, https:\/\/albertogranados.files.wordpress.com\/2017\/10\/dscn7572.jpg?w=150&amp;h=113 150w, https:\/\/albertogranados.files.wordpress.com\/2017\/10\/dscn7572.jpg?w=300&amp;h=225 300w, https:\/\/albertogranados.files.wordpress.com\/2017\/10\/dscn7572.jpg?w=768&amp;h=576 768w, https:\/\/albertogranados.files.wordpress.com\/2017\/10\/dscn7572.jpg?w=1024&amp;h=768 1024w\" alt=\"\" width=\"560\" height=\"420\" data-attachment-id=\"8037\" data-permalink=\"https:\/\/albertogranados.wordpress.com\/2017\/10\/23\/homenaje-a-francisco-gil-craviotto\/dscn7572\/\" data-orig-file=\"https:\/\/albertogranados.files.wordpress.com\/2017\/10\/dscn7572.jpg?w=560&amp;h=420\" data-orig-size=\"3264,2448\" data-comments-opened=\"1\" data-image-meta=\"{&quot;aperture&quot;:&quot;4&quot;,&quot;credit&quot;:&quot;&quot;,&quot;camera&quot;:&quot;COOLPIX S51&quot;,&quot;caption&quot;:&quot;&quot;,&quot;created_timestamp&quot;:&quot;1337629429&quot;,&quot;copyright&quot;:&quot;&quot;,&quot;focal_length&quot;:&quot;14.1&quot;,&quot;iso&quot;:&quot;400&quot;,&quot;shutter_speed&quot;:&quot;0.076923076923077&quot;,&quot;title&quot;:&quot;&quot;,&quot;orientation&quot;:&quot;1&quot;}\" data-image-title=\"DSCN7572\" data-image-description=\"\" data-medium-file=\"https:\/\/albertogranados.files.wordpress.com\/2017\/10\/dscn7572.jpg?w=560&amp;h=420?w=300\" data-large-file=\"https:\/\/albertogranados.files.wordpress.com\/2017\/10\/dscn7572.jpg?w=560&amp;h=420?w=560\" \/><\/a><\/em><\/p>\n<p class=\"wp-caption-text\" style=\"text-align: justify;\"><em>Discurso de ingreso en la Academia de Buenas Letras de Granada (21 de mayo de 2012)<\/em><\/p>\n<p style=\"text-align: justify;\"><em>\u00a0\u00a0\u00a0\u00a0\u00a0\u00a0\u00a0 Parece que el desaliento, los achaques de la salud, la desgana o la falta de energ\u00edas no hacen mella en este hombre que muestra una en\u00e9rgica resoluci\u00f3n en este mundo de la cultura donde se ha ganado tan dignamente el lugar que ocupa y el prestigio de que goza.<\/em><\/p>\n<p style=\"text-align: justify;\"><em>\u00a0\u00a0\u00a0\u00a0\u00a0\u00a0\u00a0 Yo, que me estoy acercando a la vejez, deseo llegar a ser un viejo como \u00e9l, plantarle cara a la muerte con su fuerza, dejar tras de m\u00ed tanta admiraci\u00f3n y tanta gratitud como este hombre sencillo y entra\u00f1able ha sido capaz de generar, como un aura que lo envuelve. Hago m\u00edas las palabras de nuestro Federico, dedicadas a S\u00e1nchez Mej\u00edas: tardar\u00e1 mucho tiempo en nacer, si es que nace \/ un andaluz tan claro, tan rico de ventura.<\/em><\/p>\n<p style=\"text-align: justify;\"><em>\u00a0\u00a0\u00a0\u00a0\u00a0\u00a0\u00a0 Querido Paco: gracias por ser como eres.<\/em><\/p>\n<p style=\"text-align: justify;\">\n<p style=\"text-align: justify;\">AG<\/p>\n<p style=\"text-align: justify;\">\n<p class=\"wp-caption aligncenter\" style=\"text-align: justify;\" data-shortcode=\"caption\"><a href=\"https:\/\/albertogranados.files.wordpress.com\/2017\/10\/2013-06-13-gil-craviotto-y-guillc3a9n-en-aljibe-del-rey-03.jpg\"><img data-recalc-dims=\"1\" loading=\"lazy\" decoding=\"async\" class=\"size-full wp-image-8038\" src=\"https:\/\/albertogranados.files.wordpress.com\/2017\/10\/2013-06-13-gil-craviotto-y-guillc3a9n-en-aljibe-del-rey-03.jpg?w=560&#038;h=421&#038;fit=560%2C421&#038;resize=560%2C421\" sizes=\"auto, (max-width: 560px) 100vw, 560px\" srcset=\"https:\/\/albertogranados.files.wordpress.com\/2017\/10\/2013-06-13-gil-craviotto-y-guillc3a9n-en-aljibe-del-rey-03.jpg?w=560&amp;h=421 560w, https:\/\/albertogranados.files.wordpress.com\/2017\/10\/2013-06-13-gil-craviotto-y-guillc3a9n-en-aljibe-del-rey-03.jpg?w=150&amp;h=113 150w, https:\/\/albertogranados.files.wordpress.com\/2017\/10\/2013-06-13-gil-craviotto-y-guillc3a9n-en-aljibe-del-rey-03.jpg?w=300&amp;h=225 300w, https:\/\/albertogranados.files.wordpress.com\/2017\/10\/2013-06-13-gil-craviotto-y-guillc3a9n-en-aljibe-del-rey-03.jpg?w=768&amp;h=577 768w, https:\/\/albertogranados.files.wordpress.com\/2017\/10\/2013-06-13-gil-craviotto-y-guillc3a9n-en-aljibe-del-rey-03.jpg 783w\" alt=\"\" width=\"560\" height=\"421\" data-attachment-id=\"8038\" data-permalink=\"https:\/\/albertogranados.wordpress.com\/2017\/10\/23\/homenaje-a-francisco-gil-craviotto\/2013-06-13-gil-craviotto-y-guillen-en-aljibe-del-rey-03\/\" data-orig-file=\"https:\/\/albertogranados.files.wordpress.com\/2017\/10\/2013-06-13-gil-craviotto-y-guillc3a9n-en-aljibe-del-rey-03.jpg?w=560&amp;h=421\" data-orig-size=\"783,588\" data-comments-opened=\"1\" data-image-meta=\"{&quot;aperture&quot;:&quot;0&quot;,&quot;credit&quot;:&quot;&quot;,&quot;camera&quot;:&quot;&quot;,&quot;caption&quot;:&quot;&quot;,&quot;created_timestamp&quot;:&quot;0&quot;,&quot;copyright&quot;:&quot;&quot;,&quot;focal_length&quot;:&quot;0&quot;,&quot;iso&quot;:&quot;0&quot;,&quot;shutter_speed&quot;:&quot;0&quot;,&quot;title&quot;:&quot;&quot;,&quot;orientation&quot;:&quot;0&quot;}\" data-image-title=\"2013 06 13 Gil Craviotto y Guill\u00e9n en Aljibe del Rey 03\" data-image-description=\"\" data-medium-file=\"https:\/\/albertogranados.files.wordpress.com\/2017\/10\/2013-06-13-gil-craviotto-y-guillc3a9n-en-aljibe-del-rey-03.jpg?w=560&amp;h=421?w=300\" data-large-file=\"https:\/\/albertogranados.files.wordpress.com\/2017\/10\/2013-06-13-gil-craviotto-y-guillc3a9n-en-aljibe-del-rey-03.jpg?w=560&amp;h=421?w=560\" \/><\/a><\/p>\n<p class=\"wp-caption-text\" style=\"text-align: justify;\">Gil Craviotto en el Aljibe del Rey (13 de junio de 2013)<\/p>\n<p style=\"text-align: justify;\">\u00a0\u00a0\u00a0\u00a0\u00a0\u00a0\u00a0 Durante el acto, Celia destac\u00f3 el nivel de colaboraci\u00f3n del homenajeado, se leyeron varios correos de los ausentes, Carolina Molina le hizo unas preguntas, se le entreg\u00f3 una caja archivadora con las p\u00e1ginas que unos y otros hab\u00edamos entregado, se pasaron unas fotos que yo mismo hab\u00eda preparado con sus m\u00faltiples colaboraciones p\u00fablicas y \u00e9l coment\u00f3 con su habitual iron\u00eda algunas an\u00e9cdotas. Finalmente, se le entreg\u00f3 todo aquello y se le hizo notar la presencia en la sala de su propia hija y su nieta, que se hab\u00edan ocultado cuando \u00e9l y su esposa llegaron para no levantar la m\u00ednima sospecha. Los asistentes ten\u00edan instaladas en sus rostros sonrisas que contrastaban con el gesto de perplejidad del protagonista.<\/p>\n<p style=\"text-align: justify;\">A veces, cuando el personaje lo merece hasta ese punto, se producen situaciones cargadas de magia. Solo a veces; solo con personajes especiales.<\/p>\n<p style=\"text-align: justify;\">Alberto Granados<\/p>\n<blockquote class=\"wp-embedded-content\" data-secret=\"YbyEG6FOEg\"><p><a href=\"https:\/\/albertogranados.wordpress.com\/2017\/10\/23\/homenaje-a-francisco-gil-craviotto\/\">Homenaje a Francisco Gil&nbsp;Craviotto<\/a><\/p><\/blockquote>\n<p><iframe loading=\"lazy\" class=\"wp-embedded-content\" sandbox=\"allow-scripts\" security=\"restricted\" style=\"position: absolute; visibility: hidden;\" title=\"\u00abHomenaje a Francisco Gil&nbsp;Craviotto\u00bb \u2014 Alberto Granados\" src=\"https:\/\/albertogranados.wordpress.com\/2017\/10\/23\/homenaje-a-francisco-gil-craviotto\/embed\/#?secret=eXTjZnnmg3#?secret=YbyEG6FOEg\" data-secret=\"YbyEG6FOEg\" width=\"600\" height=\"338\" frameborder=\"0\" marginwidth=\"0\" marginheight=\"0\" scrolling=\"no\"><\/iframe><\/p>\n","protected":false},"excerpt":{"rendered":"<p>La palabra homenaje, seg\u00fan el DRAE, es: Del occitano homenatge.\u00a0 1 m. Acto o serie&#8230;<\/p>\n","protected":false},"author":1,"featured_media":0,"comment_status":"closed","ping_status":"closed","sticky":false,"template":"","format":"standard","meta":{"_coblocks_attr":"","_coblocks_dimensions":"","_coblocks_responsive_height":"","_coblocks_accordion_ie_support":"","jetpack_post_was_ever_published":false,"_jetpack_newsletter_access":"","_jetpack_dont_email_post_to_subs":false,"_jetpack_newsletter_tier_id":0,"_jetpack_memberships_contains_paywalled_content":false,"_jetpack_memberships_contains_paid_content":false,"footnotes":"","jetpack_publicize_message":"","jetpack_publicize_feature_enabled":true,"jetpack_social_post_already_shared":false,"jetpack_social_options":{"image_generator_settings":{"template":"highway","default_image_id":0,"enabled":false},"version":2}},"categories":[39,12,1161,44,15],"tags":[4297,129,2748],"class_list":["post-19159","post","type-post","status-publish","format-standard","hentry","category-opinion-de-alberto-granados","category-cultura","category-ciudadania","category-noticias-de-hoy","category-ultimas-noticias","tag-gilcraviotto","tag-granada","tag-homenaje"],"jetpack_publicize_connections":[],"jetpack_featured_media_url":"","jetpack_likes_enabled":true,"jetpack_sharing_enabled":true,"_links":{"self":[{"href":"https:\/\/miradordeatarfe.es\/index.php?rest_route=\/wp\/v2\/posts\/19159","targetHints":{"allow":["GET"]}}],"collection":[{"href":"https:\/\/miradordeatarfe.es\/index.php?rest_route=\/wp\/v2\/posts"}],"about":[{"href":"https:\/\/miradordeatarfe.es\/index.php?rest_route=\/wp\/v2\/types\/post"}],"author":[{"embeddable":true,"href":"https:\/\/miradordeatarfe.es\/index.php?rest_route=\/wp\/v2\/users\/1"}],"replies":[{"embeddable":true,"href":"https:\/\/miradordeatarfe.es\/index.php?rest_route=%2Fwp%2Fv2%2Fcomments&post=19159"}],"version-history":[{"count":2,"href":"https:\/\/miradordeatarfe.es\/index.php?rest_route=\/wp\/v2\/posts\/19159\/revisions"}],"predecessor-version":[{"id":19161,"href":"https:\/\/miradordeatarfe.es\/index.php?rest_route=\/wp\/v2\/posts\/19159\/revisions\/19161"}],"wp:attachment":[{"href":"https:\/\/miradordeatarfe.es\/index.php?rest_route=%2Fwp%2Fv2%2Fmedia&parent=19159"}],"wp:term":[{"taxonomy":"category","embeddable":true,"href":"https:\/\/miradordeatarfe.es\/index.php?rest_route=%2Fwp%2Fv2%2Fcategories&post=19159"},{"taxonomy":"post_tag","embeddable":true,"href":"https:\/\/miradordeatarfe.es\/index.php?rest_route=%2Fwp%2Fv2%2Ftags&post=19159"}],"curies":[{"name":"wp","href":"https:\/\/api.w.org\/{rel}","templated":true}]}}