{"id":19182,"date":"2017-11-13T11:00:24","date_gmt":"2017-11-13T10:00:24","guid":{"rendered":"http:\/\/miradordeatarfe.es\/?p=19182"},"modified":"2023-10-21T10:51:03","modified_gmt":"2023-10-21T08:51:03","slug":"19182","status":"publish","type":"post","link":"https:\/\/miradordeatarfe.es\/?p=19182","title":{"rendered":"ATARFE: Zona arqueol\u00f3gica de Medina Elvira"},"content":{"rendered":"<div class=\"mw-parser-output\">\n<p>La <b>Zona Arqueol\u00f3gica de Medina Elvira<\/b> se ubica en el pie de monte del frente meridional de <a title=\"Sierra Elvira\" href=\"https:\/\/es.wikipedia.org\/wiki\/Sierra_Elvira\">Sierra Elvira<\/a>, ocupando un hemiciclo natural abierto al sur enclavado en los t\u00e9rminos municipales de <a title=\"Atarfe\" href=\"https:\/\/es.wikipedia.org\/wiki\/Atarfe\">Atarfe<\/a> y <a title=\"Pinos Puente\" href=\"https:\/\/es.wikipedia.org\/wiki\/Pinos_Puente\">Pinos Puente<\/a> (<a title=\"Provincia de Granada\" href=\"https:\/\/es.wikipedia.org\/wiki\/Provincia_de_Granada\">provincia de Granada<\/a>, <a title=\"Espa\u00f1a\" href=\"https:\/\/es.wikipedia.org\/wiki\/Espa%C3%B1a\">Espa\u00f1a<\/a>). La superficie de la Zona Arqueol\u00f3gica es de 332,226 hect\u00e1reas.<\/p>\n<p style=\"text-align: justify;\"><!--more--><\/p>\n<p style=\"text-align: justify;\">Cercando el flanco septentrional existen una serie de elevaciones: Cerro del Sombrerete, Tajo Colorado, Cerro Almirez y Cerro de los Cigarrones, que parece tuvieron un destacado papel en la ubicaci\u00f3n de las defensas de la ciudad. Este espacio geogr\u00e1fico es el ocupado por la Zona Arqueol\u00f3gica de enorme entidad en cuanto a los datos recuperados de la superficie.<\/p>\n<table class=\"infobox\">\n<tbody>\n<tr>\n<th class=\"cabecera espa\u00f1a\" colspan=\"3\">Zona arqueol\u00f3gica de Medina Elvira<\/th>\n<\/tr>\n<tr>\n<td colspan=\"3\"><b><a title=\"Bien de Inter\u00e9s Cultural (Espa\u00f1a)\" href=\"https:\/\/es.wikipedia.org\/wiki\/Bien_de_Inter%C3%A9s_Cultural_(Espa%C3%B1a)\">Bien de Inter\u00e9s Cultural<\/a><\/b><br \/>\n<b><a title=\"Patrimonio hist\u00f3rico (Espa\u00f1a)\" href=\"https:\/\/es.wikipedia.org\/wiki\/Patrimonio_hist%C3%B3rico_(Espa%C3%B1a)\">Patrimonio hist\u00f3rico de Espa\u00f1a<\/a><\/b><\/td>\n<\/tr>\n<tr>\n<th scope=\"row\">Declaraci\u00f3n<\/th>\n<td colspan=\"2\"><a class=\"external text\" href=\"http:\/\/www.juntadeandalucia.es\/boja\/2004\/207\/d39.pdf\" rel=\"nofollow\">Decreto 514\/2004, de 19 de octubre<\/a><\/td>\n<\/tr>\n<tr>\n<th scope=\"row\">Figura de protecci\u00f3n<\/th>\n<td colspan=\"2\"><a class=\"mw-redirect\" title=\"Zona Arqueol\u00f3gica\" href=\"https:\/\/es.wikipedia.org\/wiki\/Zona_Arqueol%C3%B3gica\">Zona Arqueol\u00f3gica<\/a><\/td>\n<\/tr>\n<tr>\n<th scope=\"row\"><a title=\"Coordenadas geogr\u00e1ficas\" href=\"https:\/\/es.wikipedia.org\/wiki\/Coordenadas_geogr%C3%A1ficas\">Coordenadas<\/a><\/th>\n<td colspan=\"2\"><span class=\"plainlinks nourlexpansion\"><img decoding=\"async\" class=\"wmamapbutton noprint\" title=\"Mostrar el lugar en un mapa interactivo\" src=\"https:\/\/upload.wikimedia.org\/wikipedia\/commons\/thumb\/9\/9a\/Erioll_world.svg\/15px-Erioll_world.svg.png\" srcset=\"\/\/upload.wikimedia.org\/wikipedia\/commons\/thumb\/9\/9a\/Erioll_world.svg\/15px-Erioll_world.svg.png 1x, \/\/upload.wikimedia.org\/wikipedia\/commons\/thumb\/5\/55\/WMA_button2b.png\/34px-WMA_button2b.png 2x\" alt=\"\" \/><a class=\"external text\" href=\"http:\/\/tools.wmflabs.org\/geohack\/geohack.php?language=es&amp;pagename=Zona_arqueol%C3%B3gica_de_Medina_Elvira&amp;params=37.231148_N_-3.708329_E_type:landmark\"><span class=\"geo-default\"><span class=\"geo-dms\" title=\"Mapas, fotos y otros datos de 37\u00b013\u203252\u2033N 3\u00b042\u203230\u2033O\"><span class=\"latitude\">37\u00b013\u203252\u2033N<\/span> <span class=\"longitude\">3\u00b042\u203230\u2033O<\/span><\/span><\/span><\/a><\/span><span id=\"coordinates\"><a title=\"Coordenadas geogr\u00e1ficas\" href=\"https:\/\/es.wikipedia.org\/wiki\/Coordenadas_geogr%C3%A1ficas\">Coordenadas<\/a>: <span class=\"plainlinks nourlexpansion\"><img decoding=\"async\" class=\"wmamapbutton noprint\" title=\"Mostrar el lugar en un mapa interactivo\" src=\"https:\/\/upload.wikimedia.org\/wikipedia\/commons\/thumb\/9\/9a\/Erioll_world.svg\/15px-Erioll_world.svg.png\" srcset=\"\/\/upload.wikimedia.org\/wikipedia\/commons\/thumb\/9\/9a\/Erioll_world.svg\/15px-Erioll_world.svg.png 1x, \/\/upload.wikimedia.org\/wikipedia\/commons\/thumb\/5\/55\/WMA_button2b.png\/34px-WMA_button2b.png 2x\" alt=\"\" \/><a class=\"external text\" href=\"http:\/\/tools.wmflabs.org\/geohack\/geohack.php?language=es&amp;pagename=Zona_arqueol%C3%B3gica_de_Medina_Elvira&amp;params=37.231148_N_-3.708329_E_type:landmark\"><span class=\"geo-default\"><span class=\"geo-dms\" title=\"Mapas, fotos y otros datos de 37\u00b013\u203252\u2033N 3\u00b042\u203230\u2033O\"><span class=\"latitude\">37\u00b013\u203252\u2033N<\/span> <span class=\"longitude\">3\u00b042\u203230\u2033O<\/span><\/span><\/span><\/a><\/span> (<a id=\"coordinates_map\" href=\"https:\/\/es.wikipedia.org\/wiki\/Zona_arqueol%C3%B3gica_de_Medina_Elvira#\">mapa<\/a>) <\/span><\/td>\n<\/tr>\n<tr>\n<th scope=\"row\">Ubicaci\u00f3n<\/th>\n<td colspan=\"2\"><a title=\"Atarfe\" href=\"https:\/\/es.wikipedia.org\/wiki\/Atarfe\">Atarfe<\/a> y <a title=\"Pinos Puente\" href=\"https:\/\/es.wikipedia.org\/wiki\/Pinos_Puente\">Pinos Puente<\/a><\/td>\n<\/tr>\n<tr>\n<th scope=\"row\">Construcci\u00f3n<\/th>\n<td colspan=\"2\">\u00c9poca tardorromana-\u00c9poca isl\u00e1mica<\/td>\n<\/tr>\n<tr>\n<td colspan=\"3\"><small>[<span class=\"plainlinks\"><a class=\"extiw\" title=\"d:Q2855339\" href=\"https:\/\/www.wikidata.org\/wiki\/Q2855339\">editar datos en Wikidata<\/a><\/span>]<\/small><\/td>\n<\/tr>\n<\/tbody>\n<\/table>\n<div id=\"toc\" class=\"toc\" style=\"text-align: justify;\"><strong>\u00a0<span id=\"Ubicaci.C3.B3n\" class=\"mw-headline\">Ubicaci\u00f3n<\/span><\/strong><\/div>\n<\/div>\n<p style=\"text-align: justify;\">El patr\u00f3n de ubicaci\u00f3n de las diferentes \u00e1reas de la Zona Arqueol\u00f3gica depende, entre otras, de la variable geomorfol\u00f3gica, estando una zona m\u00e1s llana o ligeramente inclinada en la que se asienta la parte de la ciudad donde se ubica el principal edificio religioso (Cortijo de las Monjas) y uno de barrios (Cerro de los Cigarrones), la zona de laderas suaves con parte de las necr\u00f3polis (Pago de Marug\u00e1n y Cortijo de los Cigarrones) y algunos cerros destacados donde hay estructuras poliorc\u00e9ticas de claro valor estrat\u00e9gico en la articulaci\u00f3n de la defensa de la ciudad (Cerro del Sombrerete).<\/p>\n<p style=\"text-align: justify;\">En varios sitios se aprecian restos de canteras antiguas cuya precisi\u00f3n cronol\u00f3gica, por el momento, no se puede establecer ante la falta de estudios a fondo. El proceso de deterioro del medio natural ha ido agudiz\u00e1ndose, dado que la desnudez vegetal y de suelo de amplias zonas ha incrementado la escorrent\u00eda en los glacis de erosi\u00f3n generando un fuerte abarrancamiento que ahora afecta a la zona. Existen dos grandes barrancos que cruzan el \u00e1rea desde la zona septentrional a la meridional: el Barranco de la Mezquita y el de Marug\u00e1n. La gran presi\u00f3n antr\u00f3pica sobre el medio, con actividades de gran entidad como canteras, vertederos, etc., han llevado a la configuraci\u00f3n de \u00e1reas muy transformadas.<\/p>\n<h3 style=\"text-align: justify;\"><span id=\"Intervenciones\" class=\"mw-headline\">Intervenciones<\/span><\/h3>\n<p style=\"text-align: justify;\">De la Zona Arqueol\u00f3gica de Medina Elvira se conocen, puntualmente pero con rigor cient\u00edfico, restos de asentamiento y fortificaciones en el Cerro del Sombrerete y restos de unidades dom\u00e9sticas y viario de un barrio en el Cerro de los Cigarrones, fruto de dos intervenciones recientes.<\/p>\n<p style=\"text-align: justify;\">En un segundo nivel se encuentran los restos sacados por los buscadores del siglo XIX y en un tercer nivel est\u00e1n la multitud de hallazgos aislados recogidos en algunos trabajos (Espinar, Quesada y Amescua, 1994). Las actuaciones principales se pueden resumir en:<\/p>\n<ul style=\"text-align: justify;\">\n<li>Las intervenciones de la necr\u00f3polis del pago de Marug\u00e1n, llegando a documentar 1.200 sepulturas con abundant\u00edsimos ajuares u objetos de adorno personal (pendientes, pulseras, anillos&#8230;), para ello plantea G\u00f3mez-Moreno una cronolog\u00eda visigoda.<\/li>\n<li>El reconocimiento de los restos de un acueducto inmediato a Marug\u00e1n, as\u00ed como otros restos encontrados en el pago de los Tejoletes del Cortijo de las Monjas.<\/li>\n<li>Los hallazgos que en 1868 se encontraron al abrir la carretera de Granada-C\u00f3rdoba en la cercan\u00eda de Los Ba\u00f1os de Sierra Elvira, con varias intervenciones en a\u00f1os sucesivos, donde sacaron restos de unas relevantes termas romanas.<\/li>\n<li>La excavaci\u00f3n del Secano de la Mezquita comenzada en 1872, encontrando los restos de muros, columnas y una gran capa de materias carbonizadas, que sigui\u00f3 en 1874 sacando a la luz nuevos restos de edificios abandonados por un incendio y entre ellos destacan las columnas y nivel de cultura material, las l\u00e1mparas de bronce de la mezquita incendiada.<\/li>\n<li>De otro lado, est\u00e1n las excavaciones realizadas recientemente: Cerro de los Cigarrones (Medina Elvira, Atarfe) en 1998. En ella se realiz\u00f3 una prospecci\u00f3n y una excavaci\u00f3n de aproximadamente 80\u00a0m<sup>2<\/sup>. En la excavaci\u00f3n se exhumaron estructuras que formar\u00edan parte de una trama urbana. Las viviendas tienen muros con z\u00f3calos realizados en mamposter\u00eda de piedra y pavimentos de tierra. Funcionalmente se valoran como pertenecientes a una cocina en la que se ubica un aljibe y un espacio p\u00fablico identificado con una calle. Posiblemente se trate de un arrabal o barrio perif\u00e9rico de la ciudad, separado del n\u00facleo principal que se situar\u00eda en el actual Cortijo de las Monjas. Los materiales muebles recuperados se sit\u00faan cronol\u00f3gicamente entre los siglos VIII y el XI.<\/li>\n<li>En 2001 en el Cerro del Sombrerete se pusieron al descubierto estructuras y diversos materiales cer\u00e1micos, faun\u00edsticos&#8230; (algunos investigadores identifican aqu\u00ed la muralla de la primera ciudad \u00e1rabe existente en la vega granadina). Se realizaron dos sondeos, documentando en el primero un muro en un tramo de unos 15 m, con una serie de estructuras adosadas que quiz\u00e1 pudieran ser la base de una torre. En el sondeo II se documentaron una serie de estancias que se interpretan como habitaciones y patio. Estas dependencias de casas pertenec\u00edan a un conjunto complejo, sin duda con una organizaci\u00f3n urban\u00edstica, que tendr\u00eda la funci\u00f3n de Alcazaba, controlando la ciudad de Ilbira. La cronolog\u00eda propuesta para las estructuras y los materiales exhumados en la excavaci\u00f3n del Sombrerete es siglo IX y comienzos del siglo X.<\/li>\n<\/ul>\n<h2 style=\"text-align: justify;\"><span id=\"Delimitaci\u00f3n_de_la_Zona_Arqueol\u00f3gica\"><\/span><span id=\"Delimitaci.C3.B3n_de_la_Zona_Arqueol.C3.B3gica\" class=\"mw-headline\">Delimitaci\u00f3n de la Zona Arqueol\u00f3gica<\/span><\/h2>\n<p style=\"text-align: justify;\">La delimitaci\u00f3n de la Zona Arqueol\u00f3gica de Medina Elvira se ha efectuado en funci\u00f3n de diversos par\u00e1metros debidamente contrastados. Para ello se ha partido inicialmente de las fuentes historiogr\u00e1ficas y documentales generadas a partir del siglo XIX.<\/p>\n<p style=\"text-align: justify;\">Adem\u00e1s, se han tenido en cuenta las \u00faltimas intervenciones arqueol\u00f3gicas realizadas en el \u00e1mbito delimitado, concretamente en el Cerro de los Cigarrones y en el Cerro del Sombrerete, ambas de vital importancia para corroborar la permanencia y la entidad de la Zona Arqueol\u00f3gica. Todo ello ha sido contrastado con un reconocimiento exhaustivo sobre el terreno de todo el \u00e1mbito que conforma la Zona Arqueol\u00f3gica, teniendo en cuenta la organizaci\u00f3n actual del territorio, fruto de algunas transformaciones acaecidas en el \u00faltimo cuarto del siglo XX, siendo una de las m\u00e1s recientes la ejecuci\u00f3n de la autov\u00eda A-92 a su paso por Atarfe, con la existencia adem\u00e1s de dos rotondas de salida a la localidad de Atarfe y a la localidad de Pinos Puente.<\/p>\n<p style=\"text-align: justify;\">La zona es prolija en la extracci\u00f3n de la piedra, constatada desde tiempos antiguos; por tanto, dentro de la Zona Arqueol\u00f3gica se encuentran canteras actualmente abandonadas en zonas potenciales de contener restos arqueol\u00f3gicos, como las localizadas junto al barranco de la Mezquita y otras actualmente en uso, localizadas en el Cerro del Sombrerete y en el Tajo Colorado, con el peligro que ello supone para la integridad de las estructuras arqueol\u00f3gicas.<\/p>\n<p><a href=\"https:\/\/es.wikipedia.org\/wiki\/Zona_arqueol%C3%B3gica_de_Medina_Elvira\">https:\/\/es.wikipedia.org\/wiki\/Zona_arqueol%C3%B3gica_de_Medina_Elvira<\/a><\/p>\n","protected":false},"excerpt":{"rendered":"<p>La Zona Arqueol\u00f3gica de Medina Elvira se ubica en el pie de monte del frente&#8230;<\/p>\n","protected":false},"author":1,"featured_media":19184,"comment_status":"closed","ping_status":"closed","sticky":false,"template":"","format":"standard","meta":{"_coblocks_attr":"","_coblocks_dimensions":"","_coblocks_responsive_height":"","_coblocks_accordion_ie_support":"","jetpack_post_was_ever_published":false,"_jetpack_newsletter_access":"","_jetpack_dont_email_post_to_subs":false,"_jetpack_newsletter_tier_id":0,"_jetpack_memberships_contains_paywalled_content":false,"_jetpack_memberships_contains_paid_content":false,"footnotes":"","jetpack_publicize_message":"","jetpack_publicize_feature_enabled":true,"jetpack_social_post_already_shared":false,"jetpack_social_options":{"image_generator_settings":{"template":"highway","default_image_id":0,"enabled":false},"version":2}},"categories":[12,1225,5359,10431],"tags":[81,1331,4295,79],"class_list":["post-19182","post","type-post","status-publish","format-standard","has-post-thumbnail","hentry","category-cultura","category-ha-de-atarfe","category-madinat-ilbira","category-medina-elvira-2","tag-atarfe","tag-ha-de-atarfe","tag-madinat-elvira","tag-medina-elvira"],"jetpack_publicize_connections":[],"jetpack_featured_media_url":"https:\/\/i0.wp.com\/miradordeatarfe.es\/wp-content\/uploads\/2017\/11\/portada04.jpg?fit=200%2C317&ssl=1","jetpack_likes_enabled":true,"jetpack_sharing_enabled":true,"_links":{"self":[{"href":"https:\/\/miradordeatarfe.es\/index.php?rest_route=\/wp\/v2\/posts\/19182","targetHints":{"allow":["GET"]}}],"collection":[{"href":"https:\/\/miradordeatarfe.es\/index.php?rest_route=\/wp\/v2\/posts"}],"about":[{"href":"https:\/\/miradordeatarfe.es\/index.php?rest_route=\/wp\/v2\/types\/post"}],"author":[{"embeddable":true,"href":"https:\/\/miradordeatarfe.es\/index.php?rest_route=\/wp\/v2\/users\/1"}],"replies":[{"embeddable":true,"href":"https:\/\/miradordeatarfe.es\/index.php?rest_route=%2Fwp%2Fv2%2Fcomments&post=19182"}],"version-history":[{"count":3,"href":"https:\/\/miradordeatarfe.es\/index.php?rest_route=\/wp\/v2\/posts\/19182\/revisions"}],"predecessor-version":[{"id":19186,"href":"https:\/\/miradordeatarfe.es\/index.php?rest_route=\/wp\/v2\/posts\/19182\/revisions\/19186"}],"wp:featuredmedia":[{"embeddable":true,"href":"https:\/\/miradordeatarfe.es\/index.php?rest_route=\/wp\/v2\/media\/19184"}],"wp:attachment":[{"href":"https:\/\/miradordeatarfe.es\/index.php?rest_route=%2Fwp%2Fv2%2Fmedia&parent=19182"}],"wp:term":[{"taxonomy":"category","embeddable":true,"href":"https:\/\/miradordeatarfe.es\/index.php?rest_route=%2Fwp%2Fv2%2Fcategories&post=19182"},{"taxonomy":"post_tag","embeddable":true,"href":"https:\/\/miradordeatarfe.es\/index.php?rest_route=%2Fwp%2Fv2%2Ftags&post=19182"}],"curies":[{"name":"wp","href":"https:\/\/api.w.org\/{rel}","templated":true}]}}