{"id":19353,"date":"2017-11-11T11:37:55","date_gmt":"2017-11-11T10:37:55","guid":{"rendered":"http:\/\/miradordeatarfe.es\/?p=19353"},"modified":"2017-11-10T18:25:12","modified_gmt":"2017-11-10T17:25:12","slug":"se-reune-en-atarfe-mas-de-400-bailarines-de-academias-granadinas","status":"publish","type":"post","link":"https:\/\/miradordeatarfe.es\/?p=19353","title":{"rendered":"Se re\u00fane en Atarfe m\u00e1s de 400 bailarines de academias granadinas"},"content":{"rendered":"<p style=\"text-align: justify;\">El evento musical se celebra el domingo 12 de noviembre en el Centro Cultural Medina Elvira y tiene como objetivo la promoci\u00f3n de los trabajos que se desarrollan en centros y academias de Granada.<!--more--><\/p>\n<p style=\"text-align: justify;\">M\u00e1s de 400 bailarines de distintas academias y grupos de baile granadinos participan el <strong>domingo 12 de noviembre<\/strong> en la segunda edici\u00f3n del <strong>Fesdance Granada<\/strong> que tendr\u00e1 lugar en el <strong>Centro Cultural Medina Elvira de Atarfe<\/strong>.<\/p>\n<p style=\"text-align: justify;\">Se trata de unos de los festivales de exhibici\u00f3n m\u00e1s importantes de Espa\u00f1a donde, en esta ocasi\u00f3n, se dan cita escuelas y grupos de la provincia de Granada que tendr\u00e1n la oportunidad de presentar sus \u00faltimas coreograf\u00edas con estilos musicales muy diversos, y compartir experiencias y conocimientos.<\/p>\n<p style=\"text-align: justify;\">El objetivo de este evento musical no competitivo, que organiza Pitarch&#8217;s Events en colaboraci\u00f3n con el Ayuntamiento de Atarfe, es la promoci\u00f3n de los trabajos que se desarrollan en los centros y academias participantes, dando a conocer al p\u00fablico sus conocimientos a trav\u00e9s de las propias coreograf\u00edas que presentan los alumnos.<\/p>\n<p style=\"text-align: justify;\">\u00abConstruimos este evento para apoyar a la danza e intercambiar la creatividad generando lazos entre los grupos asistentes, unidos por una enorme ilusi\u00f3n y ganas de bailar\u201d, ha explicado <strong>Sara Agust\u00edn Pitarch<\/strong>, directora de la empresa organizadora.<\/p>\n<p style=\"text-align: justify;\"><img data-recalc-dims=\"1\" decoding=\"async\" src=\"https:\/\/i0.wp.com\/www.atarfe.es\/data\/CoreImages\/foto-1-3.jpg?w=640\" alt=\"\" \/><\/p>\n<p style=\"text-align: justify;\">El Fesdance se organiza actualmente en siete ciudades espa\u00f1olas (Barcelona, Marbella, C\u00e1diz, Tarragona, Huelva, Badajoz y Atarfe) con gran aceptaci\u00f3n por parte del p\u00fablico atra\u00eddo por la variedad de propuestas y estilos coreogr\u00e1ficos.<\/p>\n<p style=\"text-align: justify;\">El festival de danza permite reunir estilos tan diversos como el street dance, la danza jazz, hip hop, waacking-vogue, danza oriental, b-boying, latinos, strip dance, house dance, ballet, danza afro, kapoeira, danza acrob\u00e1tica, locking, contempor\u00e1neo, krump, salsa, flamenco, sevillanas, fit kid, comercial dance, bailes regionales, reggaeton, hype, sexy style, funk, break dance,c-walk, bachata, zumba\u2026<\/p>\n<p style=\"text-align: justify;\"><strong>II edici\u00f3n del FESDANCE Granada<\/strong><br \/>\nD\u00eda: Domingo, 12 de Noviembre<br \/>\nHora: 12 horas<br \/>\nLugar: Centro Cultural Medina Elvira, Atarfe (Granada)<br \/>\nPrecio: 10 euros<\/p>\n<p>&nbsp;<\/p>\n","protected":false},"excerpt":{"rendered":"<p>El evento musical se celebra el domingo 12 de noviembre en el Centro Cultural Medina&#8230;<\/p>\n","protected":false},"author":1,"featured_media":19354,"comment_status":"closed","ping_status":"closed","sticky":false,"template":"","format":"standard","meta":{"_coblocks_attr":"","_coblocks_dimensions":"","_coblocks_responsive_height":"","_coblocks_accordion_ie_support":"","jetpack_post_was_ever_published":false,"_jetpack_newsletter_access":"","_jetpack_dont_email_post_to_subs":false,"_jetpack_newsletter_tier_id":0,"_jetpack_memberships_contains_paywalled_content":false,"_jetpack_memberships_contains_paid_content":false,"footnotes":"","jetpack_publicize_message":"","jetpack_publicize_feature_enabled":true,"jetpack_social_post_already_shared":false,"jetpack_social_options":{"image_generator_settings":{"template":"highway","default_image_id":0,"enabled":false},"version":2}},"categories":[2,12,186,44,15],"tags":[81,3973],"class_list":["post-19353","post","type-post","status-publish","format-standard","has-post-thumbnail","hentry","category-atarfe","category-cultura","category-instituciones","category-noticias-de-hoy","category-ultimas-noticias","tag-atarfe","tag-bailes"],"jetpack_publicize_connections":[],"jetpack_featured_media_url":"https:\/\/i0.wp.com\/miradordeatarfe.es\/wp-content\/uploads\/2017\/11\/cartel-del-fesdance-web.jpg?fit=463%2C650&ssl=1","jetpack_likes_enabled":true,"jetpack_sharing_enabled":true,"_links":{"self":[{"href":"https:\/\/miradordeatarfe.es\/index.php?rest_route=\/wp\/v2\/posts\/19353","targetHints":{"allow":["GET"]}}],"collection":[{"href":"https:\/\/miradordeatarfe.es\/index.php?rest_route=\/wp\/v2\/posts"}],"about":[{"href":"https:\/\/miradordeatarfe.es\/index.php?rest_route=\/wp\/v2\/types\/post"}],"author":[{"embeddable":true,"href":"https:\/\/miradordeatarfe.es\/index.php?rest_route=\/wp\/v2\/users\/1"}],"replies":[{"embeddable":true,"href":"https:\/\/miradordeatarfe.es\/index.php?rest_route=%2Fwp%2Fv2%2Fcomments&post=19353"}],"version-history":[{"count":1,"href":"https:\/\/miradordeatarfe.es\/index.php?rest_route=\/wp\/v2\/posts\/19353\/revisions"}],"predecessor-version":[{"id":19355,"href":"https:\/\/miradordeatarfe.es\/index.php?rest_route=\/wp\/v2\/posts\/19353\/revisions\/19355"}],"wp:featuredmedia":[{"embeddable":true,"href":"https:\/\/miradordeatarfe.es\/index.php?rest_route=\/wp\/v2\/media\/19354"}],"wp:attachment":[{"href":"https:\/\/miradordeatarfe.es\/index.php?rest_route=%2Fwp%2Fv2%2Fmedia&parent=19353"}],"wp:term":[{"taxonomy":"category","embeddable":true,"href":"https:\/\/miradordeatarfe.es\/index.php?rest_route=%2Fwp%2Fv2%2Fcategories&post=19353"},{"taxonomy":"post_tag","embeddable":true,"href":"https:\/\/miradordeatarfe.es\/index.php?rest_route=%2Fwp%2Fv2%2Ftags&post=19353"}],"curies":[{"name":"wp","href":"https:\/\/api.w.org\/{rel}","templated":true}]}}