{"id":19366,"date":"2017-11-11T12:59:30","date_gmt":"2017-11-11T11:59:30","guid":{"rendered":"http:\/\/miradordeatarfe.es\/?p=19366"},"modified":"2017-11-11T09:50:19","modified_gmt":"2017-11-11T08:50:19","slug":"yolanda-fernandez-elegida-secretaria-general-municipal-del-psoe","status":"publish","type":"post","link":"https:\/\/miradordeatarfe.es\/?p=19366","title":{"rendered":"YOLANDA FERNANDEZ ELEGIDA SECRETARIA GENERAL MUNICIPAL DEL PSOE"},"content":{"rendered":"<p>Yolanda Fern\u00e1ndez fue proclamada ayer\u00a0 con el apoyo del 93,5% de los votos emitidos\u00a0 Secretaria General del Psoe en Atarfe. La participaci\u00f3n de los militantes fue del 51%<!--more--><\/p>\n<p>Enhorabuena a Yolanda Fern\u00e1ndez y su nuevo equipo que tiene como misi\u00f3n recobrar la ilusi\u00f3n del municipio y la Alcald\u00eda de Atarfe.<\/p>\n<p>La composici\u00f3n de la nueva Ejecutiva es la siguiente:<\/p>\n<p>YOLANDA FERNANDEZ MORALES\u00a0\u00a0\u00a0 Secretaria General<\/p>\n<p>PEDRO MARTINEZ PARRA\u00a0\u00a0\u00a0 Vicesecretario General<\/p>\n<p>MIGUEL ANGEL SOTO SERRANO\u00a0 Secretario de Organizaci\u00f3n<\/p>\n<p>MONTSE PADIAL RAMIREZ\u00a0\u00a0 Secretaria de Administraci\u00f3n y Acci\u00f3n Electoral<\/p>\n<p>JOSE CASTRO GARCIA\u00a0\u00a0\u00a0 Secretario de Participaci\u00f3n Ciudadana<\/p>\n<p>FRANCISCA ALCANTARA CALVO\u00a0\u00a0\u00a0 Secretaria de Servicios Sociales<\/p>\n<p>JUAN FRANCISCO CUENCA ORTIGOSA\u00a0 Secretario de Formaci\u00f3n y Comunicaci\u00f3n<\/p>\n<p>ANGEL FERNANDEZ \u00a0MORENO\u00a0\u00a0 Secretario de Juventud<\/p>\n<p>TRINIDAD RODRIGUEZ SANCHEZ\u00a0\u00a0\u00a0\u00a0 Secretaria de Pol\u00edtica Municipal<\/p>\n<p>DANIEL TRASSIERRA LOPEZ\u00a0\u00a0 \u00a0Secretario de Deportes<\/p>\n<p>MARIOLA OLIVA GARCIA\u00a0\u00a0\u00a0 Secretaria de Cultura<\/p>\n<p>ANTONIO REQUENA GOMEZ\u00a0\u00a0\u00a0 Secretario de Educaci\u00f3n<\/p>\n<p>JUANA DIAZ PLAZA\u00a0\u00a0\u00a0 Secretaria de Igualdad<\/p>\n<p>FRANCISCO GUADIX GARCIA\u00a0\u00a0 Secretario de Servicios Municipales<\/p>\n<p>SUSANA FERNANDEZ CRUZ\u00a0\u00a0\u00a0 Secretaria de Salud y Bienestar Social<\/p>\n<p>ANA MARIA ROJO GUERRERO\u00a0\u00a0\u00a0 Secretaria de Relaciones con Tercera Edad<\/p>\n<p>HECTOR IGNACIO DEL PINO SEGURA Secretario de Sistemas de Desarrollo Productivo y Medio Ambiente<\/p>\n<p>JUAN MOLINA MONTALVO\u00a0\u00a0\u00a0 Secretario de Barrios y Pedanias<\/p>\n<p>JOSE ANTONIO RAMIREZ JIMENA\u00a0 Secretario de la Memoria Historica<\/p>\n<p>ANGEL FRAGUAS LAMAS \u00a0\u00a0Secretario de Accesibilidad<\/p>\n<p>Y como representantes en el Comit\u00e9 Provincial :<\/p>\n<p>Pedro Mart\u00ednez Pasrra\u00a0 y Montse\u00a0 Padial Ramirez siendo suplentes de los mismos\u00a0 Miguel Angel Soto y Francisca Alcantara<\/p>\n<div class=\"jetpack-video-wrapper\"><iframe loading=\"lazy\" title=\"Yolanda Fern\u00e1ndez nueva Secretaria General del PSOE de Atarfe\" width=\"640\" height=\"360\" src=\"https:\/\/www.youtube.com\/embed\/U8oTZTVVzhU?feature=oembed\" frameborder=\"0\" allow=\"accelerometer; autoplay; clipboard-write; encrypted-media; gyroscope; picture-in-picture; web-share\" referrerpolicy=\"strict-origin-when-cross-origin\" allowfullscreen><\/iframe><\/div>\n<p>&nbsp;<\/p>\n<p>&nbsp;<\/p>\n","protected":false},"excerpt":{"rendered":"<p>Yolanda Fern\u00e1ndez fue proclamada ayer\u00a0 con el apoyo del 93,5% de los votos emitidos\u00a0 Secretaria&#8230;<\/p>\n","protected":false},"author":1,"featured_media":19370,"comment_status":"closed","ping_status":"closed","sticky":false,"template":"","format":"standard","meta":{"_coblocks_attr":"","_coblocks_dimensions":"","_coblocks_responsive_height":"","_coblocks_accordion_ie_support":"","jetpack_post_was_ever_published":false,"_jetpack_newsletter_access":"","_jetpack_dont_email_post_to_subs":false,"_jetpack_newsletter_tier_id":0,"_jetpack_memberships_contains_paywalled_content":false,"_jetpack_memberships_contains_paid_content":false,"footnotes":"","jetpack_publicize_message":"","jetpack_publicize_feature_enabled":true,"jetpack_social_post_already_shared":false,"jetpack_social_options":{"image_generator_settings":{"template":"highway","default_image_id":0,"enabled":false},"version":2}},"categories":[2,1161,1225,186,44,15],"tags":[81,4339,4340],"class_list":["post-19366","post","type-post","status-publish","format-standard","has-post-thumbnail","hentry","category-atarfe","category-ciudadania","category-ha-de-atarfe","category-instituciones","category-noticias-de-hoy","category-ultimas-noticias","tag-atarfe","tag-ejecutiva-psoe","tag-yolanda-fernandez"],"jetpack_publicize_connections":[],"jetpack_featured_media_url":"https:\/\/i0.wp.com\/miradordeatarfe.es\/wp-content\/uploads\/2017\/11\/IMG-20171111-WA0002-1.jpg?fit=1504%2C1000&ssl=1","jetpack_likes_enabled":true,"jetpack_sharing_enabled":true,"_links":{"self":[{"href":"https:\/\/miradordeatarfe.es\/index.php?rest_route=\/wp\/v2\/posts\/19366","targetHints":{"allow":["GET"]}}],"collection":[{"href":"https:\/\/miradordeatarfe.es\/index.php?rest_route=\/wp\/v2\/posts"}],"about":[{"href":"https:\/\/miradordeatarfe.es\/index.php?rest_route=\/wp\/v2\/types\/post"}],"author":[{"embeddable":true,"href":"https:\/\/miradordeatarfe.es\/index.php?rest_route=\/wp\/v2\/users\/1"}],"replies":[{"embeddable":true,"href":"https:\/\/miradordeatarfe.es\/index.php?rest_route=%2Fwp%2Fv2%2Fcomments&post=19366"}],"version-history":[{"count":1,"href":"https:\/\/miradordeatarfe.es\/index.php?rest_route=\/wp\/v2\/posts\/19366\/revisions"}],"predecessor-version":[{"id":19367,"href":"https:\/\/miradordeatarfe.es\/index.php?rest_route=\/wp\/v2\/posts\/19366\/revisions\/19367"}],"wp:featuredmedia":[{"embeddable":true,"href":"https:\/\/miradordeatarfe.es\/index.php?rest_route=\/wp\/v2\/media\/19370"}],"wp:attachment":[{"href":"https:\/\/miradordeatarfe.es\/index.php?rest_route=%2Fwp%2Fv2%2Fmedia&parent=19366"}],"wp:term":[{"taxonomy":"category","embeddable":true,"href":"https:\/\/miradordeatarfe.es\/index.php?rest_route=%2Fwp%2Fv2%2Fcategories&post=19366"},{"taxonomy":"post_tag","embeddable":true,"href":"https:\/\/miradordeatarfe.es\/index.php?rest_route=%2Fwp%2Fv2%2Ftags&post=19366"}],"curies":[{"name":"wp","href":"https:\/\/api.w.org\/{rel}","templated":true}]}}