{"id":1938,"date":"2015-05-25T07:08:15","date_gmt":"2015-05-25T07:08:15","guid":{"rendered":"http:\/\/miradordeatarfe.es\/?p=1938"},"modified":"2015-05-27T07:45:09","modified_gmt":"2015-05-27T07:45:09","slug":"por-atarfe-si-provoca-un-vuelco-historico-y-la-primera-derrota-del-psoe-en-32-anos","status":"publish","type":"post","link":"https:\/\/miradordeatarfe.es\/?p=1938","title":{"rendered":"&#8216;Por Atarfe S\u00ed&#8217; provoca un vuelco hist\u00f3rico y la primera derrota del PSOE en 32 a\u00f1os"},"content":{"rendered":"<p>La formaci\u00f3n, a la que apoya Podemos, tendr\u00e1 que buscar los pactos para gobernar \u00b7 El PP cae a la mitad de concejales y Ciudadanos logra dos ediles<!--more--><\/p>\n<div class=\"columna_central\">\n<div class=\"normal\">\n<div class=\"single\">\n<div class=\"contenedor\">\n<p>La formaci\u00f3n \u2018Por Atarfe S\u00ed\u2019 ha entrado en la historia de la localidad tras estas Elecciones Municipales 2015 despu\u00e9s de haber cosechado una victoria con la que provoca el vuelco electoral en el municipio despu\u00e9s de 32 a\u00f1os de victorias socialistas de forma ininterrumpida. El partido pol\u00edtico, encabezado por Francisco Rodr\u00edguez y Rosa F\u00e9lix, exediles de IU en el anterior mandato, han logrado 2.583 votos y 6 de los 17 ediles que forman parte de la corporaci\u00f3n, por lo que necesitar\u00e1 de pactos pol\u00edticos para gobernar.<\/p>\n<p>La segunda fuerza ha sido el PSOE, que volv\u00eda a concurrir a las Municipales con un nuevo cambio de rostro, en este caso con \u00d3scar Gonz\u00e1lez que obtiene el segundo peor resultado de la historia del PSOE, con cinco concejales, solo superado por los 4 que alcanz\u00f3 en 1987, y haber perdido casi un millar de votos respecto a 2011.<\/p>\n<p>El PP se queda como tercer partido con un notable descenso, al pasar de los 2.445 votos logrados hace cuatro a\u00f1os a los 965 de esta convocatoria, con solo dos de los seis concejales que ten\u00eda. La cuarta fuerza m\u00e1s votada es Ciudadanos, que llega con dos concejales y 907 votos; e IU pasa a ser la quinta opci\u00f3n, con unos 700 votos menos y la mitad de concejales que en 2011 (2).<\/p>\n<div id=\"seccion3\">\n<div id=\"cajadatosuno\">\n<table id=\"TVRESUMEN\" class=\"tablin datos1\" summary=\"Esta tabla da los datos de porcentaje de censo, votantes, abstenci\u00f3n, votos en blanco y nulos comparados con los de 2015\">\n<thead>\n<tr class=\"th1\">\n<th colspan=\"3\" scope=\"col\" abbr=\"2015\">2015<\/th>\n<\/tr>\n<\/thead>\n<tbody>\n<tr>\n<th scope=\"row\">Total votantes<\/th>\n<td class=\"totvot\">7.561<\/td>\n<td>57,05%<\/td>\n<\/tr>\n<tr>\n<th scope=\"row\">Abstenci\u00f3n<\/th>\n<td>5.692<\/td>\n<td>42,95%<\/td>\n<\/tr>\n<tr>\n<th scope=\"row\">Votos nulos<\/th>\n<td>120<\/td>\n<td>1,59%<\/td>\n<\/tr>\n<tr>\n<th scope=\"row\">Votos en blanco<\/th>\n<td>98<\/td>\n<td>1,32%<\/td>\n<\/tr>\n<\/tbody>\n<\/table>\n<\/div>\n<\/div>\n<div id=\"divgraf\">\n<div id=\"aelegirygrafact\">\n<div id=\"hemiciclojsact\">Concejales a elegir: <span class=\"numelegir b\">17<\/span><\/div>\n<\/div>\n<\/div>\n<div id=\"divgraf\"><\/div>\n<div id=\"cajadatosdos\">\n<table id=\"TVRESULTADOS\" class=\"tablin datos2\" summary=\"Tabla de representantes, votos y porcentaje obtenidos por cada candidatura\">\n<colgroup>\n<col width=\"35%\" \/>\n<col width=\"25%\" \/>\n<col width=\"15%\" \/>\n<col width=\"10%\" \/>\n<col width=\"15%\" \/> <\/colgroup>\n<thead>\n<tr class=\"th1\">\n<th colspan=\"9\" abbr=\"2015\">2015<\/th>\n<\/tr>\n<tr class=\"th2\">\n<th class=\"siglas15\" scope=\"col\">Candidaturas<\/th>\n<th colspan=\"3\">Votos<\/th>\n<th class=\"cjal\" title=\"Concejales\" scope=\"col\">Concejales<\/th>\n<\/tr>\n<\/thead>\n<tbody>\n<tr class=\"r1\">\n<th id=\"XC5C589C4555\" class=\"siglas15\" title=\"POR ATARFE S\u00cd\" scope=\"row\">PASI<\/th>\n<td class=\"vots\" title=\"Votos\">2.583<\/td>\n<td class=\"vots porc \" title=\"Porcentaje\">34,71%<\/td>\n<td class=\"vots barra \" title=\"34,71% votos\" abbr=\"% de Votos\"><\/td>\n<td class=\"cjal dip\" title=\"Concejales\">6<\/td>\n<\/tr>\n<tr class=\"r2\">\n<th id=\"XFF0000C4330\" class=\"siglas15\" title=\"PARTIDO SOCIALISTA OBRERO ESPA\u00d1OL DE ANDALUCIA\" scope=\"row\">PSOE-A<\/th>\n<td class=\"vots\" title=\"Votos\">2.035<\/td>\n<td class=\"vots porc \" title=\"Porcentaje\">27,35%<\/td>\n<td class=\"vots barra \" title=\"27,35% votos\" abbr=\"% de Votos\"><\/td>\n<td class=\"cjal dip\" title=\"Concejales\">5<\/td>\n<\/tr>\n<tr class=\"r1\">\n<th id=\"X0083D2C4252\" class=\"siglas15\" title=\"PARTIDO POPULAR\" scope=\"row\">P.P.<\/th>\n<td class=\"vots\" title=\"Votos\">965<\/td>\n<td class=\"vots porc \" title=\"Porcentaje\">12,97%<\/td>\n<td class=\"vots barra \" title=\"12,97% votos\" abbr=\"% de Votos\"><\/td>\n<td class=\"cjal dip\" title=\"Concejales\">2<\/td>\n<\/tr>\n<tr class=\"r2\">\n<th id=\"XFF6D10C1456\" class=\"siglas15\" title=\"CIUDADANOS-PARTIDO DE LA CIUDADANIA\" scope=\"row\">C\u2019s<\/th>\n<td class=\"vots\" title=\"Votos\">907<\/td>\n<td class=\"vots porc \" title=\"Porcentaje\">12,19%<\/td>\n<td class=\"vots barra \" title=\"12,19% votos\" abbr=\"% de Votos\"><\/td>\n<td class=\"cjal dip\" title=\"Concejales\">2<\/td>\n<\/tr>\n<tr class=\"r1\">\n<th id=\"X00A600C2386\" class=\"siglas15\" title=\"GANEMOS ATARFE PARA LA GENTE\" scope=\"row\">PG<\/th>\n<td class=\"vots\" title=\"Votos\">853<\/td>\n<td class=\"vots porc \" title=\"Porcentaje\">11,46%<\/td>\n<td class=\"vots barra \" title=\"11,46% votos\" abbr=\"% de Votos\"><\/td>\n<td class=\"cjal dip\" title=\"Concejales\">2<\/td>\n<\/tr>\n<\/tbody>\n<\/table>\n<\/div>\n<\/div>\n<\/div>\n<\/div>\n<\/div>\n<p>PUBLICADO EN : <a href=\"http:\/\/www.ahoragranada.com\/noticia\/por-atarfe-si-provoca-un-vuelco-historico-despues-de-32-anos-de-triunfos-socialistas\/\">http:\/\/www.ahoragranada.com\/noticia\/por-atarfe-si-provoca-un-vuelco-historico-despues-de-32-anos-de-triunfos-socialistas\/<\/a><\/p>\n","protected":false},"excerpt":{"rendered":"<p>La formaci\u00f3n, a la que apoya Podemos, tendr\u00e1 que buscar los pactos para gobernar \u00b7&#8230;<\/p>\n","protected":false},"author":1,"featured_media":1939,"comment_status":"closed","ping_status":"closed","sticky":false,"template":"","format":"standard","meta":{"_coblocks_attr":"","_coblocks_dimensions":"","_coblocks_responsive_height":"","_coblocks_accordion_ie_support":"","jetpack_post_was_ever_published":false,"_jetpack_newsletter_access":"","_jetpack_dont_email_post_to_subs":false,"_jetpack_newsletter_tier_id":0,"_jetpack_memberships_contains_paywalled_content":false,"_jetpack_memberships_contains_paid_content":false,"footnotes":"","jetpack_publicize_message":"","jetpack_publicize_feature_enabled":true,"jetpack_social_post_already_shared":false,"jetpack_social_options":{"image_generator_settings":{"template":"highway","default_image_id":0,"enabled":false},"version":2}},"categories":[2,15],"tags":[81,171,688,721],"class_list":["post-1938","post","type-post","status-publish","format-standard","has-post-thumbnail","hentry","category-atarfe","category-ultimas-noticias","tag-atarfe","tag-elecciones","tag-pactos","tag-votos"],"jetpack_publicize_connections":[],"jetpack_featured_media_url":"https:\/\/i0.wp.com\/miradordeatarfe.es\/wp-content\/uploads\/2015\/05\/Por-Atarfe-S%C3%AD-958x538.jpg?fit=958%2C538&ssl=1","jetpack_likes_enabled":true,"jetpack_sharing_enabled":true,"_links":{"self":[{"href":"https:\/\/miradordeatarfe.es\/index.php?rest_route=\/wp\/v2\/posts\/1938","targetHints":{"allow":["GET"]}}],"collection":[{"href":"https:\/\/miradordeatarfe.es\/index.php?rest_route=\/wp\/v2\/posts"}],"about":[{"href":"https:\/\/miradordeatarfe.es\/index.php?rest_route=\/wp\/v2\/types\/post"}],"author":[{"embeddable":true,"href":"https:\/\/miradordeatarfe.es\/index.php?rest_route=\/wp\/v2\/users\/1"}],"replies":[{"embeddable":true,"href":"https:\/\/miradordeatarfe.es\/index.php?rest_route=%2Fwp%2Fv2%2Fcomments&post=1938"}],"version-history":[{"count":1,"href":"https:\/\/miradordeatarfe.es\/index.php?rest_route=\/wp\/v2\/posts\/1938\/revisions"}],"predecessor-version":[{"id":1940,"href":"https:\/\/miradordeatarfe.es\/index.php?rest_route=\/wp\/v2\/posts\/1938\/revisions\/1940"}],"wp:featuredmedia":[{"embeddable":true,"href":"https:\/\/miradordeatarfe.es\/index.php?rest_route=\/wp\/v2\/media\/1939"}],"wp:attachment":[{"href":"https:\/\/miradordeatarfe.es\/index.php?rest_route=%2Fwp%2Fv2%2Fmedia&parent=1938"}],"wp:term":[{"taxonomy":"category","embeddable":true,"href":"https:\/\/miradordeatarfe.es\/index.php?rest_route=%2Fwp%2Fv2%2Fcategories&post=1938"},{"taxonomy":"post_tag","embeddable":true,"href":"https:\/\/miradordeatarfe.es\/index.php?rest_route=%2Fwp%2Fv2%2Ftags&post=1938"}],"curies":[{"name":"wp","href":"https:\/\/api.w.org\/{rel}","templated":true}]}}