{"id":19439,"date":"2017-11-14T10:45:35","date_gmt":"2017-11-14T09:45:35","guid":{"rendered":"http:\/\/miradordeatarfe.es\/?p=19439"},"modified":"2017-11-14T10:36:35","modified_gmt":"2017-11-14T09:36:35","slug":"la-alhambra-llega-a-los-mayores-de-atarfe","status":"publish","type":"post","link":"https:\/\/miradordeatarfe.es\/?p=19439","title":{"rendered":"La Alhambra llega a los mayores de Atarfe"},"content":{"rendered":"<p class=\"entradilla_noticia\" style=\"text-align: justify;\">La iniciativa pretende acercar la fortaleza nazar\u00ed a los Centros de Participaci\u00f3n Activa y diferentes colectivos de ciudadanos<!--more--><\/p>\n<div class=\"contenedor\">\n<div id=\"attachment_102977\" class=\"wp-caption alignright\" style=\"text-align: justify;\">\n<p class=\"wp-caption-text\">\n<\/div>\n<p style=\"text-align: justify;\">La Alhambra \u201cse mueve\u201d. Este jueves, en el Centro de Participaci\u00f3n Activa de <strong>Atarfe<\/strong>, medio centenar de mayores han \u201cdisfrutado\u201d de una jornada educativa en la que se han adentrado en la fortaleza nazar\u00ed a trav\u00e9s de talleres y charlas did\u00e1cticas.<\/p>\n<p style=\"text-align: justify;\">El delegado de Igualdad, Salud y Pol\u00edticas Sociales de la Junta en Granada, Higinio Almagro, y el director del Patronato de la Alhambra y Generalife, Reynaldo Fern\u00e1ndez, los han acompa\u00f1ado en la puesta en marcha del programa, que pretende \u201cacercar la Alhambra a nuestros los ciudadanos a trav\u00e9s de diferentes miradas\u201d.<\/p>\n<p style=\"text-align: justify;\">La propuesta, que fue presentada el pasado d\u00eda 3 de octubre, D\u00eda de los Mayores, en el transcurso de una visita al Palacio de Carlos V, ha comenzado este jueves su recorrido en Atarfe con unos talleres \u201cque han permitido a todos conocer con mayor detalle algunos aspectos que pasan desapercibidos a nuestros ojos cuando visitamos la Alhambra\u201d.<\/p>\n<p style=\"text-align: justify;\">Por su parte, el responsable del Conjunto Monumental ha explicado que la idea del programa es \u201cacercar la Alhambra y todos los avances en investigaci\u00f3n que est\u00e1n sucediendo en la ciudad palatina a los mayores. Tambi\u00e9n es importante conocer sus recuerdos y experiencias, y que todo lo que han descubierto puedan comprobarlo en la visita al Monumento\u201d.<\/p>\n<p style=\"text-align: justify;\">El personal t\u00e9cnico del programa educativo del Patronato de la Alhambra y Generalife ha sido el encargado de mostrar a los presentes el programa y los talleres que pretenden fomentar el conocimiento del Monumento a trav\u00e9s de su historia. La iniciativa se desarrollar\u00e1 tambi\u00e9n en otros centros, asociaciones y colectivos de ciudadanos.<\/p>\n<p style=\"text-align: justify;\">Los mayores de Atarfe se han adentrado este jueves en la fotaleza nazar\u00ed. Foto: aG<\/p>\n<p style=\"text-align: justify;\">PUBLICADO EN : AHORAGRANADA\u00a0 <a href=\"http:\/\/www.ahoragranada.com\/\">http:\/\/www.ahoragranada.com\/<\/a><\/p>\n<\/div>\n","protected":false},"excerpt":{"rendered":"<p>La iniciativa pretende acercar la fortaleza nazar\u00ed a los Centros de Participaci\u00f3n Activa y diferentes&#8230;<\/p>\n","protected":false},"author":1,"featured_media":19440,"comment_status":"closed","ping_status":"closed","sticky":false,"template":"","format":"standard","meta":{"_coblocks_attr":"","_coblocks_dimensions":"","_coblocks_responsive_height":"","_coblocks_accordion_ie_support":"","jetpack_post_was_ever_published":false,"_jetpack_newsletter_access":"","_jetpack_dont_email_post_to_subs":false,"_jetpack_newsletter_tier_id":0,"_jetpack_memberships_contains_paywalled_content":false,"_jetpack_memberships_contains_paid_content":false,"footnotes":"","jetpack_publicize_message":"","jetpack_publicize_feature_enabled":true,"jetpack_social_post_already_shared":false,"jetpack_social_options":{"image_generator_settings":{"template":"highway","default_image_id":0,"enabled":false},"version":2}},"categories":[1],"tags":[],"class_list":["post-19439","post","type-post","status-publish","format-standard","has-post-thumbnail","hentry","category-uncategorized"],"jetpack_publicize_connections":[],"jetpack_featured_media_url":"https:\/\/i0.wp.com\/miradordeatarfe.es\/wp-content\/uploads\/2017\/11\/Alhambra-se-mueve-Atarfe-552x310.jpg?fit=552%2C310&ssl=1","jetpack_likes_enabled":true,"jetpack_sharing_enabled":true,"_links":{"self":[{"href":"https:\/\/miradordeatarfe.es\/index.php?rest_route=\/wp\/v2\/posts\/19439","targetHints":{"allow":["GET"]}}],"collection":[{"href":"https:\/\/miradordeatarfe.es\/index.php?rest_route=\/wp\/v2\/posts"}],"about":[{"href":"https:\/\/miradordeatarfe.es\/index.php?rest_route=\/wp\/v2\/types\/post"}],"author":[{"embeddable":true,"href":"https:\/\/miradordeatarfe.es\/index.php?rest_route=\/wp\/v2\/users\/1"}],"replies":[{"embeddable":true,"href":"https:\/\/miradordeatarfe.es\/index.php?rest_route=%2Fwp%2Fv2%2Fcomments&post=19439"}],"version-history":[{"count":1,"href":"https:\/\/miradordeatarfe.es\/index.php?rest_route=\/wp\/v2\/posts\/19439\/revisions"}],"predecessor-version":[{"id":19441,"href":"https:\/\/miradordeatarfe.es\/index.php?rest_route=\/wp\/v2\/posts\/19439\/revisions\/19441"}],"wp:featuredmedia":[{"embeddable":true,"href":"https:\/\/miradordeatarfe.es\/index.php?rest_route=\/wp\/v2\/media\/19440"}],"wp:attachment":[{"href":"https:\/\/miradordeatarfe.es\/index.php?rest_route=%2Fwp%2Fv2%2Fmedia&parent=19439"}],"wp:term":[{"taxonomy":"category","embeddable":true,"href":"https:\/\/miradordeatarfe.es\/index.php?rest_route=%2Fwp%2Fv2%2Fcategories&post=19439"},{"taxonomy":"post_tag","embeddable":true,"href":"https:\/\/miradordeatarfe.es\/index.php?rest_route=%2Fwp%2Fv2%2Ftags&post=19439"}],"curies":[{"name":"wp","href":"https:\/\/api.w.org\/{rel}","templated":true}]}}