{"id":19448,"date":"2017-11-16T11:13:17","date_gmt":"2017-11-16T10:13:17","guid":{"rendered":"http:\/\/miradordeatarfe.es\/?p=19448"},"modified":"2017-11-14T11:19:44","modified_gmt":"2017-11-14T10:19:44","slug":"acidesa-ofrece-la-posibilidad-de-reservar-a-traves-de-su-web-las-pistas-de-padel-y-tenis","status":"publish","type":"post","link":"https:\/\/miradordeatarfe.es\/?p=19448","title":{"rendered":"Acidesa ofrece la posibilidad de reservar a trav\u00e9s de su web las pistas de p\u00e1del y tenis"},"content":{"rendered":"<div class=\"main\" role=\"main\">\n<div class=\"container\">\n<div class=\"row\">\n<div class=\"col-md-9\">\n<div class=\"blog-posts single-post\">\n<article class=\"post post-large blog-single-post\">\n<div class=\"post-content\">\n<div class=\"post-meta\" style=\"text-align: justify;\">El usuario podr\u00e1 acceder con la clave que le facilita el Centro Municipal de P\u00e1del y reservar con una semana de antelaci\u00f3n m\u00e1ximo.<!--more-->A partir del martes, 14 de noviembre, los usuarios de las pistas de p\u00e1del y tenis podr\u00e1n hacer su reserva de las instalaciones a trav\u00e9s de la p\u00e1gina web de <strong>Acidesa<\/strong> (<strong><a href=\"http:\/\/www.reservas.acidesa.es\">www.reservas.acidesa.es<\/a><\/strong>).<\/div>\n<p style=\"text-align: justify;\">Tan solo ser\u00e1 necesario que previamente el interesado solicite en el <strong>Centro Municipal de P\u00e1del<\/strong> la clave para poder acceder plataforma de reserva, para lo cual es imprescindible disponer de un correo electr\u00f3nico.<\/p>\n<p style=\"text-align: justify;\">Se podr\u00e1 reservar con una semana de antelaci\u00f3n como m\u00e1ximo. Generar la clave tiene un coste de 5 euros, pero las reservas son un euro m\u00e1s econ\u00f3micas. Acidesa ha elaborado una gu\u00eda de funcionamiento que se puede <a href=\"http:\/\/www.acidesa.es\/data\/ficherosadjuntos_contenidosweb\/contenidos_826_850_20171110131427.pdf\" target=\"_blank\" rel=\"noopener\"><strong>consultar en el siguiente enlace<\/strong><\/a>.<\/p>\n<p style=\"text-align: justify;\">Con motivo de la campa\u00f1a de la puesta en funcionamiento de la web de reservas, <strong>Atarfe Ciudad Deportiva<\/strong> ha lanzado una promoci\u00f3n especial: por cada recarga de 30 euros o cantidad superior te ofrece dos horas gratis.<\/p>\n<p style=\"text-align: justify;\">M\u00e1s informaci\u00f3n en el <strong>tel\u00e9fono\u00a0958434180<\/strong>.<\/p>\n<\/div>\n<\/article>\n<\/div>\n<\/div>\n<\/div>\n<\/div>\n<\/div>\n<p><a href=\"https:\/\/i0.wp.com\/miradordeatarfe.es\/wp-content\/uploads\/2017\/11\/cartel-reservas-padel-3.jpg?ssl=1\"><img data-recalc-dims=\"1\" loading=\"lazy\" decoding=\"async\" class=\"size-full wp-image-19449 aligncenter\" src=\"https:\/\/i0.wp.com\/miradordeatarfe.es\/wp-content\/uploads\/2017\/11\/cartel-reservas-padel-3.jpg?resize=582%2C449&#038;ssl=1\" alt=\"\" width=\"582\" height=\"449\" srcset=\"https:\/\/i0.wp.com\/miradordeatarfe.es\/wp-content\/uploads\/2017\/11\/cartel-reservas-padel-3.jpg?w=582&amp;ssl=1 582w, https:\/\/i0.wp.com\/miradordeatarfe.es\/wp-content\/uploads\/2017\/11\/cartel-reservas-padel-3.jpg?resize=300%2C231&amp;ssl=1 300w\" sizes=\"auto, (max-width: 582px) 100vw, 582px\" \/><\/a><\/p>\n","protected":false},"excerpt":{"rendered":"<p>El usuario podr\u00e1 acceder con la clave que le facilita el Centro Municipal de P\u00e1del&#8230;<\/p>\n","protected":false},"author":1,"featured_media":19451,"comment_status":"closed","ping_status":"closed","sticky":false,"template":"","format":"standard","meta":{"_coblocks_attr":"","_coblocks_dimensions":"","_coblocks_responsive_height":"","_coblocks_accordion_ie_support":"","jetpack_post_was_ever_published":false,"_jetpack_newsletter_access":"","_jetpack_dont_email_post_to_subs":false,"_jetpack_newsletter_tier_id":0,"_jetpack_memberships_contains_paywalled_content":false,"_jetpack_memberships_contains_paid_content":false,"footnotes":"","jetpack_publicize_message":"","jetpack_publicize_feature_enabled":true,"jetpack_social_post_already_shared":false,"jetpack_social_options":{"image_generator_settings":{"template":"highway","default_image_id":0,"enabled":false},"version":2}},"categories":[2,182,186,44,15],"tags":[81,4358],"class_list":["post-19448","post","type-post","status-publish","format-standard","has-post-thumbnail","hentry","category-atarfe","category-deportes","category-instituciones","category-noticias-de-hoy","category-ultimas-noticias","tag-atarfe","tag-paderl"],"jetpack_publicize_connections":[],"jetpack_featured_media_url":"https:\/\/i0.wp.com\/miradordeatarfe.es\/wp-content\/uploads\/2017\/11\/padel-el-deporte-de-moda.jpg?fit=790%2C266&ssl=1","jetpack_likes_enabled":true,"jetpack_sharing_enabled":true,"_links":{"self":[{"href":"https:\/\/miradordeatarfe.es\/index.php?rest_route=\/wp\/v2\/posts\/19448","targetHints":{"allow":["GET"]}}],"collection":[{"href":"https:\/\/miradordeatarfe.es\/index.php?rest_route=\/wp\/v2\/posts"}],"about":[{"href":"https:\/\/miradordeatarfe.es\/index.php?rest_route=\/wp\/v2\/types\/post"}],"author":[{"embeddable":true,"href":"https:\/\/miradordeatarfe.es\/index.php?rest_route=\/wp\/v2\/users\/1"}],"replies":[{"embeddable":true,"href":"https:\/\/miradordeatarfe.es\/index.php?rest_route=%2Fwp%2Fv2%2Fcomments&post=19448"}],"version-history":[{"count":1,"href":"https:\/\/miradordeatarfe.es\/index.php?rest_route=\/wp\/v2\/posts\/19448\/revisions"}],"predecessor-version":[{"id":19450,"href":"https:\/\/miradordeatarfe.es\/index.php?rest_route=\/wp\/v2\/posts\/19448\/revisions\/19450"}],"wp:featuredmedia":[{"embeddable":true,"href":"https:\/\/miradordeatarfe.es\/index.php?rest_route=\/wp\/v2\/media\/19451"}],"wp:attachment":[{"href":"https:\/\/miradordeatarfe.es\/index.php?rest_route=%2Fwp%2Fv2%2Fmedia&parent=19448"}],"wp:term":[{"taxonomy":"category","embeddable":true,"href":"https:\/\/miradordeatarfe.es\/index.php?rest_route=%2Fwp%2Fv2%2Fcategories&post=19448"},{"taxonomy":"post_tag","embeddable":true,"href":"https:\/\/miradordeatarfe.es\/index.php?rest_route=%2Fwp%2Fv2%2Ftags&post=19448"}],"curies":[{"name":"wp","href":"https:\/\/api.w.org\/{rel}","templated":true}]}}