{"id":19512,"date":"2017-11-21T10:59:38","date_gmt":"2017-11-21T09:59:38","guid":{"rendered":"http:\/\/miradordeatarfe.es\/?p=19512"},"modified":"2017-11-20T13:08:05","modified_gmt":"2017-11-20T12:08:05","slug":"atarfe-nuestros-atletas-arrancan-como-motos-la-temporada-de-cross","status":"publish","type":"post","link":"https:\/\/miradordeatarfe.es\/?p=19512","title":{"rendered":"ATARFE: NUESTROS ATLETAS ARRANCAN C\u00d3MO MOTOS LA TEMPORADA DE CROSS.-"},"content":{"rendered":"<p style=\"text-align: justify;\">Iniciamos la cr\u00f3nica del debut de nuestros crossistas esta temporada compar\u00e1ndolos con \u00abmotos\u00bb porque ha sido en el circuito de motocross de Cuevas del Campo donde ha tenido lugar la primera etapa del Circuito Provincial de Cross que se completar\u00e1 con los cross es de La Zubia, Lecrin y Moraleda de Zafayona en los pr\u00f3ximos meses a raz\u00f3n de una prueba mensual.<!--more--><\/p>\n<p style=\"text-align: justify;\">Lo de motos alude a las altas prestaciones aportadas por nuestros atletas que han conseguido cuatro pod\u00edums y cinco clasificados m\u00e1s entre los diez mejores. Completan la expedici\u00f3n al norte de la provincia un total de 13 atletas.<\/p>\n<p style=\"text-align: justify;\">Destacar los triunfos de Curro Avil\u00e9s Torrecillas en Sub 12 y Juan Jos\u00e9 Urquiza Sierra en Sub 23, el segundo lugar de Jos\u00e9 Justicia en Senior y el tercero de Mar\u00eda P\u00e9rez en sub 14.<\/p>\n<p style=\"text-align: justify;\">Comenta Curro que ten\u00eda muchas ganas de empezar a competir y que tras la experiencia de hoy aun tiene muchas m\u00e1s ganas de que llegue la pr\u00f3xima carrera. \u00c9l ha salido imponiendo su ritmo y en los primeros compases se ha visto ostigado por varios atletas locales que lo dan todo en los primeros metros pero a los que la gasolina se les acaba pronto, poco a poco han ido gripando hasta que a mitad de recorrido \u00fanicamente le acompa\u00f1aba un representante del Cl\u00ednicas Podologicde Peligros. Aprovechando las muchas oscilaciones del terreno Curro ha puesto tierra de por medio para afrontar la larga subida a meta en solitario y cruzar la bandera a cuadros con suficiente ventaja pensando ya en los nuevos retos que le esperan tanto en Cross como en pista cubierta.<\/p>\n<p style=\"text-align: justify;\">Por su parte Juan Jos\u00e9 Urquiza Sierra sorprend\u00eda a muchos de los presentes con una soberbia actuaci\u00f3n que le ha deparado un estimulante triunfo en la antigua categor\u00eda promesa hoy sub 23. A quien no ha extra\u00f1ado un \u00e1pice es a su entrenador ni a quienes le vemos entrenar a diario que sab\u00edan que atraviesa un gran momento de forma. Relata Juan Jos\u00e9 que era un circuito muy exigente y algo t\u00e9cnico con subidas y bajadas entrelazadas y giros abruptos, con el p\u00fablico muy concentrado en la zona central y nulo aliento en los extremos. A pesar de la dureza del trazado se ha visto a Juan Jos\u00e9 muy entero y terminando con saludos al respetable. Los que lo conocimos de peque\u00f1o sabemos de su calidad y apostamos a que en su mejor versi\u00f3n puede conseguir grandes logros.<\/p>\n<p style=\"text-align: justify;\">Muy grata ha sido igualmente la participaci\u00f3n de Jos\u00e9 Justicia que repite segundo caj\u00f3n del podio tras la Nocturna de Atarfe solo por detr\u00e1s de un experimentado Manolo del Surco Aventura. Coincide Jos\u00e9 en destacar la irregular orograf\u00eda del trazado, t\u00edpica carrera rompe piernas y con nada menos que siete giros. Hasta la tercera vuelta ha ido c\u00f3modo en el grupo cabecero para empezar a exigirse en las siguientes tres y rematar con todo en la \u00faltima. Jos\u00e9 este a\u00f1o est\u00e1 muy motivado y si le respetan las lesiones nos dar\u00e1 muchas alegr\u00edas.<\/p>\n<p style=\"text-align: justify;\">Mar\u00eda P\u00e9rez ha completado la terna de medallitas con su tercer puesto en Sub 14. Sus impresiones refieren el buen ambiente de club que se ha vivido entre los expedicionarios y lo bonito que era el marco en el que se ha desarrollado el evento. En lo que s\u00ed coincid\u00eda con sus compa\u00f1eros era en la dureza del itinerario y sobre todo de la cuesta que te llevaba a meta. Mar\u00eda es una fondista de manual, re\u00fane todas las virtudes que alumbran a las grandes divas de la pista.<\/p>\n<p style=\"text-align: justify;\">Finalizar rese\u00f1ando los magn\u00edficos cuartos puestos del ochocentista Pablo Mart\u00edn Santiago en sub 18 quien afronta el cross como preparaci\u00f3n para el medio fondo en pista y de Adri\u00e1n L\u00f3pez Lafuente en sub 14 otro atleta con vocaci\u00f3n de millero y que como hemos visto se defiende estupendamente en campo a trav\u00e9s.<\/p>\n<p style=\"text-align: justify;\">La temporada no hecho sino comenzar, por delante nos esperan los Crosses Internacionales de la Constituci\u00f3n en Alcobendas y el de It\u00e1lica en Sevilla, el Cross Nacional de Yecla, las siguientes tres etapas del Circuito Provincial para terminar con los Campeonatos de Andaluc\u00eda en Carboneros y San Roque y los de Espa\u00f1a individual y por equipos, sin duda una temporada apasionante.<b><br \/>\n<\/b><\/p>\n<p>&nbsp;<\/p>\n<div class=\"tiled-gallery type-rectangular tiled-gallery-unresized\" data-original-width=\"640\" data-carousel-extra='null' itemscope itemtype=\"http:\/\/schema.org\/ImageGallery\" > <div class=\"gallery-row\" style=\"width: 640px; height: 430px;\" data-original-width=\"640\" data-original-height=\"430\" > <div class=\"gallery-group images-1\" style=\"width: 316px; height: 430px;\" data-original-width=\"316\" data-original-height=\"430\" > <div class=\"tiled-gallery-item tiled-gallery-item-large\" itemprop=\"associatedMedia\" itemscope itemtype=\"http:\/\/schema.org\/ImageObject\"> <a href=\"https:\/\/miradordeatarfe.es\/?attachment_id=19514\" border=\"0\" itemprop=\"url\"> <meta itemprop=\"width\" content=\"312\"> <meta itemprop=\"height\" content=\"426\"> <img decoding=\"async\" class=\"\" data-attachment-id=\"19514\" data-orig-file=\"https:\/\/miradordeatarfe.es\/wp-content\/uploads\/2017\/11\/IMG-20171118-WA0000.jpg\" data-orig-size=\"735,1002\" data-comments-opened=\"\" data-image-meta=\"{&quot;aperture&quot;:&quot;0&quot;,&quot;credit&quot;:&quot;&quot;,&quot;camera&quot;:&quot;&quot;,&quot;caption&quot;:&quot;&quot;,&quot;created_timestamp&quot;:&quot;0&quot;,&quot;copyright&quot;:&quot;&quot;,&quot;focal_length&quot;:&quot;0&quot;,&quot;iso&quot;:&quot;0&quot;,&quot;shutter_speed&quot;:&quot;0&quot;,&quot;title&quot;:&quot;&quot;,&quot;orientation&quot;:&quot;0&quot;}\" data-image-title=\"IMG-20171118-WA0000\" data-image-description=\"\" data-medium-file=\"https:\/\/i0.wp.com\/miradordeatarfe.es\/wp-content\/uploads\/2017\/11\/IMG-20171118-WA0000.jpg?fit=220%2C300&#038;ssl=1\" data-large-file=\"https:\/\/i0.wp.com\/miradordeatarfe.es\/wp-content\/uploads\/2017\/11\/IMG-20171118-WA0000.jpg?fit=640%2C872&#038;ssl=1\" src=\"https:\/\/i0.wp.com\/miradordeatarfe.es\/wp-content\/uploads\/2017\/11\/IMG-20171118-WA0000.jpg?w=312&#038;h=426&#038;ssl=1\" srcset=\"https:\/\/i0.wp.com\/miradordeatarfe.es\/wp-content\/uploads\/2017\/11\/IMG-20171118-WA0000.jpg?w=735&amp;ssl=1 735w, https:\/\/i0.wp.com\/miradordeatarfe.es\/wp-content\/uploads\/2017\/11\/IMG-20171118-WA0000.jpg?resize=220%2C300&amp;ssl=1 220w, https:\/\/i0.wp.com\/miradordeatarfe.es\/wp-content\/uploads\/2017\/11\/IMG-20171118-WA0000.jpg?resize=600%2C818&amp;ssl=1 600w\" width=\"312\" height=\"426\" loading=\"lazy\" data-original-width=\"312\" data-original-height=\"426\" itemprop=\"http:\/\/schema.org\/image\" title=\"IMG-20171118-WA0000\" alt=\"IMG-20171118-WA0000\" style=\"width: 312px; height: 426px;\" \/> <\/a> <\/div> <\/div> <!-- close group --> <div class=\"gallery-group images-1\" style=\"width: 324px; height: 430px;\" data-original-width=\"324\" data-original-height=\"430\" > <div class=\"tiled-gallery-item tiled-gallery-item-large\" itemprop=\"associatedMedia\" itemscope itemtype=\"http:\/\/schema.org\/ImageObject\"> <a href=\"https:\/\/miradordeatarfe.es\/?attachment_id=19515\" border=\"0\" itemprop=\"url\"> <meta itemprop=\"width\" content=\"320\"> <meta itemprop=\"height\" content=\"426\"> <img decoding=\"async\" class=\"\" data-attachment-id=\"19515\" data-orig-file=\"https:\/\/miradordeatarfe.es\/wp-content\/uploads\/2017\/11\/IMG-20171118-WA0006.jpg\" data-orig-size=\"1200,1600\" data-comments-opened=\"\" data-image-meta=\"{&quot;aperture&quot;:&quot;0&quot;,&quot;credit&quot;:&quot;&quot;,&quot;camera&quot;:&quot;&quot;,&quot;caption&quot;:&quot;&quot;,&quot;created_timestamp&quot;:&quot;0&quot;,&quot;copyright&quot;:&quot;&quot;,&quot;focal_length&quot;:&quot;0&quot;,&quot;iso&quot;:&quot;0&quot;,&quot;shutter_speed&quot;:&quot;0&quot;,&quot;title&quot;:&quot;&quot;,&quot;orientation&quot;:&quot;0&quot;}\" data-image-title=\"IMG-20171118-WA0006\" data-image-description=\"\" data-medium-file=\"https:\/\/i0.wp.com\/miradordeatarfe.es\/wp-content\/uploads\/2017\/11\/IMG-20171118-WA0006.jpg?fit=225%2C300&#038;ssl=1\" data-large-file=\"https:\/\/i0.wp.com\/miradordeatarfe.es\/wp-content\/uploads\/2017\/11\/IMG-20171118-WA0006.jpg?fit=640%2C853&#038;ssl=1\" src=\"https:\/\/i0.wp.com\/miradordeatarfe.es\/wp-content\/uploads\/2017\/11\/IMG-20171118-WA0006.jpg?w=320&#038;h=426&#038;ssl=1\" srcset=\"https:\/\/i0.wp.com\/miradordeatarfe.es\/wp-content\/uploads\/2017\/11\/IMG-20171118-WA0006.jpg?w=1200&amp;ssl=1 1200w, https:\/\/i0.wp.com\/miradordeatarfe.es\/wp-content\/uploads\/2017\/11\/IMG-20171118-WA0006.jpg?resize=225%2C300&amp;ssl=1 225w, https:\/\/i0.wp.com\/miradordeatarfe.es\/wp-content\/uploads\/2017\/11\/IMG-20171118-WA0006.jpg?resize=768%2C1024&amp;ssl=1 768w, https:\/\/i0.wp.com\/miradordeatarfe.es\/wp-content\/uploads\/2017\/11\/IMG-20171118-WA0006.jpg?resize=600%2C800&amp;ssl=1 600w\" width=\"320\" height=\"426\" loading=\"lazy\" data-original-width=\"320\" data-original-height=\"426\" itemprop=\"http:\/\/schema.org\/image\" title=\"IMG-20171118-WA0006\" alt=\"IMG-20171118-WA0006\" style=\"width: 320px; height: 426px;\" \/> <\/a> <\/div> <\/div> <!-- close group --> <\/div> <!-- close row --> <div class=\"gallery-row\" style=\"width: 640px; height: 481px;\" data-original-width=\"640\" data-original-height=\"481\" > <div class=\"gallery-group images-1\" style=\"width: 640px; height: 481px;\" data-original-width=\"640\" data-original-height=\"481\" > <div class=\"tiled-gallery-item tiled-gallery-item-large\" itemprop=\"associatedMedia\" itemscope itemtype=\"http:\/\/schema.org\/ImageObject\"> <a href=\"https:\/\/miradordeatarfe.es\/?attachment_id=19517\" border=\"0\" itemprop=\"url\"> <meta itemprop=\"width\" content=\"636\"> <meta itemprop=\"height\" content=\"477\"> <img decoding=\"async\" class=\"\" data-attachment-id=\"19517\" data-orig-file=\"https:\/\/miradordeatarfe.es\/wp-content\/uploads\/2017\/11\/IMG-20171118-WA0061.jpg\" data-orig-size=\"1600,1200\" data-comments-opened=\"\" data-image-meta=\"{&quot;aperture&quot;:&quot;0&quot;,&quot;credit&quot;:&quot;&quot;,&quot;camera&quot;:&quot;&quot;,&quot;caption&quot;:&quot;&quot;,&quot;created_timestamp&quot;:&quot;0&quot;,&quot;copyright&quot;:&quot;&quot;,&quot;focal_length&quot;:&quot;0&quot;,&quot;iso&quot;:&quot;0&quot;,&quot;shutter_speed&quot;:&quot;0&quot;,&quot;title&quot;:&quot;&quot;,&quot;orientation&quot;:&quot;0&quot;}\" data-image-title=\"IMG-20171118-WA0061\" data-image-description=\"\" data-medium-file=\"https:\/\/i0.wp.com\/miradordeatarfe.es\/wp-content\/uploads\/2017\/11\/IMG-20171118-WA0061.jpg?fit=300%2C225&#038;ssl=1\" data-large-file=\"https:\/\/i0.wp.com\/miradordeatarfe.es\/wp-content\/uploads\/2017\/11\/IMG-20171118-WA0061.jpg?fit=640%2C480&#038;ssl=1\" src=\"https:\/\/i0.wp.com\/miradordeatarfe.es\/wp-content\/uploads\/2017\/11\/IMG-20171118-WA0061.jpg?w=636&#038;h=477&#038;ssl=1\" srcset=\"https:\/\/i0.wp.com\/miradordeatarfe.es\/wp-content\/uploads\/2017\/11\/IMG-20171118-WA0061.jpg?w=1600&amp;ssl=1 1600w, https:\/\/i0.wp.com\/miradordeatarfe.es\/wp-content\/uploads\/2017\/11\/IMG-20171118-WA0061.jpg?resize=300%2C225&amp;ssl=1 300w, https:\/\/i0.wp.com\/miradordeatarfe.es\/wp-content\/uploads\/2017\/11\/IMG-20171118-WA0061.jpg?resize=768%2C576&amp;ssl=1 768w, https:\/\/i0.wp.com\/miradordeatarfe.es\/wp-content\/uploads\/2017\/11\/IMG-20171118-WA0061.jpg?resize=1024%2C768&amp;ssl=1 1024w, https:\/\/i0.wp.com\/miradordeatarfe.es\/wp-content\/uploads\/2017\/11\/IMG-20171118-WA0061.jpg?resize=600%2C450&amp;ssl=1 600w, https:\/\/i0.wp.com\/miradordeatarfe.es\/wp-content\/uploads\/2017\/11\/IMG-20171118-WA0061.jpg?w=1280&amp;ssl=1 1280w\" width=\"636\" height=\"477\" loading=\"lazy\" data-original-width=\"636\" data-original-height=\"477\" itemprop=\"http:\/\/schema.org\/image\" title=\"IMG-20171118-WA0061\" alt=\"IMG-20171118-WA0061\" style=\"width: 636px; height: 477px;\" \/> <\/a> <\/div> <\/div> <!-- close group --> <\/div> <!-- close row --> <\/div>\n<p><b><\/b><\/p>\n","protected":false},"excerpt":{"rendered":"<p>Iniciamos la cr\u00f3nica del debut de nuestros crossistas esta temporada compar\u00e1ndolos con \u00abmotos\u00bb porque ha&#8230;<\/p>\n","protected":false},"author":1,"featured_media":19513,"comment_status":"closed","ping_status":"closed","sticky":false,"template":"","format":"standard","meta":{"_coblocks_attr":"","_coblocks_dimensions":"","_coblocks_responsive_height":"","_coblocks_accordion_ie_support":"","jetpack_post_was_ever_published":false,"_jetpack_newsletter_access":"","_jetpack_dont_email_post_to_subs":false,"_jetpack_newsletter_tier_id":0,"_jetpack_memberships_contains_paywalled_content":false,"_jetpack_memberships_contains_paid_content":false,"footnotes":"","jetpack_publicize_message":"","jetpack_publicize_feature_enabled":true,"jetpack_social_post_already_shared":false,"jetpack_social_options":{"image_generator_settings":{"template":"highway","default_image_id":0,"enabled":false},"version":2}},"categories":[1],"tags":[81,85,123],"class_list":["post-19512","post","type-post","status-publish","format-standard","has-post-thumbnail","hentry","category-uncategorized","tag-atarfe","tag-atletismo","tag-deportes"],"jetpack_publicize_connections":[],"jetpack_featured_media_url":"https:\/\/i0.wp.com\/miradordeatarfe.es\/wp-content\/uploads\/2017\/11\/IMG-20171118-WA0049.jpg?fit=1600%2C1200&ssl=1","jetpack_likes_enabled":true,"jetpack_sharing_enabled":true,"_links":{"self":[{"href":"https:\/\/miradordeatarfe.es\/index.php?rest_route=\/wp\/v2\/posts\/19512","targetHints":{"allow":["GET"]}}],"collection":[{"href":"https:\/\/miradordeatarfe.es\/index.php?rest_route=\/wp\/v2\/posts"}],"about":[{"href":"https:\/\/miradordeatarfe.es\/index.php?rest_route=\/wp\/v2\/types\/post"}],"author":[{"embeddable":true,"href":"https:\/\/miradordeatarfe.es\/index.php?rest_route=\/wp\/v2\/users\/1"}],"replies":[{"embeddable":true,"href":"https:\/\/miradordeatarfe.es\/index.php?rest_route=%2Fwp%2Fv2%2Fcomments&post=19512"}],"version-history":[{"count":1,"href":"https:\/\/miradordeatarfe.es\/index.php?rest_route=\/wp\/v2\/posts\/19512\/revisions"}],"predecessor-version":[{"id":19518,"href":"https:\/\/miradordeatarfe.es\/index.php?rest_route=\/wp\/v2\/posts\/19512\/revisions\/19518"}],"wp:featuredmedia":[{"embeddable":true,"href":"https:\/\/miradordeatarfe.es\/index.php?rest_route=\/wp\/v2\/media\/19513"}],"wp:attachment":[{"href":"https:\/\/miradordeatarfe.es\/index.php?rest_route=%2Fwp%2Fv2%2Fmedia&parent=19512"}],"wp:term":[{"taxonomy":"category","embeddable":true,"href":"https:\/\/miradordeatarfe.es\/index.php?rest_route=%2Fwp%2Fv2%2Fcategories&post=19512"},{"taxonomy":"post_tag","embeddable":true,"href":"https:\/\/miradordeatarfe.es\/index.php?rest_route=%2Fwp%2Fv2%2Ftags&post=19512"}],"curies":[{"name":"wp","href":"https:\/\/api.w.org\/{rel}","templated":true}]}}