{"id":19530,"date":"2017-11-22T09:00:31","date_gmt":"2017-11-22T08:00:31","guid":{"rendered":"http:\/\/miradordeatarfe.es\/?p=19530"},"modified":"2017-11-21T18:33:46","modified_gmt":"2017-11-21T17:33:46","slug":"granada-supera-de-nuevo-la-emision-de-particulas-contaminantes-por-encima-del-limite-recomendado","status":"publish","type":"post","link":"https:\/\/miradordeatarfe.es\/?p=19530","title":{"rendered":"Granada supera de nuevo la emisi\u00f3n de part\u00edculas contaminantes por encima del l\u00edmite recomendado"},"content":{"rendered":"<p>Ecologistas en Acci\u00f3n reclama medidas para detener la emisi\u00f3n de part\u00edculas contaminantes, que la capital granadina ha superado de forma recurrente. <!--more--><\/p>\n<div class=\"cuerpo\">\n<p style=\"text-align: justify;\">No es nuevo, puesto que <em>El Independiente de Granada<\/em>\u00a0 ha informado reiteradamente de los niveles de contaminaci\u00f3n que afectan a Granada. Pero, otra vez, la capital se sit\u00faa en uno de los focos que registran m\u00e1s contaminaci\u00f3n atmosf\u00e9rica de toda Espa\u00f1a.<\/p>\n<p style=\"text-align: justify;\">As\u00ed lo denunci\u00f3 Ecologistas en Acci\u00f3n en una nota de prensa que revela que Granada se encuentra entre las diecis\u00e9is ciudades superan el \u00a0l\u00edmite emisiones de part\u00edculas contaminantes y ha criticado que las administraciones \u00abguardan completo silencio\u00bb.<\/p>\n<div class=\"divdest\" style=\"text-align: justify;\">Junto a Granada, A Coru\u00f1a, Avil\u00e9s, Bail\u00e9n, Barcelona, Huelva, Lleida, Madrid, Murcia, Puertollano (Ciudad Real), Santander, Sevilla, Talavera de la Reina (Toledo), Valencia, Valladolid y Zaragoza son las ciudades que han superado durante estos d\u00edas el l\u00edmite establecido en 50 microgramos por metro c\u00fabico, lo que ha considerado \u00abm\u00e1s preocupante\u00bb.<\/div>\n<p style=\"text-align: justify;\">Adem\u00e1s, hay otras seis ciudades (Barcelona, Getafe, Guadalajara, Salamanca, Sevilla y Zaragoza) en las que los niveles de di\u00f3xido de carbono tambi\u00e9n se han disparado, al igual que en Madrid, y donde \u00abno han adoptado ninguna medida para proteger la salud de la poblaci\u00f3n\u00bb, se\u00f1ala la nota.<\/p>\n<p class=\"sumari\" style=\"text-align: justify;\">Ecologistas en Acci\u00f3n destaca la \u00abescasa\u00bb sensibilidad de las autoridades y la disparidad de criterios entre los planes de acci\u00f3n a corto plazo existentes y lamenta que el \u00c1rea Metropolitana de Granada carezca de este tipo de protocolos de protecci\u00f3n de la salud<\/p>\n<p style=\"text-align: justify;\">Por ello, el grupo ecologista ha pedido \u00abque se extiendan a todas las \u00e1reas urbanas afectadas por la contaminaci\u00f3n atmosf\u00e9rica medidas temporales de reducci\u00f3n del tr\u00e1fico motorizado\u00bb.<\/p>\n<p style=\"text-align: justify;\">As\u00ed, Ecologistas en Acci\u00f3n ha reclamado restringir el tr\u00e1fico motorizado en todas las \u00e1reas urbanas que sufren episodios de elevada contaminaci\u00f3n, as\u00ed como que se advierta de la situaci\u00f3n a los sectores m\u00e1s sensibles -ni\u00f1os, ancianos y embarazadas y personas con problemas cardiovasculares- de que se protejan evitando la exposici\u00f3n al aire libre a la ca\u00edda de la tarde, cuando la contaminaci\u00f3n es m\u00e1s alta.<\/p>\n<p style=\"text-align: justify;\">Adem\u00e1s, ha denunciado el caso de Valencia donde, \u00abpese a haberse aprobado recientemente un protocolo de medidas a adoptar durante episodios de alta contaminaci\u00f3n por part\u00edculas PM10, se ha duplicado el l\u00edmite diario sin que el Ayuntamiento haya declarado el episodio ni haya puesto en marcha las medidas previstas para atajarlo\u00bb.<\/p>\n<p style=\"text-align: justify;\">Ha considerado que \u00abeste episodio se est\u00e1 produciendo, a diferencia de otras ocasiones, en ausencia de intrusi\u00f3n de polvo procedente del norte de \u00c1frica, por lo que los altos niveles de part\u00edculas registrados en las grandes ciudades tienen su origen en fuentes urbanas propias\u00bb.<\/p>\n<p style=\"text-align: justify;\">Este domingo, los ayuntamientos de Madrid y Valladolid fueron los \u00fanicos que adoptaron medidas de restricci\u00f3n de la circulaci\u00f3n y estacionamiento de veh\u00edculos en sus \u00e1reas centrales para reducir las emisiones de contaminantes a la atm\u00f3sfera, ampliando las acciones informativas y de reducci\u00f3n de la velocidad puestas en marcha el viernes y el s\u00e1bado.<\/p>\n<p style=\"text-align: justify;\">Sin embargo, el colectivo ecologista ha asegurado que las dem\u00e1s ciudades \u00abcarecen de planes de acci\u00f3n a corto plazo o no los has puesto en marcha\u00bb y ha denunciado en concreto el caso de Catalu\u00f1a, donde la Generalitat omiti\u00f3 la activaci\u00f3n de avisos preventivos por NO2 el pasado viernes, cuando varias estaciones superaron los l\u00edmites establecidos.<\/p>\n<p style=\"text-align: justify;\">Seg\u00fan la OMS, la contaminaci\u00f3n atmosf\u00e9rica es responsable de hasta treinta mil fallecimientos prematuros anuales en Espa\u00f1a, 23.000 por inhalaci\u00f3n de part\u00edculas y 7.000 causado por el di\u00f3xido de nitr\u00f3geno.<\/p>\n<div class=\"divdest\" style=\"text-align: justify;\">Por ello, Ecologistas en Acci\u00f3n ha instado a los ayuntamientos de las ciudades grandes y medias y a las comunidades aut\u00f3nomas con \u00e1reas metropolitanas en su territorio a que, \u00abno s\u00f3lo tomen medidas inmediatas, sino tambi\u00e9n que redacten planes de acci\u00f3n a corto plazo que permitan hacer frente a episodios de mala calidad del aire como el que venimos sufriendo en los \u00faltimos d\u00edas\u00bb.<\/div>\n<p style=\"text-align: justify;\">En este contexto, Ecologistas en Acci\u00f3n destaca la \u00abescasa\u00bb sensibilidad de las autoridades y la disparidad de criterios entre los planes de acci\u00f3n a corto plazo existentes y lamenta que excepto Avil\u00e9s, Barcelona, Gij\u00f3n, Madrid, Valencia o Valladolid, la mayor parte de las \u00e1reas metropolitanas espa\u00f1olas carece de este tipo de protocolos de protecci\u00f3n de la salud.<\/p>\n<p style=\"text-align: justify;\">Informaci\u00f3n relacionada:<\/p>\n<ul style=\"text-align: justify;\">\n<li><a href=\"http:\/\/www.elindependientedegranada.es\/ciudadania\/contaminacion-instala-area-metropolitana\">La contaminaci\u00f3n se instala en el \u00c1rea Metropolitana<\/a><\/li>\n<li><a href=\"http:\/\/www.elindependientedegranada.es\/economia\/principales-empresas-granada-que-mas-contaminan\">Las principales empresas de Granada que m\u00e1s contaminan<\/a><\/li>\n<\/ul>\n<p><a href=\"http:\/\/www.elindependientedegranada.es\/ciudadania\/granada-supera-nuevo-emision-particulas-contaminantes-encima-limite-recomendado\">http:\/\/www.elindependientedegranada.es\/ciudadania\/granada-supera-nuevo-emision-particulas-contaminantes-encima-limite-recomendado<\/a><\/p>\n<\/div>\n<div><\/div>\n","protected":false},"excerpt":{"rendered":"<p>Ecologistas en Acci\u00f3n reclama medidas para detener la emisi\u00f3n de part\u00edculas contaminantes, que la capital&#8230;<\/p>\n","protected":false},"author":1,"featured_media":19531,"comment_status":"closed","ping_status":"closed","sticky":false,"template":"","format":"standard","meta":{"_coblocks_attr":"","_coblocks_dimensions":"","_coblocks_responsive_height":"","_coblocks_accordion_ie_support":"","jetpack_post_was_ever_published":false,"_jetpack_newsletter_access":"","_jetpack_dont_email_post_to_subs":false,"_jetpack_newsletter_tier_id":0,"_jetpack_memberships_contains_paywalled_content":false,"_jetpack_memberships_contains_paid_content":false,"footnotes":"","jetpack_publicize_message":"","jetpack_publicize_feature_enabled":true,"jetpack_social_post_already_shared":false,"jetpack_social_options":{"image_generator_settings":{"template":"highway","default_image_id":0,"enabled":false},"version":2}},"categories":[1161,44,15],"tags":[251,2999,129],"class_list":["post-19530","post","type-post","status-publish","format-standard","has-post-thumbnail","hentry","category-ciudadania","category-noticias-de-hoy","category-ultimas-noticias","tag-contaminacion","tag-ecologistas","tag-granada"],"jetpack_publicize_connections":[],"jetpack_featured_media_url":"https:\/\/i0.wp.com\/miradordeatarfe.es\/wp-content\/uploads\/2017\/11\/contaminacion_por.jpg?fit=750%2C246&ssl=1","jetpack_likes_enabled":true,"jetpack_sharing_enabled":true,"_links":{"self":[{"href":"https:\/\/miradordeatarfe.es\/index.php?rest_route=\/wp\/v2\/posts\/19530","targetHints":{"allow":["GET"]}}],"collection":[{"href":"https:\/\/miradordeatarfe.es\/index.php?rest_route=\/wp\/v2\/posts"}],"about":[{"href":"https:\/\/miradordeatarfe.es\/index.php?rest_route=\/wp\/v2\/types\/post"}],"author":[{"embeddable":true,"href":"https:\/\/miradordeatarfe.es\/index.php?rest_route=\/wp\/v2\/users\/1"}],"replies":[{"embeddable":true,"href":"https:\/\/miradordeatarfe.es\/index.php?rest_route=%2Fwp%2Fv2%2Fcomments&post=19530"}],"version-history":[{"count":1,"href":"https:\/\/miradordeatarfe.es\/index.php?rest_route=\/wp\/v2\/posts\/19530\/revisions"}],"predecessor-version":[{"id":19532,"href":"https:\/\/miradordeatarfe.es\/index.php?rest_route=\/wp\/v2\/posts\/19530\/revisions\/19532"}],"wp:featuredmedia":[{"embeddable":true,"href":"https:\/\/miradordeatarfe.es\/index.php?rest_route=\/wp\/v2\/media\/19531"}],"wp:attachment":[{"href":"https:\/\/miradordeatarfe.es\/index.php?rest_route=%2Fwp%2Fv2%2Fmedia&parent=19530"}],"wp:term":[{"taxonomy":"category","embeddable":true,"href":"https:\/\/miradordeatarfe.es\/index.php?rest_route=%2Fwp%2Fv2%2Fcategories&post=19530"},{"taxonomy":"post_tag","embeddable":true,"href":"https:\/\/miradordeatarfe.es\/index.php?rest_route=%2Fwp%2Fv2%2Ftags&post=19530"}],"curies":[{"name":"wp","href":"https:\/\/api.w.org\/{rel}","templated":true}]}}