{"id":19537,"date":"2017-11-25T07:31:32","date_gmt":"2017-11-25T06:31:32","guid":{"rendered":"http:\/\/miradordeatarfe.es\/?p=19537"},"modified":"2017-11-21T18:05:55","modified_gmt":"2017-11-21T17:05:55","slug":"la-junta-reconoce-el-aumento-de-la-implicacion-ciudadana-en-la-denuncia-de-la-violencia-machista","status":"publish","type":"post","link":"https:\/\/miradordeatarfe.es\/?p=19537","title":{"rendered":"La Junta reconoce el aumento de la implicaci\u00f3n ciudadana en la denuncia de la violencia machista"},"content":{"rendered":"<div class=\"bloqueTitulosNoticia\">\n<div class=\"subtitulo_noticia\">\n<p style=\"text-align: justify;\">El Consejo de Gobierno ha aprobado una Declaraci\u00f3n Institucional con motivo del D\u00eda Internacional para la Eliminaci\u00f3n de la Violencia contra las Mujeres<\/p>\n<\/div>\n<\/div>\n<p style=\"text-align: justify;\"><!--more--><\/p>\n<div class=\"pie_bloq\" style=\"text-align: justify;\">\u00a0 La Junta de Andaluc\u00eda reconoce a la\u00a0ciudadan\u00eda andaluza por mostrarse activa e implicada diariamente en la denuncia p\u00fablica de la violencia machista, m\u00e1s sensibilizada y con actitudes manifiestas de condena y repulsa hacia el agresor, en la Declaraci\u00f3n Institucional que ha aprobado el <strong>Consejo de Gobierno <\/strong>con motivo del <strong>&#8216;D\u00eda Internacional para la Eliminaci\u00f3n de la Violencia contra las Mujeres&#8217;. <\/strong><\/div>\n<div id=\"zonaAmpliarTexto1\">\n<p class=\"\" style=\"text-align: justify;\">El Gobierno andaluz expresa su\u00a0agradecimiento a todas las instituciones, entidades y colectivos implicados en la lucha contra la violencia de g\u00e9nero desde sus distintas responsabilidades: el movimiento asociativo que trabaja en la erradicaci\u00f3n de esta lacra social, ayuntamientos, diputaciones, personal dedicado a la atenci\u00f3n directa a las mujeres v\u00edctimas de violencia de g\u00e9nero, profesionales de la Administraci\u00f3n de Justicia y Fuerzas y Cuerpos de Seguridad del Estado. Adem\u00e1s, el texto subraya el\u00a0coraje y la valent\u00eda de las mujeres que sufren violencia de g\u00e9nero y que han dado un paso al frente para denunciar su situaci\u00f3n.<\/p>\n<h3 style=\"text-align: justify;\"><strong>Texto \u00edntegro de la Declaraci\u00f3n Institucional:<\/strong><\/h3>\n<p class=\"\" style=\"text-align: justify;\">La <strong>violencia de g\u00e9nero<\/strong> contin\u00faa siendo hoy una de las principales causas de <strong>vulneraci\u00f3n de los derechos fundamentales<\/strong> en todo el mundo. <strong>Naciones Unidas declar\u00f3 el 25 de Noviembre &#8216;D\u00eda Internacional para la Eliminaci\u00f3n de la Violencia contra las Mujeres&#8217;<\/strong>, una fecha en la que se recuerda la necesidad de continuar luchando contra una lacra social que no entiende de edades, estratos sociales ni territorios.<\/p>\n<p class=\"\" style=\"text-align: justify;\">Seg\u00fan cifras del organismo internacional, el <strong>35%<\/strong> de las mujeres en el mundo han sufrido violencia f\u00edsica y\/o sexual de pareja o violencia sexual por terceros. Casi <strong>un tercio<\/strong> de las mujeres manifiestan haber sufrido alguna forma de violencia f\u00edsica y\/o sexual por parte de sus parejas en alg\u00fan momento de la vida. Y un <strong>38%<\/strong> de los asesinatos de mujeres que se producen son cometidos por parejas o ex parejas.<\/p>\n<p class=\"\" style=\"text-align: justify;\">Por la dimensi\u00f3n del problema, la <strong>ONU<\/strong> incluy\u00f3 la lucha contra la violencia ejercida sobre las mujeres como una de sus prioridades y, de hecho, figura como eje fundamental del <strong>Objetivo 5 de su Agenda 2030<\/strong>, en el apartado <strong>&#8216;Igualdad de G\u00e9nero&#8217;.<\/strong> Naciones Unidas defiende que la igualdad de g\u00e9nero \u00abno es s\u00f3lo un derecho humano fundamental, sino la base necesaria para conseguir un mundo pac\u00edfico, pr\u00f3spero y sostenible\u00bb.<\/p>\n<p class=\"\" style=\"text-align: justify;\">Entre todas y todos se ha avanzado, se ha logrado que la violencia machista se visibilice y salga del \u00e1mbito meramente privado en la que permanec\u00eda silenciada y oculta. Y hoy la ciudadan\u00eda, en su inmensa mayor\u00eda, es cada vez m\u00e1s consciente de que cada acto de discriminaci\u00f3n, cada agresi\u00f3n y, m\u00e1s a\u00fan, cada asesinato de una mujer v\u00edctima de violencia de g\u00e9nero pone en evidencia al conjunto de la sociedad.<\/p>\n<p class=\"\" style=\"text-align: justify;\">Pero no podemos bajar la guardia. La intolerable cifra de v\u00edctimas nos obliga a todas y a todos a redoblar nuestros esfuerzos y a ejercer un papel activo en la batalla continua contra esta lacra.<\/p>\n<p class=\"\" style=\"text-align: justify;\">El Gobierno de Andaluc\u00eda mantiene, desde hace m\u00e1s de 20 a\u00f1os, un compromiso pleno en la lucha contra la violencia de g\u00e9nero implementando pol\u00edticas pioneras que nos sit\u00faan a la vanguardia de esta lucha. Pol\u00edticas que son el resultado del trabajo conjunto que ha realizado de la mano de las asociaciones de mujeres, los profesionales y los colectivos implicados en la lucha contra la violencia machista.<\/p>\n<p class=\"\" style=\"text-align: justify;\">En este sentido, el Gobierno andaluz ha dado un paso de enorme importancia con la<strong> revisi\u00f3n de la modificaci\u00f3n de la Ley 13\/2007 de medidas de prevenci\u00f3n y protecci\u00f3n integral contra la violencia de g\u00e9nero<\/strong>, para adaptar la norma al <strong>Convenio de Estambul de 2011 y al \u00e1mbito estatal<\/strong>. Su texto definitivo, que ser\u00e1 remitido antes de que finalice este periodo de sesiones al <strong>Parlamento de Andaluc\u00eda<\/strong>, ampl\u00eda el concepto de v\u00edctima. La norma andaluza es m\u00e1s ambiciosa que la estatal por cuanto, adem\u00e1s de a los menores, incluye como v\u00edctimas otros colectivos como son las personas mayores, las personas con discapacidad o en situaci\u00f3n de dependencia, sujetas a la tutela, guardia o custodia de la mujer que sufre violencia de g\u00e9nero.<\/p>\n<p class=\"\" style=\"text-align: justify;\">Junto al \u00e1mbito normativo, el Gobierno de Andaluc\u00eda mantiene su firme compromiso de combatir con todos sus medios y recursos la violencia ejercida contra las mujeres. Lo hace a trav\u00e9s de <strong>pol\u00edticas transversales <\/strong>en la acci\u00f3n de todas sus consejer\u00edas. La educaci\u00f3n en igualdad, la prevenci\u00f3n, la sensibilizaci\u00f3n y la protecci\u00f3n a las v\u00edctimas son y seguir\u00e1n siendo prioridades para la Junta de Andaluc\u00eda.<\/p>\n<p class=\"\" style=\"text-align: justify;\">Este compromiso ha convertido a Andaluc\u00eda en protagonista activa del impulso del <strong>Pacto de Estado contra la Violencia de G\u00e9nero,<\/strong> para el que desde el principio de su reivindicaci\u00f3n ha estado a la cabeza el Gobierno andaluz junto a las asociaciones de mujeres de nuestra comunidad. Un pacto, aprobado el pasado 28 de septiembre por el Congreso de los Diputados, que ahora toca desarrollarlo de manera plena.<\/p>\n<p class=\"\" style=\"text-align: justify;\">Por todo ello, el<strong> Consejo de Gobierno<\/strong> de la Junta de Andaluc\u00eda:<\/p>\n<p class=\"\" style=\"text-align: justify;\">Manifiesta su repulsa contra todo acto de violencia de g\u00e9nero ejercida contra las mujeres, <strong>que vulnera los derechos fundamentales<\/strong> e impide la plena consecuci\u00f3n de una sociedad que se desenvuelva en un escenario de igualdad real y efectiva.<\/p>\n<p class=\"\" style=\"text-align: justify;\">Expresa su <strong>agradecimiento a todas las instituciones, entidades y colectivos implicados en la lucha contra la violencia de g\u00e9nero<\/strong> desde sus distintas responsabilidades: el movimiento asociativo que trabaja en la erradicaci\u00f3n de esta lacra social, Ayuntamientos, Diputaciones, personal dedicado a la atenci\u00f3n directa a las mujeres v\u00edctimas de violencia de g\u00e9nero, profesionales de la Administraci\u00f3n de Justicia y Fuerzas y Cuerpos de Seguridad del Estado.<\/p>\n<p class=\"\" style=\"text-align: justify;\">Manifiesta su c<strong>ompromiso de continuar profundizando en el di\u00e1logo<\/strong> con asociaciones, colectivos y profesionales en la b\u00fasqueda de herramientas y soluciones en la lucha contra la violencia de g\u00e9nero.<\/p>\n<p class=\"\" style=\"text-align: justify;\">Reconoce a la <strong>ciudadan\u00eda andaluza por mostrarse activa e implicada<\/strong> diariamente en la denuncia p\u00fablica de la violencia machista, m\u00e1s sensibilizada y con actitudes manifiestas de condena y repulsa hacia el agresor.<\/p>\n<p class=\"\" style=\"text-align: justify;\">Quiere poner en valor el <strong>coraje y la valent\u00eda de las mujeres<\/strong> que sufren violencia de g\u00e9nero y que han dado un paso al frente para denunciar su situaci\u00f3n. Asimismo, quiere hacer un llamamiento a todas las mujeres v\u00edctimas para que sepan que no est\u00e1n solas, que es posible salir de estas situaciones y que cuentan con el apoyo de todas las instituciones y administraciones para ello. El Gobierno andaluz va a poner todo su empe\u00f1o en este objetivo.<\/p>\n<\/div>\n","protected":false},"excerpt":{"rendered":"<p>El Consejo de Gobierno ha aprobado una Declaraci\u00f3n Institucional con motivo del D\u00eda Internacional para&#8230;<\/p>\n","protected":false},"author":1,"featured_media":19538,"comment_status":"closed","ping_status":"closed","sticky":false,"template":"","format":"standard","meta":{"_coblocks_attr":"","_coblocks_dimensions":"","_coblocks_responsive_height":"","_coblocks_accordion_ie_support":"","jetpack_post_was_ever_published":false,"_jetpack_newsletter_access":"","_jetpack_dont_email_post_to_subs":false,"_jetpack_newsletter_tier_id":0,"_jetpack_memberships_contains_paywalled_content":false,"_jetpack_memberships_contains_paid_content":false,"footnotes":"","jetpack_publicize_message":"","jetpack_publicize_feature_enabled":true,"jetpack_social_post_already_shared":false,"jetpack_social_options":{"image_generator_settings":{"template":"highway","default_image_id":0,"enabled":false},"version":2}},"categories":[14,44,15],"tags":[19,214],"class_list":["post-19537","post","type-post","status-publish","format-standard","has-post-thumbnail","hentry","category-feminismo","category-noticias-de-hoy","category-ultimas-noticias","tag-mujeres","tag-violencia-de-genero"],"jetpack_publicize_connections":[],"jetpack_featured_media_url":"https:\/\/i0.wp.com\/miradordeatarfe.es\/wp-content\/uploads\/2017\/11\/th-7.jpg?fit=300%2C300&ssl=1","jetpack_likes_enabled":true,"jetpack_sharing_enabled":true,"_links":{"self":[{"href":"https:\/\/miradordeatarfe.es\/index.php?rest_route=\/wp\/v2\/posts\/19537","targetHints":{"allow":["GET"]}}],"collection":[{"href":"https:\/\/miradordeatarfe.es\/index.php?rest_route=\/wp\/v2\/posts"}],"about":[{"href":"https:\/\/miradordeatarfe.es\/index.php?rest_route=\/wp\/v2\/types\/post"}],"author":[{"embeddable":true,"href":"https:\/\/miradordeatarfe.es\/index.php?rest_route=\/wp\/v2\/users\/1"}],"replies":[{"embeddable":true,"href":"https:\/\/miradordeatarfe.es\/index.php?rest_route=%2Fwp%2Fv2%2Fcomments&post=19537"}],"version-history":[{"count":4,"href":"https:\/\/miradordeatarfe.es\/index.php?rest_route=\/wp\/v2\/posts\/19537\/revisions"}],"predecessor-version":[{"id":19542,"href":"https:\/\/miradordeatarfe.es\/index.php?rest_route=\/wp\/v2\/posts\/19537\/revisions\/19542"}],"wp:featuredmedia":[{"embeddable":true,"href":"https:\/\/miradordeatarfe.es\/index.php?rest_route=\/wp\/v2\/media\/19538"}],"wp:attachment":[{"href":"https:\/\/miradordeatarfe.es\/index.php?rest_route=%2Fwp%2Fv2%2Fmedia&parent=19537"}],"wp:term":[{"taxonomy":"category","embeddable":true,"href":"https:\/\/miradordeatarfe.es\/index.php?rest_route=%2Fwp%2Fv2%2Fcategories&post=19537"},{"taxonomy":"post_tag","embeddable":true,"href":"https:\/\/miradordeatarfe.es\/index.php?rest_route=%2Fwp%2Fv2%2Ftags&post=19537"}],"curies":[{"name":"wp","href":"https:\/\/api.w.org\/{rel}","templated":true}]}}