{"id":19554,"date":"2017-11-21T18:14:09","date_gmt":"2017-11-21T17:14:09","guid":{"rendered":"http:\/\/miradordeatarfe.es\/?p=19554"},"modified":"2017-11-21T18:49:25","modified_gmt":"2017-11-21T17:49:25","slug":"eta-asesinaba-a-ernest-lluch-hoy-hace-17-anos","status":"publish","type":"post","link":"https:\/\/miradordeatarfe.es\/?p=19554","title":{"rendered":"ETA asesinaba a Ernest Lluch hoy hace 17 a\u00f1os"},"content":{"rendered":"<p style=\"text-align: justify;\">El que fuera ministro de Sanidad en el gobierno de Felipe Gonz\u00e1lez, Ernest Lluch, recib\u00eda dos tiros en la cabeza en el garaje de su domicilio, en Barcelona, hace hoy 17 a\u00f1os. <!--more--><\/p>\n<p style=\"text-align: justify;\">Un vecino encontraba el cuerpo desangrado casi dos horas m\u00e1s tarde en el parking de su edificio. El ataque produjo manifestaciones masivas que denunciaban el atentado de la organizaci\u00f3n terrorista.<\/p>\n<div id=\"intext\">\n<p style=\"text-align: justify;\">Ernest Lluch mor\u00eda en el acto tras recibir los dos disparos. Uno de ellos le penetr\u00f3 la barbilla hasta atravesarle el cr\u00e1neo. Los terroristas huyeron en un coche que posteriormente hac\u00edan estallar a unos metros de la casa del exministro para as\u00ed borrar las huellas.<\/p>\n<p style=\"text-align: justify;\">Dos d\u00edas m\u00e1s tarde, alrededor de 1 mill\u00f3n de personas se manifestaban en las calles de la Ciudad Condal para denunciar el asesinato. Este homicidio supuso el und\u00e9cimo atentado perpetrado por ETA en Barcelona.<\/p>\n<p style=\"text-align: justify;\">Adem\u00e1s de su recorrido en el \u00e1mbito de la pol\u00edtica, el socialista era tambi\u00e9n profesor universitario y un consagrado articulista que colaboraba con varios medios. Con frecuencia trataba la cuesti\u00f3n del terrorismo y la situaci\u00f3n general del Pa\u00eds Vasco. En uno de sus \u00faltimos art\u00edculos, publicado un mes antes de su asesinato, mencionaba que no ceder\u00eda hasta que el nacionalismo vasco democr\u00e1tico entrara a formar parte del bloque constitucional.<\/p>\n<p style=\"text-align: justify;\">La autor\u00eda de su asesinato se atribuy\u00f3 a los miembros de ETA Jos\u00e9 Ignacio Krutxaga Elezcano, Lierni Armend\u00e1riz y Fernando Garc\u00eda Jodr\u00e1. Dos a\u00f1os m\u00e1s tarde se condenaba a los etarras a m\u00e1s de 30 a\u00f1os de prisi\u00f3n por la muerte del pol\u00edtico. \u00c9stos justificaron su acci\u00f3n diciendo que Lluch hab\u00eda sido \u00abmiembro del Gobierno del GAL\u00bb.<\/p>\n<h3 class=\"news_ext_title3\" style=\"text-align: justify;\">La hija de Ernest Lluch reclama reconducir la situaci\u00f3n en Catalu\u00f1a: \u201cHablen\u201d<\/h3>\n<p class=\"news_ext_subtitle\" style=\"text-align: justify;\">A pesar de las amenazas, el acto de homenaje al pol\u00edtico socialista en el 17 aniversario de su asesinato en manos de ETA transcurre en un pueblo de Girona sin incidentes.<\/p>\n<p style=\"text-align: justify;\">El acto de homenaje a Ernest Lluch en el <strong>17 aniversario de su asesinato<\/strong> en manos de ETA ha transcurrido este domingo por la ma\u00f1ana en Mai\u00e0 de Montcal (Girona) sin incidentes. Las amenazas que hab\u00eda denunciado el d\u00eda anterior la hija del pol\u00edtico socialista, <strong>Eul\u00e0lia Lluch<\/strong>, finalmente se han quedado en eso, en amenazas. El PSC ha podido aplaudir a una de las figuras hist\u00f3ricas del socialismo catal\u00e1n sin reproches.<\/p>\n<p style=\"text-align: justify;\">\u201c\u00c9l fue asesinado por ETA por defender el <strong>di\u00e1logo<\/strong>\u201d, ha manifestado su hija al recordarle en un discurso marcado por el momento pol\u00edtico en Catalu\u00f1a. \u201cCreo que no se deber\u00eda haber llegado al extremo actual, la situaci\u00f3n se debe reconducir, hablen\u201d, ha reclamado. La misma petici\u00f3n que se hizo tras el asesinato de su padre. En esa ocasi\u00f3n para buscar el fin de la violencia de ETA.<\/p>\n<h3 style=\"text-align: justify;\">Dialogante, pactista y escuchador<\/h3>\n<p style=\"text-align: justify;\">Diecisiete a\u00f1os despu\u00e9s, Eul\u00e0lia Lluch ha reivindicado a su padre como un \u201cdialogante, pactista, escuchador y emp\u00e1tico ante el que no piensa como \u00e9l\u201d, caracter\u00edsticas que se deber\u00edan recuperar para buscar una resoluci\u00f3n al conflicto pol\u00edtico catal\u00e1n. \u201cInt\u00e9ntenlo\u201d.<\/p>\n<p style=\"text-align: justify;\">Considera que ese ser\u00eda el camino que habr\u00eda iniciado su padre sin ese fatal 20 de noviembre en Barcelona. \u201cEra un hombre de paz y, por encima de todo, dialogante\u201d. Ha pedido que no se le politice y que se tenga en cuenta que en los \u00faltimos 17 a\u00f1os han pasado muchas cosas tanto en Catalu\u00f1a como en Espa\u00f1a, \u201cespecialmente en los \u00faltimos meses\u201d.<\/p>\n<h3 style=\"text-align: justify;\">Iceta define el di\u00e1logo<\/h3>\n<p style=\"text-align: justify;\">La intervenci\u00f3n del l\u00edder del PSC, Miquel Iceta, tambi\u00e9n ha ido en este sentido. \u201cErnest naci\u00f3 para cambiar cosas\u201d, ha afirmado, \u201cera referencia para muchos e inc\u00f3modo para otros\u201d.<\/p>\n<p style=\"text-align: justify;\">En cuanto al di\u00e1logo que se ha hecho referencia en el homenaje a Lluch, el l\u00edder de los socialistas catalanes ha recordado que \u201cquien quiere dialogar de verdad primero debe luchar contra uno mismo, contra sus propios <strong>dogmas<\/strong>\u201d. Un aviso a navegantes ante la situaci\u00f3n pol\u00edtica actual y las exigencias ante el 21D.<\/p>\n<\/div>\n","protected":false},"excerpt":{"rendered":"<p>El que fuera ministro de Sanidad en el gobierno de Felipe Gonz\u00e1lez, Ernest Lluch, recib\u00eda&#8230;<\/p>\n","protected":false},"author":1,"featured_media":19555,"comment_status":"closed","ping_status":"closed","sticky":false,"template":"","format":"standard","meta":{"_coblocks_attr":"","_coblocks_dimensions":"","_coblocks_responsive_height":"","_coblocks_accordion_ie_support":"","jetpack_post_was_ever_published":false,"_jetpack_newsletter_access":"","_jetpack_dont_email_post_to_subs":false,"_jetpack_newsletter_tier_id":0,"_jetpack_memberships_contains_paywalled_content":false,"_jetpack_memberships_contains_paid_content":false,"footnotes":"","jetpack_publicize_message":"","jetpack_publicize_feature_enabled":true,"jetpack_social_post_already_shared":false,"jetpack_social_options":{"image_generator_settings":{"template":"highway","default_image_id":0,"enabled":false},"version":2}},"categories":[1161,44,15],"tags":[4373,1204],"class_list":["post-19554","post","type-post","status-publish","format-standard","has-post-thumbnail","hentry","category-ciudadania","category-noticias-de-hoy","category-ultimas-noticias","tag-ernest-lluch","tag-eta"],"jetpack_publicize_connections":[],"jetpack_featured_media_url":"https:\/\/i0.wp.com\/miradordeatarfe.es\/wp-content\/uploads\/2017\/11\/ernest-lluch-miquel-iceta-homenaje_10_670x355.jpeg?fit=670%2C355&ssl=1","jetpack_likes_enabled":true,"jetpack_sharing_enabled":true,"_links":{"self":[{"href":"https:\/\/miradordeatarfe.es\/index.php?rest_route=\/wp\/v2\/posts\/19554","targetHints":{"allow":["GET"]}}],"collection":[{"href":"https:\/\/miradordeatarfe.es\/index.php?rest_route=\/wp\/v2\/posts"}],"about":[{"href":"https:\/\/miradordeatarfe.es\/index.php?rest_route=\/wp\/v2\/types\/post"}],"author":[{"embeddable":true,"href":"https:\/\/miradordeatarfe.es\/index.php?rest_route=\/wp\/v2\/users\/1"}],"replies":[{"embeddable":true,"href":"https:\/\/miradordeatarfe.es\/index.php?rest_route=%2Fwp%2Fv2%2Fcomments&post=19554"}],"version-history":[{"count":1,"href":"https:\/\/miradordeatarfe.es\/index.php?rest_route=\/wp\/v2\/posts\/19554\/revisions"}],"predecessor-version":[{"id":19556,"href":"https:\/\/miradordeatarfe.es\/index.php?rest_route=\/wp\/v2\/posts\/19554\/revisions\/19556"}],"wp:featuredmedia":[{"embeddable":true,"href":"https:\/\/miradordeatarfe.es\/index.php?rest_route=\/wp\/v2\/media\/19555"}],"wp:attachment":[{"href":"https:\/\/miradordeatarfe.es\/index.php?rest_route=%2Fwp%2Fv2%2Fmedia&parent=19554"}],"wp:term":[{"taxonomy":"category","embeddable":true,"href":"https:\/\/miradordeatarfe.es\/index.php?rest_route=%2Fwp%2Fv2%2Fcategories&post=19554"},{"taxonomy":"post_tag","embeddable":true,"href":"https:\/\/miradordeatarfe.es\/index.php?rest_route=%2Fwp%2Fv2%2Ftags&post=19554"}],"curies":[{"name":"wp","href":"https:\/\/api.w.org\/{rel}","templated":true}]}}