{"id":19560,"date":"2017-11-22T11:20:20","date_gmt":"2017-11-22T10:20:20","guid":{"rendered":"http:\/\/miradordeatarfe.es\/?p=19560"},"modified":"2017-11-21T18:49:01","modified_gmt":"2017-11-21T17:49:01","slug":"19560","status":"publish","type":"post","link":"https:\/\/miradordeatarfe.es\/?p=19560","title":{"rendered":"Atarfe abre el Centro de Informaci\u00f3n Juvenil para activar la participaci\u00f3n de los j\u00f3venes"},"content":{"rendered":"<p style=\"text-align: justify;\">El centro ofrecer\u00e1 atenci\u00f3n personalizada sobre actividades relacionadas con el ocio y tiempo libre, formaci\u00f3n y empleo y otras cuestiones que son de inter\u00e9s para el colectivo de j\u00f3venes de Atarfe.<!--more--><\/p>\n<p style=\"text-align: justify;\">La Concejal\u00eda de Juventud del Ayuntamiento de Atarfe ha puesto en marcha el <strong>Centro de Informaci\u00f3n Juvenil<\/strong>, un servicio p\u00fablico gratuito que ofrecer\u00e1 atenci\u00f3n personalizada sobre actividades relacionadas con el ocio y tiempo libre, formaci\u00f3n y empleo y otras cuestiones que son de inter\u00e9s para el colectivo de j\u00f3venes de Atarfe.<\/p>\n<p style=\"text-align: justify;\">El alcalde de Atarfe, <strong>Francisco Rodr\u00edguez Quesada<\/strong>, y la concejal de Juventud, <strong>Gloria Casado<\/strong>, acudieron a la presentaci\u00f3n de dicho centro que estar\u00e1 ubicado de forma provisional en el pabell\u00f3n municipal de Deportes (Avenida de la Diputaci\u00f3n, 71) y que \u00abpretende servir de espacio para que los j\u00f3venes puedan participar activamente de los asuntos que les compete y dispongan de la informaci\u00f3n necesaria para tomar decisiones\u00bb.<\/p>\n<p style=\"text-align: justify;\"><iframe loading=\"lazy\" src=\"http:\/\/www.youtube.com\/embed\/OQm8SBmmCuc\" width=\"560\" height=\"315\" data-mce-fragment=\"1\"><\/iframe><\/p>\n<p style=\"text-align: justify;\">Al acto tambi\u00e9n asistieron el director del Instituto Andaluz de la Juventud (IAJ),<strong> Francisco Tom\u00e1s Pizarro Gal\u00e1n<\/strong>, la coordinadora de IAJ en Granada, <strong>Elena Fern\u00e1ndez Pe\u00f1afiel<\/strong>, y la delegada de Igualdad y Juventud de la Diputaci\u00f3n de Granada, <strong>Irene Justo<\/strong>, que informaron de los recursos que sus respectivas administraciones ponen tambi\u00e9n a disposici\u00f3n de los j\u00f3venes a los que animaron a constituirse en asociaciones y poner en marcha sus proyectos. En representaci\u00f3n del Ayuntamiento de Atarfe tambi\u00e9n acudieron los concejales del equipo de gobierno de Por Atarfe S\u00ed (PASI), <strong>Fabiola Garc\u00eda<\/strong> y <strong>Jorge Moreno<\/strong>, y la concejal socialista <strong>Trinidad Rodr\u00edguez<\/strong>.<\/p>\n<p style=\"text-align: justify;\">El Centro Juvenil ofrecer\u00e1 puntual informaci\u00f3n dirigida a <strong>j\u00f3venes de entre 14 y 30 a\u00f1os<\/strong> sobre actividades relacionadas con el ocio y tiempo libre, formaci\u00f3n y empleo, tr\u00e1mites para obtener el carn\u00e9 joven, asesoramiento, participaci\u00f3n (asociacionismo, voluntariado y corresponsales juveniles) y acceso a ayudas y subvenciones.<\/p>\n<p style=\"text-align: justify;\">En las \u00faltimas semanas, t\u00e9cnicas del \u00e1rea de Juventud vienen realizando una campa\u00f1a informativa en los colegios e institutos de Atarfe donde se ha informado a los alumnos del funcionamiento del servicio de informaci\u00f3n juvenil y tambi\u00e9n de campa\u00f1as de concienciaci\u00f3n c\u00edvica que promueve el Ayuntamiento, como la que se puso en marcha en agosto &#8216;Atarfe, limpio entre todos&#8217;.<\/p>\n<p style=\"text-align: justify;\"><strong>Centro de Informaci\u00f3n Juvenil<\/strong><br \/>\nLugar: Pabell\u00f3n Deportivo Municipal 1\u00ba de Mayo (Avenida de la Diputaci\u00f3n, 71)<br \/>\nHorario: Lunes y martes (de 12:30 a 15:00 horas). Mi\u00e9rcoles, jueves y viernes (de 16:00 a 21:00 horas)<br \/>\nCorreo: juventud@atarfe.es<br \/>\nTel\u00e9fono: 676484703.<br \/>\nInstagram:\u00a0<strong><a href=\"https:\/\/www.instagram.com\/atarfejoven\/\" target=\"_blank\" rel=\"noopener\">https:\/\/www.instagram.com\/atarfejoven\/<\/a><\/strong><\/p>\n","protected":false},"excerpt":{"rendered":"<p>El centro ofrecer\u00e1 atenci\u00f3n personalizada sobre actividades relacionadas con el ocio y tiempo libre, formaci\u00f3n&#8230;<\/p>\n","protected":false},"author":1,"featured_media":19561,"comment_status":"closed","ping_status":"closed","sticky":false,"template":"","format":"standard","meta":{"_coblocks_attr":"","_coblocks_dimensions":"","_coblocks_responsive_height":"","_coblocks_accordion_ie_support":"","jetpack_post_was_ever_published":false,"_jetpack_newsletter_access":"","_jetpack_dont_email_post_to_subs":false,"_jetpack_newsletter_tier_id":0,"_jetpack_memberships_contains_paywalled_content":false,"_jetpack_memberships_contains_paid_content":false,"footnotes":"","jetpack_publicize_message":"","jetpack_publicize_feature_enabled":true,"jetpack_social_post_already_shared":false,"jetpack_social_options":{"image_generator_settings":{"template":"highway","default_image_id":0,"enabled":false},"version":2}},"categories":[1161,186,44,15],"tags":[81],"class_list":["post-19560","post","type-post","status-publish","format-standard","has-post-thumbnail","hentry","category-ciudadania","category-instituciones","category-noticias-de-hoy","category-ultimas-noticias","tag-atarfe"],"jetpack_publicize_connections":[],"jetpack_featured_media_url":"https:\/\/i0.wp.com\/miradordeatarfe.es\/wp-content\/uploads\/2017\/11\/cij-atarfe-autoridades-web-3.jpg?fit=650%2C433&ssl=1","jetpack_likes_enabled":true,"jetpack_sharing_enabled":true,"_links":{"self":[{"href":"https:\/\/miradordeatarfe.es\/index.php?rest_route=\/wp\/v2\/posts\/19560","targetHints":{"allow":["GET"]}}],"collection":[{"href":"https:\/\/miradordeatarfe.es\/index.php?rest_route=\/wp\/v2\/posts"}],"about":[{"href":"https:\/\/miradordeatarfe.es\/index.php?rest_route=\/wp\/v2\/types\/post"}],"author":[{"embeddable":true,"href":"https:\/\/miradordeatarfe.es\/index.php?rest_route=\/wp\/v2\/users\/1"}],"replies":[{"embeddable":true,"href":"https:\/\/miradordeatarfe.es\/index.php?rest_route=%2Fwp%2Fv2%2Fcomments&post=19560"}],"version-history":[{"count":3,"href":"https:\/\/miradordeatarfe.es\/index.php?rest_route=\/wp\/v2\/posts\/19560\/revisions"}],"predecessor-version":[{"id":19564,"href":"https:\/\/miradordeatarfe.es\/index.php?rest_route=\/wp\/v2\/posts\/19560\/revisions\/19564"}],"wp:featuredmedia":[{"embeddable":true,"href":"https:\/\/miradordeatarfe.es\/index.php?rest_route=\/wp\/v2\/media\/19561"}],"wp:attachment":[{"href":"https:\/\/miradordeatarfe.es\/index.php?rest_route=%2Fwp%2Fv2%2Fmedia&parent=19560"}],"wp:term":[{"taxonomy":"category","embeddable":true,"href":"https:\/\/miradordeatarfe.es\/index.php?rest_route=%2Fwp%2Fv2%2Fcategories&post=19560"},{"taxonomy":"post_tag","embeddable":true,"href":"https:\/\/miradordeatarfe.es\/index.php?rest_route=%2Fwp%2Fv2%2Ftags&post=19560"}],"curies":[{"name":"wp","href":"https:\/\/api.w.org\/{rel}","templated":true}]}}