{"id":19585,"date":"2017-11-24T10:28:02","date_gmt":"2017-11-24T09:28:02","guid":{"rendered":"http:\/\/miradordeatarfe.es\/?p=19585"},"modified":"2017-11-22T10:29:31","modified_gmt":"2017-11-22T09:29:31","slug":"un-maltratador-no-puede-ser-un-buen-padre-alerta-el-defensor-del-pueblo","status":"publish","type":"post","link":"https:\/\/miradordeatarfe.es\/?p=19585","title":{"rendered":"\u00abUn maltratador no puede ser un buen padre\u00bb, alerta el Defensor del Pueblo"},"content":{"rendered":"<p style=\"text-align: justify;\">Francisco Fern\u00e1ndez Marug\u00e1n reclama mejoras en la protecci\u00f3n de los hijos e hijas de las mujeres v\u00edctimas de violencia de g\u00e9nero. <!--more--><\/p>\n<div class=\"cols2-2\">\n<div class=\"colA\">\n<div class=\"tags\" style=\"text-align: justify;\"><\/div>\n<div class=\"blq-img\" style=\"text-align: justify;\">\n<div class=\"txt\">\n<div class=\"firma\"><\/div>\n<div class=\"pie\">El Defensor del Pueblo pide que todo el mundo se crea que un maltratador no puede ser un buen padre.<\/div>\n<\/div>\n<\/div>\n<div class=\"cuerpo\">\n<p style=\"text-align: justify;\"><strong>El Defensor del Pueblo en funciones, Francisco Fern\u00e1ndez Marug\u00e1n, <\/strong>ha reclamado mejoras en la protecci\u00f3n de los hijos de las mujeres v\u00edctimas de violencia de g\u00e9nero en el marco de la Jornada \u201cAvanzando hacia la protecci\u00f3n efectiva de los hijos de las mujeres v\u00edctimas de violencia de g\u00e9nero\u201d que la Instituci\u00f3n ha organizado con motivo del D\u00eda de la Infancia.<\/p>\n<p style=\"text-align: justify;\">El Defensor ha recordado la importancia de visibilizar la situaci\u00f3n de estos ni\u00f1os y ni\u00f1as que tambi\u00e9n son v\u00edctimas de la violencia machista. As\u00ed, ha recordado que \u201cen lo que llevamos de 2017, ocho menores de menos de 12 a\u00f1os han sido cruelmente asesinados por aquellos que deb\u00edan protegerlos: sus padres\u201d. Adem\u00e1s, ha apuntado que hasta 2013 ni siquiera se contabilizaban sus muertes como v\u00edctimas de violencia de g\u00e9nero. \u201cDesde entonces son 23 los menores asesinados, aunque est\u00e1 claro que las v\u00edctimas son muchas m\u00e1s\u201d, ha remarcado.<\/p>\n<div class=\"media media-element-container media-default\" style=\"text-align: justify;\">\n<div id=\"file-22541\" class=\"file file-image file-image-jpeg\">\n<h2 class=\"element-invisible\"><img data-recalc-dims=\"1\" loading=\"lazy\" decoding=\"async\" class=\"media-element file-default\" title=\"\" src=\"https:\/\/i0.wp.com\/www.elindependientedegranada.es\/sites\/default\/files\/jornadas_proteccion_menores_victimas_violencia_genero_20_11_2017_800x600-1.jpg?resize=421%2C316\" alt=\"\" width=\"421\" height=\"316\" data-delta=\"1\" \/><\/h2>\n<p>Jornadas organizadas por el Defensor del Pueblo y Women&#8217;s Link.\u00a0<span class=\"firma\"><a href=\"http:\/\/www.defensordelpueblo.es\">www.defensordelpueblo.es<\/a><\/span><\/div>\n<\/div>\n<h4 style=\"text-align: justify;\">Un maltratador no puede ser un buen padre<\/h4>\n<p style=\"text-align: justify;\">Fern\u00e1ndez Marug\u00e1n ha afirmado que para acabar con la lacra de la violencia machista hay que \u201cremover la conciencia de la sociedad en su conjunto y concienciar a las distintas administraciones implicadas para que se trabaje siempre con los dos enfoques: g\u00e9nero e infancia\u201d.<\/p>\n<p style=\"text-align: justify;\">Ha reiterado que \u201cun maltratador no puede ser un buen padre\u201d y ha pedido que todo el mundo se crea esta frase.<\/p>\n<p style=\"text-align: justify;\">En su opini\u00f3n, es necesario otorgar \u00abprotecci\u00f3n r\u00e1pida y eficaz a los hijos de las mujeres v\u00edctimas de violencia de g\u00e9nero para evitar que se sigan produciendo asesinatos de menores a manos de sus padres maltratadores. \u201cLa protecci\u00f3n ha de ser integral, tenemos que ser capaces de detectar de manera inmediata el riesgo en la mujer, sin olvidar que es madre\u201d, ha destacado.<\/p>\n<p style=\"text-align: justify;\">El Defensor ha finalizado su intervenci\u00f3n recordando a \u00c1ngela Gonz\u00e1lez Carre\u00f1o, cuya hija de 7 a\u00f1os fue asesinada por su ex marido, condenado por maltrato, durante un r\u00e9gimen de visitas sin supervisi\u00f3n, autorizado por un juez.<\/p>\n<p style=\"text-align: justify;\">Fern\u00e1ndez Marug\u00e1n, que se reuni\u00f3 con Gonz\u00e1lez Carre\u00f1o hace unos meses, le ha reiterado su compromiso personal e institucional para que nunca m\u00e1s un menor de edad sea asesinado por su padre, una vez se ha constatado que es un maltratador.<\/p>\n<p style=\"text-align: justify;\">En la jornada, organizada por el Defensor del Pueblo en colaboraci\u00f3n con la organizaci\u00f3n Women\u2019s Link y con el apoyo del Consejo General del Poder Judicial, han participado expertos en la materia de la judicatura, como la magistrada Inmaculada Montalb\u00e1n, de la Universidad, de la sociedad civil y de Naciones Unidas. La clausura ha contado con magistrado y miembro del Consejo General del Poder Judicial, Fernando Grande-Marlaska.<\/p>\n<\/div>\n<\/div>\n<\/div>\n","protected":false},"excerpt":{"rendered":"<p>Francisco Fern\u00e1ndez Marug\u00e1n reclama mejoras en la protecci\u00f3n de los hijos e hijas de las&#8230;<\/p>\n","protected":false},"author":1,"featured_media":19586,"comment_status":"closed","ping_status":"closed","sticky":false,"template":"","format":"standard","meta":{"_coblocks_attr":"","_coblocks_dimensions":"","_coblocks_responsive_height":"","_coblocks_accordion_ie_support":"","jetpack_post_was_ever_published":false,"_jetpack_newsletter_access":"","_jetpack_dont_email_post_to_subs":false,"_jetpack_newsletter_tier_id":0,"_jetpack_memberships_contains_paywalled_content":false,"_jetpack_memberships_contains_paid_content":false,"footnotes":"","jetpack_publicize_message":"","jetpack_publicize_feature_enabled":true,"jetpack_social_post_already_shared":false,"jetpack_social_options":{"image_generator_settings":{"template":"highway","default_image_id":0,"enabled":false},"version":2}},"categories":[1],"tags":[41,2155],"class_list":["post-19585","post","type-post","status-publish","format-standard","has-post-thumbnail","hentry","category-uncategorized","tag-feminismo","tag-maltratador"],"jetpack_publicize_connections":[],"jetpack_featured_media_url":"https:\/\/i0.wp.com\/miradordeatarfe.es\/wp-content\/uploads\/2017\/11\/concentraciondetalles__1.jpg?fit=750%2C301&ssl=1","jetpack_likes_enabled":true,"jetpack_sharing_enabled":true,"_links":{"self":[{"href":"https:\/\/miradordeatarfe.es\/index.php?rest_route=\/wp\/v2\/posts\/19585","targetHints":{"allow":["GET"]}}],"collection":[{"href":"https:\/\/miradordeatarfe.es\/index.php?rest_route=\/wp\/v2\/posts"}],"about":[{"href":"https:\/\/miradordeatarfe.es\/index.php?rest_route=\/wp\/v2\/types\/post"}],"author":[{"embeddable":true,"href":"https:\/\/miradordeatarfe.es\/index.php?rest_route=\/wp\/v2\/users\/1"}],"replies":[{"embeddable":true,"href":"https:\/\/miradordeatarfe.es\/index.php?rest_route=%2Fwp%2Fv2%2Fcomments&post=19585"}],"version-history":[{"count":1,"href":"https:\/\/miradordeatarfe.es\/index.php?rest_route=\/wp\/v2\/posts\/19585\/revisions"}],"predecessor-version":[{"id":19587,"href":"https:\/\/miradordeatarfe.es\/index.php?rest_route=\/wp\/v2\/posts\/19585\/revisions\/19587"}],"wp:featuredmedia":[{"embeddable":true,"href":"https:\/\/miradordeatarfe.es\/index.php?rest_route=\/wp\/v2\/media\/19586"}],"wp:attachment":[{"href":"https:\/\/miradordeatarfe.es\/index.php?rest_route=%2Fwp%2Fv2%2Fmedia&parent=19585"}],"wp:term":[{"taxonomy":"category","embeddable":true,"href":"https:\/\/miradordeatarfe.es\/index.php?rest_route=%2Fwp%2Fv2%2Fcategories&post=19585"},{"taxonomy":"post_tag","embeddable":true,"href":"https:\/\/miradordeatarfe.es\/index.php?rest_route=%2Fwp%2Fv2%2Ftags&post=19585"}],"curies":[{"name":"wp","href":"https:\/\/api.w.org\/{rel}","templated":true}]}}