{"id":19601,"date":"2017-11-23T10:59:54","date_gmt":"2017-11-23T09:59:54","guid":{"rendered":"http:\/\/miradordeatarfe.es\/?p=19601"},"modified":"2017-11-22T10:30:14","modified_gmt":"2017-11-22T09:30:14","slug":"la-escuela-municipal-de-teatro-estrena-el-mayor-reto-escenico-de-la-temporada-con-una-adaptacion-de-bertolt-brecht-2","status":"publish","type":"post","link":"https:\/\/miradordeatarfe.es\/?p=19601","title":{"rendered":"ATARFE: La Escuela Municipal de Teatro  estrena el mayor reto esc\u00e9nico de la temporada con una adaptaci\u00f3n de Bertolt Brecht"},"content":{"rendered":"<div class=\"post-meta\">&#8216;Por tres peniques&#8217; se presenta el s\u00e1bado 25 de noviembre en el Centro Cultural Medina Elvira con una espectacular escenograf\u00eda que cuida el m\u00e1s m\u00ednimo detalle.<strong> 25 DE NOVIEMBRE A LAS 8:30<\/strong><\/div>\n<p><!--more--><\/p>\n<p style=\"text-align: justify;\">La\u00a0<strong>Escuela Municipal de Teatro de Atarfe<\/strong>, bajo la direcci\u00f3n de\u00a0<strong>V\u00edctor M.\u00a0Rivera<\/strong>, estrena<em> el s\u00e1bado 25 de noviembre en el Centro Cultural Medina Elvira l<\/em>a obra<strong>\u00a0&#8216;Por tres peniques&#8217;<\/strong>, una adaptaci\u00f3n de &#8216;La \u00f3pera de los tres centavos&#8217; de\u00a0<strong>Bertolt Brecht<\/strong>\u00a0que el grupo de j\u00f3venes actores y actrices de la escuela ha convertido en un reto profesional por la complejidad de la puesta en escena.<\/p>\n<p style=\"text-align: justify;\">Con la representaci\u00f3n de esta obra, la\u00a0Escuela Municipal de Teatro de Atarfe da un paso m\u00e1s en\u00a0su trayectoria art\u00edstica, cosechada con importantes galardones y reconocimientos, al atreverse\u00a0con un\u00a0teatro con muchos m\u00e1s elementos en escena y de mayor complejidad.<\/p>\n<p style=\"text-align: justify;\">La escenograf\u00eda, la parte que guarda relaci\u00f3n con la ambientaci\u00f3n y decoraci\u00f3n, se ha cuidado hasta el m\u00ednimo detalle, reproduciendo\u00a0con total realismo un suburbio londinense. Tambi\u00e9n se ha hecho un esfuerzo importante en cuidar el vestuario de los actores y actrices que protagonizan la obra.<\/p>\n<p style=\"text-align: justify;\">La acci\u00f3n se desarrolla en Londres durante la \u00e9poca victoriana. En un ambiente marginal, los personajes de la obra luchan por sobrevivir lejos de ataduras morales y de espaldas a una sociedad amoral. La obra plantea grandes dudas existenciales y nos sumergue en un mundo que todos sabemos que existe y no siempre queremos verlo.<\/p>\n<p style=\"text-align: justify;\">La\u00a0Escuela Municipal de Teatro de Atarfe tiene intenci\u00f3n de presentar la obra en distintos espacios esc\u00e9nicos\u00a0 de la provincia.\u00a0<strong>Las entradas para presenciar el estreno est\u00e1n ya a la venta en el Centro Cultural Medina Elvira por tanto solo 3 euros<\/strong>.<\/p>\n<div class=\"post-block post-share\">\n<div class=\"addthis_toolbox addthis_default_style \" style=\"text-align: justify;\">\n<div class=\"tweet_iframe_widget\"><\/div>\n<div class=\"pin_it_iframe_widget\">\u00a0<a href=\"https:\/\/i0.wp.com\/miradordeatarfe.es\/wp-content\/uploads\/2017\/11\/cartel-3-peniques-web.jpg?ssl=1\"><img data-recalc-dims=\"1\" loading=\"lazy\" decoding=\"async\" class=\"size-full wp-image-19602 aligncenter\" src=\"https:\/\/i0.wp.com\/miradordeatarfe.es\/wp-content\/uploads\/2017\/11\/cartel-3-peniques-web.jpg?resize=448%2C650&#038;ssl=1\" alt=\"\" width=\"448\" height=\"650\" srcset=\"https:\/\/i0.wp.com\/miradordeatarfe.es\/wp-content\/uploads\/2017\/11\/cartel-3-peniques-web.jpg?w=448&amp;ssl=1 448w, https:\/\/i0.wp.com\/miradordeatarfe.es\/wp-content\/uploads\/2017\/11\/cartel-3-peniques-web.jpg?resize=207%2C300&amp;ssl=1 207w\" sizes=\"auto, (max-width: 448px) 100vw, 448px\" \/><\/a><\/div>\n<\/div>\n<\/div>\n","protected":false},"excerpt":{"rendered":"<p>&#8216;Por tres peniques&#8217; se presenta el s\u00e1bado 25 de noviembre en el Centro Cultural Medina&#8230;<\/p>\n","protected":false},"author":1,"featured_media":19606,"comment_status":"closed","ping_status":"closed","sticky":false,"template":"","format":"standard","meta":{"_coblocks_attr":"","_coblocks_dimensions":"","_coblocks_responsive_height":"","_coblocks_accordion_ie_support":"","jetpack_post_was_ever_published":false,"_jetpack_newsletter_access":"","_jetpack_dont_email_post_to_subs":false,"_jetpack_newsletter_tier_id":0,"_jetpack_memberships_contains_paywalled_content":false,"_jetpack_memberships_contains_paid_content":false,"footnotes":"","jetpack_publicize_message":"","jetpack_publicize_feature_enabled":true,"jetpack_social_post_already_shared":false,"jetpack_social_options":{"image_generator_settings":{"template":"highway","default_image_id":0,"enabled":false},"version":2}},"categories":[2,12,186,44,15],"tags":[81,498],"class_list":["post-19601","post","type-post","status-publish","format-standard","has-post-thumbnail","hentry","category-atarfe","category-cultura","category-instituciones","category-noticias-de-hoy","category-ultimas-noticias","tag-atarfe","tag-teatro"],"jetpack_publicize_connections":[],"jetpack_featured_media_url":"https:\/\/i0.wp.com\/miradordeatarfe.es\/wp-content\/uploads\/2017\/11\/cartel-3-peniques-web-2.jpg?fit=439%2C270&ssl=1","jetpack_likes_enabled":true,"jetpack_sharing_enabled":true,"_links":{"self":[{"href":"https:\/\/miradordeatarfe.es\/index.php?rest_route=\/wp\/v2\/posts\/19601","targetHints":{"allow":["GET"]}}],"collection":[{"href":"https:\/\/miradordeatarfe.es\/index.php?rest_route=\/wp\/v2\/posts"}],"about":[{"href":"https:\/\/miradordeatarfe.es\/index.php?rest_route=\/wp\/v2\/types\/post"}],"author":[{"embeddable":true,"href":"https:\/\/miradordeatarfe.es\/index.php?rest_route=\/wp\/v2\/users\/1"}],"replies":[{"embeddable":true,"href":"https:\/\/miradordeatarfe.es\/index.php?rest_route=%2Fwp%2Fv2%2Fcomments&post=19601"}],"version-history":[{"count":3,"href":"https:\/\/miradordeatarfe.es\/index.php?rest_route=\/wp\/v2\/posts\/19601\/revisions"}],"predecessor-version":[{"id":19607,"href":"https:\/\/miradordeatarfe.es\/index.php?rest_route=\/wp\/v2\/posts\/19601\/revisions\/19607"}],"wp:featuredmedia":[{"embeddable":true,"href":"https:\/\/miradordeatarfe.es\/index.php?rest_route=\/wp\/v2\/media\/19606"}],"wp:attachment":[{"href":"https:\/\/miradordeatarfe.es\/index.php?rest_route=%2Fwp%2Fv2%2Fmedia&parent=19601"}],"wp:term":[{"taxonomy":"category","embeddable":true,"href":"https:\/\/miradordeatarfe.es\/index.php?rest_route=%2Fwp%2Fv2%2Fcategories&post=19601"},{"taxonomy":"post_tag","embeddable":true,"href":"https:\/\/miradordeatarfe.es\/index.php?rest_route=%2Fwp%2Fv2%2Ftags&post=19601"}],"curies":[{"name":"wp","href":"https:\/\/api.w.org\/{rel}","templated":true}]}}