{"id":19615,"date":"2017-11-28T11:24:14","date_gmt":"2017-11-28T10:24:14","guid":{"rendered":"http:\/\/miradordeatarfe.es\/?p=19615"},"modified":"2020-06-26T13:15:24","modified_gmt":"2020-06-26T11:15:24","slug":"espana-enferma-por-alberto-granados","status":"publish","type":"post","link":"https:\/\/miradordeatarfe.es\/?p=19615","title":{"rendered":"\u00abEspa\u00f1a enferma\u00bb por Alberto Granados"},"content":{"rendered":"<p style=\"text-align: justify;\">\u00a0\u00a0 \u00bfCu\u00e1ntas veces hemos pensado que los americanos est\u00e1n locos cada vez que alguien se atrinchera armado y provoca una matanza? Y es que se\u00f1alar conductas an\u00f3malas es muy f\u00e1cil. Lo dif\u00edcil es analizar su origen y modificarlas, que tendr\u00eda que ser una de las tareas prioritarias de los gobiernos de esos pa\u00edses enfermos.<!--more--><\/p>\n<div class=\"entry-content\">\n<p style=\"text-align: justify;\">\u00a0\u00a0\u00a0\u00a0\u00a0\u00a0\u00a0 Pero hay que ser cauteloso en el uso de los diagn\u00f3sticos sociales, pues nosotros tambi\u00e9n vivimos en un pa\u00eds que da muestras, tan inequ\u00edvocas como alarmantes, de padecer una grav\u00edsima patolog\u00eda social. Hay que admitirlo: nuestra sociedad adolece de una serie de disfunciones que me hacen pensar en un futuro bastante negro. No es normal que un partido cuya corrupci\u00f3n es cada vez m\u00e1s patente, extendida por varias comunidades aut\u00f3nomas y que alcanza a media c\u00fapula siga en el poder, sin una dimisi\u00f3n, sin una disculpa, sin una explicaci\u00f3n veraz. Ni que la justicia caiga en manos de los partidos, que imponen sus cuotas de poder en los \u00f3rganos que debieran ser m\u00e1s neutrales e independientes. Como tampoco es normal que se haya permitido a la sociedad catalana provocar la intoxicaci\u00f3n independentista, que tan grave fractura social ha producido, junto a una inseguridad financiera que nos pone de nuevo en el punto de mira de las consultoras que mandan en el mercado bancario.<\/p>\n<p style=\"text-align: justify;\">\u00a0\u00a0\u00a0\u00a0\u00a0\u00a0 Tampoco me parece normal que la iglesia cat\u00f3lica inmatricule con tantas facilidades aquellos bienes patrimoniales que deber\u00edan pertenecer al Estado, sin que nadie haya hecho lo m\u00e1s m\u00ednimo por salvaguardarlos o recuperarlos. Ni que la educaci\u00f3n vaya por los derroteros lastimosos por los que se mueve (falta de autoridad de profesores, poder absoluto de padres y madres, grupos de WhatsApp para controlar la labor de los docentes, nivel m\u00ednimo de exigencia a los ni\u00f1os\u2026).<\/p>\n<p style=\"text-align: justify;\"><span class=\"embed-youtube\"><iframe loading=\"lazy\" class=\"youtube-player\" src=\"https:\/\/www.youtube.com\/embed\/hfGsrMBsX1Q?version=3&amp;rel=1&amp;fs=1&amp;autohide=2&amp;showsearch=0&amp;showinfo=1&amp;iv_load_policy=1&amp;wmode=transparent\" width=\"560\" height=\"345\" allowfullscreen=\"allowfullscreen\" data-mce-fragment=\"1\"><\/iframe><\/span><\/p>\n<p style=\"text-align: justify;\">\u00a0\u00a0\u00a0\u00a0\u00a0\u00a0\u00a0 Un pa\u00eds en el que una regi\u00f3n se declara independiente para, diez segundos despu\u00e9s, dejar en suspenso esa independencia, es un pa\u00eds que ha perdido el norte. Dicha independencia, seg\u00fan sus voceros, responde a una mayor\u00eda popular, dato este que, por mucho que se empe\u00f1en, no puede recibirse sin carcajadas. \u00bfMayor\u00eda popular es la que viene de un refer\u00e9ndum ilegal y realizado sin la menor garant\u00eda? \u00bfAs\u00ed de serias son la jerarqu\u00eda independentista catalana, su gente, su cultura? Yo esperaba m\u00e1s coherencia desde luego.<\/p>\n<p style=\"text-align: justify;\">\u00a0\u00a0\u00a0\u00a0\u00a0\u00a0\u00a0 Un pa\u00eds que acepta como una frusler\u00eda que cada a\u00f1o mueran a manos de sus parejas o ex-parejas m\u00e1s de cincuenta mujeres no est\u00e1 sano. Tampoco es sano una sociedad en que abundan los casos de acoso escolar, las palizas entre adolescentes sin m\u00e1s objetivo que la difusa fama que otorgan las redes sociales.<\/p>\n<p style=\"text-align: justify;\">\u00a0\u00a0\u00a0\u00a0\u00a0\u00a0\u00a0\u00a0Pero si todas estas situaciones no son enfermizas, en esta \u00faltima semana han aparecido dos noticias que ya me dejan noqueado. La primera es el resultado de una encuesta en que se analiza la percepci\u00f3n de adolescentes y j\u00f3venes sobre la violencia de g\u00e9nero. Parece que la situaci\u00f3n se ve normal, que ha pasado toda la vida y no tiene por qu\u00e9 cambiar, que lo que pasa es que el tema se ha \u201cpolitizado\u201d, etc. Que nuestros j\u00f3venes de hasta 29 a\u00f1os mantengan estos argumentos sin el menor asomo de sentido cr\u00edtico me parece una aberraci\u00f3n social grav\u00edsima, algo tan terrible que no me deja demasiado espacio para la esperanza.<\/p>\n<p style=\"text-align: justify;\">\u00a0\u00a0\u00a0\u00a0\u00a0\u00a0\u00a0 La segunda noticia de la semana, mucho m\u00e1s grave, es que un abogado de los que defienden a los violadores de los sanfermines, ha ordenado un seguimiento de la v\u00edctima en las redes. Pretende con ello dejar claro que la v\u00edctima no lo es tanto, porque la informaci\u00f3n recogida podr\u00eda indicar una cierta promiscuidad de la joven. O dicho de otra forma: minimizar las graves acusaciones contra \u201cLa Manada\u201d en raz\u00f3n de una conducta pretendidamente licenciosa por parte de la chica.<\/p>\n<p style=\"text-align: justify;\">\u00a0\u00a0\u00a0\u00a0\u00a0\u00a0\u00a0 El juez ha admitido dicho engendro como prueba v\u00e1lida, lo que indica el lamentable estado de eso que llamamos justicia, aunque no lo sea. Frente a las realidades objetivas, la v\u00edctima pasa a ser parcialmente la acusada, se le hace revivir una situaci\u00f3n de violencia, se la cuestiona socialmente y se la echa a los leones medi\u00e1ticos. \u00a1Justicia pura! Me pregunto qu\u00e9 peso espec\u00edfico tendr\u00e1 la conciencia propia del juez sobre la sentencia y no consigo catalogar la catadura moral del abogado que ha planteado algo tan sucio y repugnante como es esa estrategia que no prueba nada en ning\u00fan caso.<\/p>\n<p style=\"text-align: justify;\">\u00a0\u00a0\u00a0\u00a0\u00a0\u00a0\u00a0 Durante los a\u00f1os setenta la mujer alcanz\u00f3 en Espa\u00f1a su libertad sexual, algo que era una realidad en todos los pa\u00edses occidentales y que solo el nacionalcatolicismo hab\u00eda frenado en nuestro pa\u00eds. A partir de ah\u00ed, cada mujer hace de su capa un sayo y, en todo caso, tiene derecho a decir no cuando realmente no le apetezca, ya sea al inicio, o en el momento \u00e1lgido del cortejo. Esto, tan simple, parece ser francamente arduo para las entendederas de los hombres. No significa sencillamente no. Cualquier consideraci\u00f3n que violente esa realidad se cae por su base. Tal vez una mujer empiece las maniobras de ese coqueteo er\u00f3tico, tal vez llegue casi al l\u00edmite, tal vez\u2026 Pero si finalmente decide que no, por el motivo que sea, el var\u00f3n no puede, en ning\u00fan caso, considerar ning\u00fan derecho sexual adquirido. Pasar de ah\u00ed es violentar un derecho de la mujer.<\/p>\n<p style=\"text-align: justify;\">\u00a0\u00a0\u00a0\u00a0\u00a0\u00a0\u00a0\u00a0\u00a0 No cabe duda de que una situaci\u00f3n as\u00ed tiene un enorme sentido de\u00a0frustraci\u00f3n del hombre, en pleno calent\u00f3n, pero es lo que hay. No es no y no puede usarse como eximente penal el que la mujer haya llegado hasta el l\u00edmite del s\u00ed. Esto debiera met\u00e9rselo en la cabeza el abogado que ha estado rastreando la vida \u00edntima de la v\u00edctima, que ya tiene bastante con superar la situaci\u00f3n de humillaci\u00f3n, como para encima tener que justificar su libertad sexual.<\/p>\n<p style=\"text-align: justify;\">\u00a0\u00a0\u00a0\u00a0\u00a0\u00a0\u00a0 \u00bfQu\u00e9 hay en la mente de los cinco descerebrados de La Manada? \u00bfPiensan en lo que han hecho y se arrepienten realmente o solo esperan el truco procesal que los deje libres a cambio de machacar m\u00e1s a\u00fan a la v\u00edctima? \u00bfResulta tan divertido colgar su haza\u00f1a en las redes? \u00bfPor qu\u00e9? \u00bfEs una conducta normal o patol\u00f3gica? Lamentablemente, Espa\u00f1a es un pa\u00eds tan gracioso, tan necesitado de reconocimiento en lo chisposo, que se est\u00e1 dispuesto a cualquier cosa con tal de que te celebren una gracia en las redes o en la taberna. L\u00e1stima que no luchemos con la misma energ\u00eda por la eficacia, la competitividad, la cultura, la excelencia,\u00a0la educaci\u00f3n o los derechos sociales.<\/p>\n<p style=\"text-align: justify;\">\u00a0\u00a0\u00a0\u00a0\u00a0\u00a0\u00a0 Definitivamente, estamos enfermos. La cota de libertad, para m\u00ed incuestionable, alcanzada durante la transici\u00f3n no se corresponde m\u00ednimamente con la cota de responsabilidad necesaria para ejercer esa merecida libertad y nos creemos que nuestros actos, por ser libres, no tienen consecuencias, tal es la p\u00e9rdida de valores a que hemos llegado. Valores, por cierto, que deber\u00edan proceder de la educaci\u00f3n familiar, machaconamente repetidos hasta formar parte de la conciencia del ni\u00f1o. Digo esto porque alguien le echar\u00e1 la culpa (\u00a1una culpa m\u00e1s!) a la escuela, que curiosamente es la \u00fanica instituci\u00f3n que ense\u00f1a esos valores, escasamente refrendados luego en las familias.<\/p>\n<p style=\"text-align: justify;\">\u00a0\u00a0\u00a0\u00a0\u00a0\u00a0\u00a0\u00a0 Por cierto, hubo un \u00e1rea educativa, la Educaci\u00f3n para la Ciudadan\u00eda, que ten\u00eda la misi\u00f3n de reinstaurar en la escuela los valores perdidos. El PP la consider\u00f3 doctrinaria (\u00a1los herederos de la Formaci\u00f3n del Esp\u00edritu Nacional franquista consideran doctrinaria una asignatura porque menciona la cuesti\u00f3n de g\u00e9nero!) y lamin\u00f3 la asignatura tan pronto como lleg\u00f3 al poder y Jos\u00e9 Ignacio Wert ocup\u00f3 la cartera de Educaci\u00f3n. De aquellos polvos, estos lodos. Y suma y sigue\u2026<\/p>\n<p style=\"text-align: justify;\">\u00a0\u00a0\u00a0\u00a0\u00a0\u00a0\u00a0 Me aferro a una escasa esperanza: la de ver a los miembros de la Manada en una c\u00e1rcel durante muchos a\u00f1os y a la v\u00edctima restituida de todo el da\u00f1o que se le ha hecho y se le sigue haciendo\u2026 Lo dem\u00e1s son achaques de un pa\u00eds \u00e9ticamente moribundo.<\/p>\n<p style=\"text-align: justify;\">Alberto Granados<\/p>\n<\/div>\n","protected":false},"excerpt":{"rendered":"<p>\u00a0\u00a0 \u00bfCu\u00e1ntas veces hemos pensado que los americanos est\u00e1n locos cada vez que alguien se&#8230;<\/p>\n","protected":false},"author":1,"featured_media":19616,"comment_status":"closed","ping_status":"closed","sticky":false,"template":"","format":"standard","meta":{"_coblocks_attr":"","_coblocks_dimensions":"","_coblocks_responsive_height":"","_coblocks_accordion_ie_support":"","jetpack_post_was_ever_published":false,"_jetpack_newsletter_access":"","_jetpack_dont_email_post_to_subs":false,"_jetpack_newsletter_tier_id":0,"_jetpack_memberships_contains_paywalled_content":false,"_jetpack_memberships_contains_paid_content":false,"footnotes":"","jetpack_publicize_message":"","jetpack_publicize_feature_enabled":true,"jetpack_social_post_already_shared":false,"jetpack_social_options":{"image_generator_settings":{"template":"highway","default_image_id":0,"enabled":false},"version":2}},"categories":[39,1161,186,44,15],"tags":[725,42,214],"class_list":["post-19615","post","type-post","status-publish","format-standard","has-post-thumbnail","hentry","category-opinion-de-alberto-granados","category-ciudadania","category-instituciones","category-noticias-de-hoy","category-ultimas-noticias","tag-espana","tag-politica","tag-violencia-de-genero"],"jetpack_publicize_connections":[],"jetpack_featured_media_url":"https:\/\/i0.wp.com\/miradordeatarfe.es\/wp-content\/uploads\/2017\/11\/frase-cuidado-con-el-hombre-que-habla-de-poner-las-cosas-en-orden-poner-las-cosas-en-orden-siempre-denis-diderot-136491.jpg?fit=850%2C400&ssl=1","jetpack_likes_enabled":true,"jetpack_sharing_enabled":true,"_links":{"self":[{"href":"https:\/\/miradordeatarfe.es\/index.php?rest_route=\/wp\/v2\/posts\/19615","targetHints":{"allow":["GET"]}}],"collection":[{"href":"https:\/\/miradordeatarfe.es\/index.php?rest_route=\/wp\/v2\/posts"}],"about":[{"href":"https:\/\/miradordeatarfe.es\/index.php?rest_route=\/wp\/v2\/types\/post"}],"author":[{"embeddable":true,"href":"https:\/\/miradordeatarfe.es\/index.php?rest_route=\/wp\/v2\/users\/1"}],"replies":[{"embeddable":true,"href":"https:\/\/miradordeatarfe.es\/index.php?rest_route=%2Fwp%2Fv2%2Fcomments&post=19615"}],"version-history":[{"count":1,"href":"https:\/\/miradordeatarfe.es\/index.php?rest_route=\/wp\/v2\/posts\/19615\/revisions"}],"predecessor-version":[{"id":19617,"href":"https:\/\/miradordeatarfe.es\/index.php?rest_route=\/wp\/v2\/posts\/19615\/revisions\/19617"}],"wp:featuredmedia":[{"embeddable":true,"href":"https:\/\/miradordeatarfe.es\/index.php?rest_route=\/wp\/v2\/media\/19616"}],"wp:attachment":[{"href":"https:\/\/miradordeatarfe.es\/index.php?rest_route=%2Fwp%2Fv2%2Fmedia&parent=19615"}],"wp:term":[{"taxonomy":"category","embeddable":true,"href":"https:\/\/miradordeatarfe.es\/index.php?rest_route=%2Fwp%2Fv2%2Fcategories&post=19615"},{"taxonomy":"post_tag","embeddable":true,"href":"https:\/\/miradordeatarfe.es\/index.php?rest_route=%2Fwp%2Fv2%2Ftags&post=19615"}],"curies":[{"name":"wp","href":"https:\/\/api.w.org\/{rel}","templated":true}]}}