{"id":19686,"date":"2017-11-25T10:44:01","date_gmt":"2017-11-25T09:44:01","guid":{"rendered":"http:\/\/miradordeatarfe.es\/?p=19686"},"modified":"2017-11-24T20:47:33","modified_gmt":"2017-11-24T19:47:33","slug":"la-justicia-la-vida-por-delante-de-antonio-munoz-molina","status":"publish","type":"post","link":"https:\/\/miradordeatarfe.es\/?p=19686","title":{"rendered":"La justicia (La vida por delante) de Antonio Mu\u00f1oz Molina"},"content":{"rendered":"<div dir=\"auto\" style=\"text-align: justify;\">Una vez le pregunt\u00e9 a un polic\u00eda especializado en homicidios por qu\u00e9 raz\u00f3n la mayor parte de las agresiones violentas suelen hacerse contra mujeres y contra ni\u00f1os Se me qued\u00f3 mirando como asombrado de que le preguntara algo de simple sentido com\u00fan, y me dijo:<\/div>\n<div dir=\"auto\" style=\"text-align: justify;\">\u2014Es lo m\u00e1s f\u00e1cil, son los que tienen menos fuerza f\u00edsica.<\/div>\n<p style=\"text-align: justify;\"><!--more--><\/p>\n<div dir=\"auto\" style=\"text-align: justify;\">Ah\u00ed se corta en seco toda la sociolog\u00eda de saldo y todo el romanticismo literario y turbio sobre la violencia: se hace da\u00f1o a quien menos puede defenderse, y nada es m\u00e1s barato ni m\u00e1s bajo que la hombr\u00eda del agresor, porque cualquier signo inmediato de crueldad o amenaza basta para amedrentar a las personas pac\u00edficas, para reducirlas a una par\u00e1lisis hipnotizada de animales al filo del sacrificio.<\/div>\n<div dir=\"auto\" style=\"text-align: justify;\">En Espa\u00f1a, adem\u00e1s, los varones agresores cuentan con una ventaja a\u00f1adida a la de su fuerza f\u00edsica: el amparo que les prestan el sistema legal y la administraci\u00f3n de justicia. Las agresiones de maridos o ex maridos contra mujeres han alcanzado una monoton\u00eda exasperante, pero el mayor esc\u00e1ndalo no son los extremos de crueldad que puede alcanzar ese animal temible, el macho humano dominado por la arrogancia y la ira, sino la comprensi\u00f3n que los poderes policiales y judiciales manifiestan hacia esos agresores met\u00f3dicos que con alguna frecuencia, y de manera perfectamente previsible, se convierten en asesinos.<\/div>\n<div dir=\"auto\"><\/div>\n<div dir=\"auto\" style=\"text-align: justify;\">Hace poco, un tribunal conden\u00f3 a una mujer por haber cambiado la cerradura de su domicilio a fin de que su ex marido no pudiera abrir tranquilamente la puerta para invadir una intimidad que ya no era suya y para amenazarla y golpearla: la ley no mostr\u00f3 ninguna rapidez ni eficacia en la protecci\u00f3n de aquella mujer acosada, pero s\u00ed se volvi\u00f3 muy puntillosa a la hora de defender el derecho del hombre a abrir la puerta de la que todav\u00eda era legalmente su casa.<\/div>\n<div dir=\"auto\"><\/div>\n<div dir=\"auto\" style=\"text-align: justify;\">Es aterrador pensar que la sanidad espa\u00f1ola actuara con las v\u00edctimas de la enfermedad de un modo semejante a como act\u00faa la justicia espa\u00f1ola con las v\u00edctimas del delito. A\u00fan me acuerdo de aquel juez o tribunal que no encontr\u00f3 s\u00edntomas de ensa\u00f1amiento en el individuo que mat\u00f3 a su mujer de setenta pu\u00f1aladas, y de aquel otro que concedi\u00f3 la libertad condicional inmediata a otro marido o ex marido asesino, alegando que su comportamiento no creaba eso que ellos llaman \u00abalarma social\u00bb. Pero mi preferido, por ahora, la eminencia jur\u00eddica que me causa m\u00e1s admiraci\u00f3n, es un fiscal de Barcelona que se llama Ignacio Saiz, y que ha saltado brevemente a la fama (una fama escasa, desde luego, muy inferior a la que \u00e9l se merece) por su compasi\u00f3n casi solidaria hacia un procesado que hab\u00eda dado muerte a su \u00abcompa\u00f1era sentimental\u00bb, seg\u00fan dice el peri\u00f3dico.<\/div>\n<div dir=\"auto\"><\/div>\n<div dir=\"auto\" style=\"text-align: justify;\">El fiscal pidi\u00f3 seis a\u00f1os y un d\u00eda, y al acusado, comprensiblemente, la petici\u00f3n le pareci\u00f3 bien. Uno supone que a los fiscales les corresponde defender legalmente la integridad de la vida humana en la misma medida en que un m\u00e9dico de la sanidad p\u00fablica tiene la tarea de defender la salud. No quiero imaginarme lo que habr\u00eda hecho el fiscal Ignacio Saiz si, en vez de en la Audiencia, hubiera trabajado en un hospital, pero estoy seguro de que todos los agresores de mujeres le profesar\u00e1n una admiraci\u00f3n semejante a la que debe de sentir hacia \u00e9l este procesado para el que pidi\u00f3 una pena tan misericordiosa. No es que el tipo hubiera matado a su mujer o compa\u00f1era en un arrebato de eso que llaman, tan oportunamente, trastorno mental transitorio: la oblig\u00f3 a beber amoniaco, le dispar\u00f3 un tiro en la cabeza, y despu\u00e9s de muerta, le amput\u00f3 las dos manos con una azada, la golpe\u00f3 por todo el cuerpo para desfigurarla y arroj\u00f3 su cad\u00e1ver a un contenedor de vidrio.<\/div>\n<div dir=\"auto\"><\/div>\n<div dir=\"auto\" style=\"text-align: justify;\">Tantas mujeres son golpeadas o asesinadas al cabo del a\u00f1o en el negro c\u00edrculo infernal de la violencia dom\u00e9stica que s\u00f3lo muy de tarde en tarde se concede relevancia a alguna agresi\u00f3n, y siempre se repiten las mismas vaguedades lacrimosas sobre los cambios necesarios de mentalidad y la pervivencia del viejo machismo espa\u00f1ol. Es cierto que las ideas y los h\u00e1bitos cambian muy despacio, pero mientras tanto hay una tarea m\u00e1s perentoria y tangible, la de prevenir el abuso y proteger a las mujeres agredidas de sus agresores, y castigar con todo el peso y la ejemplaridad de la ley a quienes abusan del tosco privilegio masculino de la fuerza f\u00edsica para acosar, para golpear, para matar. Por ahora, tal como est\u00e1n las cosas, habr\u00e1 mujeres a las que las togas negras de jueces y fiscales les den casi tanto miedo como las cataduras violentas de sus ex maridos.<\/div>\n","protected":false},"excerpt":{"rendered":"<p>Una vez le pregunt\u00e9 a un polic\u00eda especializado en homicidios por qu\u00e9 raz\u00f3n la mayor&#8230;<\/p>\n","protected":false},"author":1,"featured_media":0,"comment_status":"closed","ping_status":"closed","sticky":false,"template":"","format":"standard","meta":{"_coblocks_attr":"","_coblocks_dimensions":"","_coblocks_responsive_height":"","_coblocks_accordion_ie_support":"","jetpack_post_was_ever_published":false,"_jetpack_newsletter_access":"","_jetpack_dont_email_post_to_subs":false,"_jetpack_newsletter_tier_id":0,"_jetpack_memberships_contains_paywalled_content":false,"_jetpack_memberships_contains_paid_content":false,"footnotes":"","jetpack_publicize_message":"","jetpack_publicize_feature_enabled":true,"jetpack_social_post_already_shared":false,"jetpack_social_options":{"image_generator_settings":{"template":"highway","default_image_id":0,"enabled":false},"version":2}},"categories":[1161,14,44,15],"tags":[1012,4381,292,19],"class_list":["post-19686","post","type-post","status-publish","format-standard","hentry","category-ciudadania","category-feminismo","category-noticias-de-hoy","category-ultimas-noticias","tag-derechos","tag-fiscalia","tag-justicia","tag-mujeres"],"jetpack_publicize_connections":[],"jetpack_featured_media_url":"","jetpack_likes_enabled":true,"jetpack_sharing_enabled":true,"_links":{"self":[{"href":"https:\/\/miradordeatarfe.es\/index.php?rest_route=\/wp\/v2\/posts\/19686","targetHints":{"allow":["GET"]}}],"collection":[{"href":"https:\/\/miradordeatarfe.es\/index.php?rest_route=\/wp\/v2\/posts"}],"about":[{"href":"https:\/\/miradordeatarfe.es\/index.php?rest_route=\/wp\/v2\/types\/post"}],"author":[{"embeddable":true,"href":"https:\/\/miradordeatarfe.es\/index.php?rest_route=\/wp\/v2\/users\/1"}],"replies":[{"embeddable":true,"href":"https:\/\/miradordeatarfe.es\/index.php?rest_route=%2Fwp%2Fv2%2Fcomments&post=19686"}],"version-history":[{"count":1,"href":"https:\/\/miradordeatarfe.es\/index.php?rest_route=\/wp\/v2\/posts\/19686\/revisions"}],"predecessor-version":[{"id":19688,"href":"https:\/\/miradordeatarfe.es\/index.php?rest_route=\/wp\/v2\/posts\/19686\/revisions\/19688"}],"wp:attachment":[{"href":"https:\/\/miradordeatarfe.es\/index.php?rest_route=%2Fwp%2Fv2%2Fmedia&parent=19686"}],"wp:term":[{"taxonomy":"category","embeddable":true,"href":"https:\/\/miradordeatarfe.es\/index.php?rest_route=%2Fwp%2Fv2%2Fcategories&post=19686"},{"taxonomy":"post_tag","embeddable":true,"href":"https:\/\/miradordeatarfe.es\/index.php?rest_route=%2Fwp%2Fv2%2Ftags&post=19686"}],"curies":[{"name":"wp","href":"https:\/\/api.w.org\/{rel}","templated":true}]}}