{"id":19716,"date":"2017-11-29T11:33:45","date_gmt":"2017-11-29T10:33:45","guid":{"rendered":"http:\/\/miradordeatarfe.es\/?p=19716"},"modified":"2022-02-12T12:47:46","modified_gmt":"2022-02-12T11:47:46","slug":"atarfe-nuestros-atletas-tienen-una-mas-que-aceptable-constitucion","status":"publish","type":"post","link":"https:\/\/miradordeatarfe.es\/?p=19716","title":{"rendered":"ATARFE: NUESTROS ATLETAS TIENEN UNA M\u00c1S QUE ACEPTABLE CONSTITUCI\u00d3N."},"content":{"rendered":"<p style=\"text-align: justify;\"><span style=\"font-family: Comic Sans MS, serif;\">No se piensen que estamos exhibiendo el palmito de nuestros atletas pues el titular alude a las grandes prestaciones que han tenido nuestros atletas en el Cross Internacional de la Constituci\u00f3n celebrada en la ciudad madrile\u00f1a de Alcobendas este domingo d\u00eda 26 de noviembre.<\/span><!--more--><\/p>\n<p style=\"text-align: justify;\"><span style=\"font-family: Comic Sans MS, serif;\">Dos representantes se han desplazado hasta la capital para conmemorar, con cierta antelaci\u00f3n, el cumplea\u00f1os de nuestra ley fundamental, siendo \u00e9sta la XXXVI edici\u00f3n de este evento.<\/span><\/p>\n<p style=\"text-align: justify;\"><span style=\"font-family: Comic Sans MS, serif;\">Una ma\u00f1ana soleada aunque fresca y un circuito espectacular por su belleza y exigente trazado con abundantes giros, cuestas superempinadas aunque cortas, peraltes y hierba alta planteado sobre el parque de Andaluc\u00eda fue el marco ideal para testar el estado de forma de <strong>Jes\u00fas Zamora y Manuel Jim\u00e9nez.<\/strong><\/span><\/p>\n<p style=\"text-align: justify;\"><span style=\"font-family: Comic Sans MS, serif;\">Abri\u00f3 la matinal Jes\u00fas Zamora T\u00f3rtosa en Sub 16 que consigue una destacada <strong>4 posici\u00f3n<\/strong> a escasos segundos del podio antecedido por el actual campe\u00f3n de Espa\u00f1a de la especialidad Forsedo Tabernero, un atleta murciano y otro de El Escorial. Visto su debut creemos y apostamos a que Jes\u00fas conseguir\u00e1 esta temporada representar a Andaluc\u00eda en el campeonato nacional.<\/span><\/p>\n<p style=\"text-align: justify;\"><span style=\"font-family: Comic Sans MS, serif;\">En Sub 18 nueva alegr\u00eda la que nos brind\u00f3 <strong>Manuel Jim\u00e9nez Lopez<\/strong> alz\u00e1ndose con una merecida <strong>segunda plaza<\/strong> del caj\u00f3n cediendo solo ante un plet\u00f3rico soriano, Sergio Mart\u00ednez, que ven\u00eda de hacer segundo en Atapuerca y Soria. Manu sali\u00f3 a cola del grupo cabecero y se mantuvo ah\u00ed viendo como iban cayendo uno tras otro sus integrantes hasta que fue \u00e9l quien cay\u00f3 afortunadamente siendo el \u00faltimo en ceder, manteniendo sin mayores problemas su privilegiada segunda posici\u00f3n. <\/span><\/p>\n<p style=\"text-align: justify;\"><span style=\"font-family: Comic Sans MS, serif;\">Sin duda que contamos en el <strong>Club y Escuela Atletismo<\/strong> con atletas que nos dan alegr\u00edas all\u00ed donde compiten lo que confirma que se est\u00e1n haciendo bien las cosas con la vista puesta en el largo plazo pues son ya diez los a\u00f1os los que contemplan la evoluci\u00f3n del club.<\/span><\/p>\n<p style=\"text-align: justify;\"><span style=\"font-family: Comic Sans MS, serif;\">Y como el espect\u00e1culo no para la pr\u00f3xima semana nos iremos hasta Lecrin a disputar la segunda etapa del circuito provincial de campo a trav\u00e9s del que daremos cuenta a trav\u00e9s de estas p\u00e1ginas.<b> <\/b><\/span><\/p>\n<p><a href=\"https:\/\/i0.wp.com\/miradordeatarfe.es\/wp-content\/uploads\/2017\/11\/DSC_2606_resized.jpg?ssl=1\"><img data-recalc-dims=\"1\" loading=\"lazy\" decoding=\"async\" class=\"alignnone size-full wp-image-19718\" src=\"https:\/\/i0.wp.com\/miradordeatarfe.es\/wp-content\/uploads\/2017\/11\/DSC_2606_resized.jpg?resize=640%2C1138&#038;ssl=1\" alt=\"\" width=\"640\" height=\"1138\" srcset=\"https:\/\/i0.wp.com\/miradordeatarfe.es\/wp-content\/uploads\/2017\/11\/DSC_2606_resized.jpg?w=1125&amp;ssl=1 1125w, https:\/\/i0.wp.com\/miradordeatarfe.es\/wp-content\/uploads\/2017\/11\/DSC_2606_resized.jpg?resize=169%2C300&amp;ssl=1 169w, https:\/\/i0.wp.com\/miradordeatarfe.es\/wp-content\/uploads\/2017\/11\/DSC_2606_resized.jpg?resize=768%2C1365&amp;ssl=1 768w, https:\/\/i0.wp.com\/miradordeatarfe.es\/wp-content\/uploads\/2017\/11\/DSC_2606_resized.jpg?resize=576%2C1024&amp;ssl=1 576w, https:\/\/i0.wp.com\/miradordeatarfe.es\/wp-content\/uploads\/2017\/11\/DSC_2606_resized.jpg?resize=600%2C1067&amp;ssl=1 600w\" sizes=\"auto, (max-width: 640px) 100vw, 640px\" \/><\/a><\/p>\n<p>&nbsp;<\/p>\n<p><a href=\"https:\/\/i0.wp.com\/miradordeatarfe.es\/wp-content\/uploads\/2017\/11\/IMG-20171126-WA0007_resized.jpg?ssl=1\"><img data-recalc-dims=\"1\" loading=\"lazy\" decoding=\"async\" class=\"alignnone size-full wp-image-19719\" src=\"https:\/\/i0.wp.com\/miradordeatarfe.es\/wp-content\/uploads\/2017\/11\/IMG-20171126-WA0007_resized.jpg?resize=600%2C800&#038;ssl=1\" alt=\"\" width=\"600\" height=\"800\" srcset=\"https:\/\/i0.wp.com\/miradordeatarfe.es\/wp-content\/uploads\/2017\/11\/IMG-20171126-WA0007_resized.jpg?w=600&amp;ssl=1 600w, https:\/\/i0.wp.com\/miradordeatarfe.es\/wp-content\/uploads\/2017\/11\/IMG-20171126-WA0007_resized.jpg?resize=225%2C300&amp;ssl=1 225w\" sizes=\"auto, (max-width: 600px) 100vw, 600px\" \/><\/a><\/p>\n","protected":false},"excerpt":{"rendered":"<p>No se piensen que estamos exhibiendo el palmito de nuestros atletas pues el titular alude&#8230;<\/p>\n","protected":false},"author":1,"featured_media":19717,"comment_status":"closed","ping_status":"closed","sticky":false,"template":"","format":"standard","meta":{"_coblocks_attr":"","_coblocks_dimensions":"","_coblocks_responsive_height":"","_coblocks_accordion_ie_support":"","jetpack_post_was_ever_published":false,"_jetpack_newsletter_access":"","_jetpack_dont_email_post_to_subs":false,"_jetpack_newsletter_tier_id":0,"_jetpack_memberships_contains_paywalled_content":false,"_jetpack_memberships_contains_paid_content":false,"footnotes":"","jetpack_publicize_message":"","jetpack_publicize_feature_enabled":true,"jetpack_social_post_already_shared":false,"jetpack_social_options":{"image_generator_settings":{"template":"highway","default_image_id":0,"enabled":false},"version":2}},"categories":[2,182,186,6915,44,15],"tags":[81,85,123],"class_list":["post-19716","post","type-post","status-publish","format-standard","has-post-thumbnail","hentry","category-atarfe","category-deportes","category-instituciones","category-opinion-de-manuel-jimenez","category-noticias-de-hoy","category-ultimas-noticias","tag-atarfe","tag-atletismo","tag-deportes"],"jetpack_publicize_connections":[],"jetpack_featured_media_url":"https:\/\/i0.wp.com\/miradordeatarfe.es\/wp-content\/uploads\/2017\/11\/DSC_2611_resized.jpg?fit=1125%2C2000&ssl=1","jetpack_likes_enabled":true,"jetpack_sharing_enabled":true,"_links":{"self":[{"href":"https:\/\/miradordeatarfe.es\/index.php?rest_route=\/wp\/v2\/posts\/19716","targetHints":{"allow":["GET"]}}],"collection":[{"href":"https:\/\/miradordeatarfe.es\/index.php?rest_route=\/wp\/v2\/posts"}],"about":[{"href":"https:\/\/miradordeatarfe.es\/index.php?rest_route=\/wp\/v2\/types\/post"}],"author":[{"embeddable":true,"href":"https:\/\/miradordeatarfe.es\/index.php?rest_route=\/wp\/v2\/users\/1"}],"replies":[{"embeddable":true,"href":"https:\/\/miradordeatarfe.es\/index.php?rest_route=%2Fwp%2Fv2%2Fcomments&post=19716"}],"version-history":[{"count":1,"href":"https:\/\/miradordeatarfe.es\/index.php?rest_route=\/wp\/v2\/posts\/19716\/revisions"}],"predecessor-version":[{"id":19720,"href":"https:\/\/miradordeatarfe.es\/index.php?rest_route=\/wp\/v2\/posts\/19716\/revisions\/19720"}],"wp:featuredmedia":[{"embeddable":true,"href":"https:\/\/miradordeatarfe.es\/index.php?rest_route=\/wp\/v2\/media\/19717"}],"wp:attachment":[{"href":"https:\/\/miradordeatarfe.es\/index.php?rest_route=%2Fwp%2Fv2%2Fmedia&parent=19716"}],"wp:term":[{"taxonomy":"category","embeddable":true,"href":"https:\/\/miradordeatarfe.es\/index.php?rest_route=%2Fwp%2Fv2%2Fcategories&post=19716"},{"taxonomy":"post_tag","embeddable":true,"href":"https:\/\/miradordeatarfe.es\/index.php?rest_route=%2Fwp%2Fv2%2Ftags&post=19716"}],"curies":[{"name":"wp","href":"https:\/\/api.w.org\/{rel}","templated":true}]}}