{"id":19721,"date":"2017-11-27T10:53:17","date_gmt":"2017-11-27T09:53:17","guid":{"rendered":"http:\/\/miradordeatarfe.es\/?p=19721"},"modified":"2017-11-27T10:53:48","modified_gmt":"2017-11-27T09:53:48","slug":"granada-rompe-el-silencio-contra-las-violencias-machistas","status":"publish","type":"post","link":"https:\/\/miradordeatarfe.es\/?p=19721","title":{"rendered":"Granada rompe el silencio contra las violencias machistas"},"content":{"rendered":"<div class=\"content\">\n<div id=\"main\">\n<div class=\"item\">\n<div class=\"anteti\" style=\"text-align: justify;\">Todos los d\u00edas son 25N: &#8216;\u00a1Nos est\u00e1n matando. Y nos queremos vivas! El machismo mata; el silencio, tambi\u00e9n&#8217;. La m\u00e1s numerosa manifestaci\u00f3n feminista de los \u00faltimos a\u00f1os tom\u00f3 el centro de Granada para lanzar un mensaje de total rechazo a las violencias machistas.<\/div>\n<\/div>\n<\/div>\n<\/div>\n<p style=\"text-align: justify;\"><!--more--><\/p>\n<div class=\"cuerpo\">\n<p style=\"text-align: justify;\">Una impresionante manifestaci\u00f3n formada por m\u00e1s de 29.000 personas, seg\u00fan c\u00e1lculos de la Polic\u00eda Local, recorri\u00f3 este s\u00e1bado, 25 de noviembre, el centro de Granada para romper el silencio contra todas las violencias machistas.<\/p>\n<div class=\"media media-element-container media-default\" style=\"text-align: justify;\">\n<div id=\"file-22765\" class=\"file file-image file-image-jpeg\">\n<h2 class=\"element-invisible\"><img data-recalc-dims=\"1\" loading=\"lazy\" decoding=\"async\" class=\"media-element file-default\" title=\"\" src=\"https:\/\/i0.wp.com\/www.elindependientedegranada.es\/sites\/default\/files\/granvia.jpg?resize=600%2C450\" alt=\"\" width=\"600\" height=\"450\" data-delta=\"2\" \/><\/h2>\n<\/div>\n<\/div>\n<p class=\"pie\" style=\"text-align: justify;\">La manifestaci\u00f3n ha llenado Gran V\u00eda.\u00a0<span class=\"firma\">indegranada<\/span><\/p>\n<p style=\"text-align: justify;\">Convocadas por la Plataforma 25N y la Asamblea Feminista Unitaria, Juana Rivas, la madre de Maracena que lucha por recuperar a sus hijos del padre condenado por maltratarla, residente en Italia, particip\u00f3 de la movilizaci\u00f3n desde la primera fila. De hecho, el cartel y los mensajes que se escucharon durante la manifestaci\u00f3n reclamaron &#8216;Justicia para Juana&#8217; y para todas las &#8216;Juanas&#8217; v\u00edctimas de las violencias machistas.<\/p>\n<p style=\"text-align: justify;\">Porque el machismo, y el silencio tambi\u00e9n, est\u00e1 asesinando a las mujeres. Y todas ellas, y sus hijos e hijas, v\u00edctimas tambi\u00e9n del terrorismo machista, se han escuchado este s\u00e1bado en Granada. Tras una estruendosa pitada, a las puertas del Tribunal Superior de Justicia de Andaluc\u00eda, se las ha ido nombrando, una a una, entre aplausos y coreando tras cada uno de sus nombres: \u00ab\u00a1Presente!\u00bb.<\/p>\n<div class=\"divdest\" style=\"text-align: justify;\">\n<p>Ana, Rosa, Erika, Beatriz, josefa, Pilar, Amelia, Sandra, Teresa, Dona, Isabel, Susana, Rosa, Matilde, Mali, Jenny, Irina, M\u00aaCrmen, Paula, Pepa, Aramis, Raquel, Catalina, Dunia, Mar\u00eda, Amparo, Felicidad, Sara, Mar\u00eda Isabel, Noelia, Joanna, Jessica, Cristina, M\u00aaPaz, Mar\u00eda Jos\u00e9, Amparo, Rosario, Sof\u00eda, Lilibet, Laura, Gloria, Antonia, Naiara, Mar\u00eda Pilar, Katarina, Cintia, Luc\u00eda, Sarita, Virgina, Carmen, Margaret, Eliana, Dolores, \u00c1ngeles&#8230;.<\/p>\n<div class=\"media media-element-container media-default\">\n<div id=\"file-22764\" class=\"file file-image file-image-jpeg\">\n<h2 class=\"element-invisible\"><img data-recalc-dims=\"1\" loading=\"lazy\" decoding=\"async\" class=\"media-element file-default\" title=\"\" src=\"https:\/\/i0.wp.com\/www.elindependientedegranada.es\/sites\/default\/files\/llegada_a_plaza_nueva.jpg?resize=600%2C450\" alt=\"\" width=\"600\" height=\"450\" data-delta=\"1\" \/><\/h2>\n<p>All\u00ed, en Plaza Nueva, tras escuchar sus nombres, algunos de ellos de ni\u00f1os y ni\u00f1as de apenas un a\u00f1o, v\u00edctimas tambi\u00e9n de la violencia machista, y recordar a Ana Orantes, la mujer quemada viva hace 20 a\u00f1os por su marido en C\u00fallar Vega, se ha le\u00eddo el manifiesto que la Plataforma 25 de Noviembre de Granada y la Asamblea Feminista Unitaria han lanzado con motivo de este D\u00eda Internacional contra la Violencia hacia las Mujeres.<\/p>\n<\/div>\n<\/div>\n<\/div>\n<p style=\"text-align: justify;\">Un manifiesto que denuncia la violencia institucional y el car\u00e1cter \u00abpatriarcal\u00bb del sistema judicial, que \u00abha quedado en evidencia de forma flagrante con el caso de Juana Rivas\u00bb. Que denuncia tambi\u00e9n que el sistema \u00abno cede en su empe\u00f1o de implantar la custodia compartida impuesta\u00bb. Y recuerda que el Pacto de Estado contra la Violencia de G\u00e9nero no es suficiente y necesita mas recursos. Unos recursos que se han recortado, tambi\u00e9n para las pol\u00edticas de igualdad y la lucha contra la violencia machista, durante los a\u00f1os de crisis. Tambi\u00e9n la desprotecci\u00f3n de las mujeres y sus hijos e hijas.<\/p>\n<p class=\"sumari\" style=\"text-align: justify;\">&#8216;\u00a1Contra las violencias machistas, lucha feminista!&#8217;<\/p>\n<p style=\"text-align: justify;\">Recordando que los feminicidios son solo la punta del iceberg y que para acabar con el machismo estructural es necesaria una ciudadan\u00eda activa y concienciada, el movimiento feminista de Granada ha salido a la calle \u00abpara gritar alto y claro -como han recordado- que aunque el capitalismo y el patriarcado nos quieran sumisas y calladas, nos tendr\u00e1n fuertes, unidas y organizadas\u00bb. \u00ab\u00a1Contra las violencias machistas, lucha feminista!\u00bb, ha concluido el manifiesto, le\u00eddo por destacadas representantes de la lucha feminista de Granada.<\/p>\n<p style=\"text-align: justify;\">Todo ello despu\u00e9s de recorrer el centro de la ciudad, desde los Jardines del Triunfo, coreando, entre otros lemas: \u00abNos est\u00e1n matando, disculpen las molestias\u00bb, o \u00abMujer no te calles, ni en la casa ni en la calle\u00bb. Y muy presente en la movilizaci\u00f3n el caso de la joven violada por &#8216;La Manada&#8217;, cuyo juicio se celebra en Pamplona: \u00abGritamos en Pamplona, gritamos en Granada, que metan en la c\u00e1rcel a toda la manada\u00bb.<\/p>\n<div class=\"media media-element-container media-default\" style=\"text-align: justify;\">\n<div id=\"file-22781\" class=\"file file-image file-image-jpeg\">\n<h2 class=\"element-invisible\"><img data-recalc-dims=\"1\" loading=\"lazy\" decoding=\"async\" class=\"media-element file-default\" title=\"\" src=\"https:\/\/i0.wp.com\/www.elindependientedegranada.es\/sites\/default\/files\/cabecera_1.jpg?resize=600%2C337\" alt=\"\" width=\"600\" height=\"337\" data-delta=\"7\" \/><\/h2>\n<p>Cabecera de la manifestaci\u00f3n.\u00a0<span class=\"firma\">indegranada<\/span><\/p>\n<\/div>\n<\/div>\n<p style=\"text-align: justify;\">En la manifestaci\u00f3n, colectivos con una amplia trayectoria en la lucha feminista, como la Asociaci\u00f3n de Mujeres del Zaid\u00edn, o La Volaera, junto a otras muchas asociaciones de la provincia, como la Asociaci\u00f3n de Personas Sordas Asogra. Junto a ellas, representantes de todos los partidos pol\u00edticos, algunos con pancartas como han venido haciendo tradicionalmente, como PSOE, con su secretario general, Jos\u00e9 Entrena a la cabeza; Izquierda Unida, con su coordinadora provincial, Mar\u00eda del Carmen P\u00e9rez; PCA; o Podemos, con una amplia representaci\u00f3n; otros partidos, entre los manifestantes, como el PP, con el parlamentario auton\u00f3mico Juan Ram\u00f3n Ferreira y concejales populares del Ayuntamiento de Granada, o Ciudadanos, con su concejala Lorena Rodr\u00edguez. Y sindicatos, ampliamente representados.<\/p>\n<div class=\"divdest\" style=\"text-align: justify;\">\n<div class=\"media media-element-container media-default\">\n<div id=\"file-22766\" class=\"file file-image file-image-jpeg\">\n<h2 class=\"element-invisible\"><\/h2>\n<div class=\"content\"><img data-recalc-dims=\"1\" loading=\"lazy\" decoding=\"async\" class=\"media-element file-default\" title=\"\" src=\"https:\/\/i0.wp.com\/www.elindependientedegranada.es\/sites\/default\/files\/asogra_0.jpg?resize=600%2C337\" alt=\"\" width=\"600\" height=\"337\" data-delta=\"3\" \/><\/div>\n<\/div>\n<\/div>\n<p><img data-recalc-dims=\"1\" loading=\"lazy\" decoding=\"async\" class=\"media-element file-default\" title=\"\" src=\"https:\/\/i0.wp.com\/www.elindependientedegranada.es\/sites\/default\/files\/psoe25n.jpg?resize=600%2C337\" alt=\"\" width=\"600\" height=\"337\" data-delta=\"4\" \/><\/p>\n<div class=\"media media-element-container media-default\"><\/div>\n<div class=\"media media-element-container media-default\">\n<div id=\"file-22768\" class=\"file file-image file-image-jpeg\">\n<div class=\"content\"><img data-recalc-dims=\"1\" loading=\"lazy\" decoding=\"async\" class=\"media-element file-default\" title=\"\" src=\"https:\/\/i0.wp.com\/www.elindependientedegranada.es\/sites\/default\/files\/iu25n.jpg?resize=600%2C450\" alt=\"\" width=\"600\" height=\"450\" data-delta=\"5\" \/><\/div>\n<\/div>\n<\/div>\n<p><img data-recalc-dims=\"1\" loading=\"lazy\" decoding=\"async\" class=\"media-element file-default\" title=\"\" src=\"https:\/\/i0.wp.com\/www.elindependientedegranada.es\/sites\/default\/files\/ferreira_pp_concejalas.jpg?resize=600%2C337\" alt=\"\" width=\"600\" height=\"337\" data-delta=\"6\" \/><\/p>\n<div class=\"media media-element-container media-default\"><\/div>\n<\/div>\n<p style=\"text-align: justify;\">Tambi\u00e9n representantes de instituciones, como el Ayuntamiento de Granada, la Diputaci\u00f3n y la Junta de Andaluc\u00eda, esta \u00faltima con la consejera de Igualdad y Pol\u00edticas Sociales, Mar\u00eda Jos\u00e9 S\u00e1nchez Rubio al frente de la manifestaci\u00f3n. Tambi\u00e9n de otros municipios de la provincia, como Dehesas Viejas.<\/p>\n<p><a href=\"http:\/\/www.elindependientedegranada.es\/ciudadania\/granada-rompe-silencio-violencias-machistas\">http:\/\/www.elindependientedegranada.es\/ciudadania\/granada-rompe-silencio-violencias-machistas<\/a><\/p>\n<\/div>\n","protected":false},"excerpt":{"rendered":"<p>Todos los d\u00edas son 25N: &#8216;\u00a1Nos est\u00e1n matando. Y nos queremos vivas! El machismo mata;&#8230;<\/p>\n","protected":false},"author":1,"featured_media":19722,"comment_status":"closed","ping_status":"closed","sticky":false,"template":"","format":"standard","meta":{"_coblocks_attr":"","_coblocks_dimensions":"","_coblocks_responsive_height":"","_coblocks_accordion_ie_support":"","jetpack_post_was_ever_published":false,"_jetpack_newsletter_access":"","_jetpack_dont_email_post_to_subs":false,"_jetpack_newsletter_tier_id":0,"_jetpack_memberships_contains_paywalled_content":false,"_jetpack_memberships_contains_paid_content":false,"footnotes":"","jetpack_publicize_message":"","jetpack_publicize_feature_enabled":true,"jetpack_social_post_already_shared":false,"jetpack_social_options":{"image_generator_settings":{"template":"highway","default_image_id":0,"enabled":false},"version":2}},"categories":[1161,14,44,15],"tags":[1695,129,214],"class_list":["post-19721","post","type-post","status-publish","format-standard","has-post-thumbnail","hentry","category-ciudadania","category-feminismo","category-noticias-de-hoy","category-ultimas-noticias","tag-25n","tag-granada","tag-violencia-de-genero"],"jetpack_publicize_connections":[],"jetpack_featured_media_url":"https:\/\/i0.wp.com\/miradordeatarfe.es\/wp-content\/uploads\/2017\/11\/portada.jpeg?fit=750%2C422&ssl=1","jetpack_likes_enabled":true,"jetpack_sharing_enabled":true,"_links":{"self":[{"href":"https:\/\/miradordeatarfe.es\/index.php?rest_route=\/wp\/v2\/posts\/19721","targetHints":{"allow":["GET"]}}],"collection":[{"href":"https:\/\/miradordeatarfe.es\/index.php?rest_route=\/wp\/v2\/posts"}],"about":[{"href":"https:\/\/miradordeatarfe.es\/index.php?rest_route=\/wp\/v2\/types\/post"}],"author":[{"embeddable":true,"href":"https:\/\/miradordeatarfe.es\/index.php?rest_route=\/wp\/v2\/users\/1"}],"replies":[{"embeddable":true,"href":"https:\/\/miradordeatarfe.es\/index.php?rest_route=%2Fwp%2Fv2%2Fcomments&post=19721"}],"version-history":[{"count":2,"href":"https:\/\/miradordeatarfe.es\/index.php?rest_route=\/wp\/v2\/posts\/19721\/revisions"}],"predecessor-version":[{"id":19724,"href":"https:\/\/miradordeatarfe.es\/index.php?rest_route=\/wp\/v2\/posts\/19721\/revisions\/19724"}],"wp:featuredmedia":[{"embeddable":true,"href":"https:\/\/miradordeatarfe.es\/index.php?rest_route=\/wp\/v2\/media\/19722"}],"wp:attachment":[{"href":"https:\/\/miradordeatarfe.es\/index.php?rest_route=%2Fwp%2Fv2%2Fmedia&parent=19721"}],"wp:term":[{"taxonomy":"category","embeddable":true,"href":"https:\/\/miradordeatarfe.es\/index.php?rest_route=%2Fwp%2Fv2%2Fcategories&post=19721"},{"taxonomy":"post_tag","embeddable":true,"href":"https:\/\/miradordeatarfe.es\/index.php?rest_route=%2Fwp%2Fv2%2Ftags&post=19721"}],"curies":[{"name":"wp","href":"https:\/\/api.w.org\/{rel}","templated":true}]}}