{"id":19743,"date":"2017-11-30T12:00:45","date_gmt":"2017-11-30T11:00:45","guid":{"rendered":"http:\/\/miradordeatarfe.es\/?p=19743"},"modified":"2017-11-30T13:04:21","modified_gmt":"2017-11-30T12:04:21","slug":"atarfe-v-encuentro-del-stock-de-atarfe-una-cita-para-apoyar-el-comercio-local","status":"publish","type":"post","link":"https:\/\/miradordeatarfe.es\/?p=19743","title":{"rendered":"ATARFE: V Encuentro del Stock de Atarfe, una cita para apoyar el comercio local"},"content":{"rendered":"<p style=\"text-align: justify;\">Un grupo de comerciantes de Atarfe instalar\u00e1 este fin de semana<strong>, 2 y 3 de diciembre<\/strong>, sus expositores en el Centro Cultural Medina Elvira para acercar sus productos a los ciudadanos y potenciar el sector.<\/p>\n<p style=\"text-align: justify;\"><!--more--><\/p>\n<p style=\"text-align: justify;\">Un total de 27 comerciantes participan este fin de semana en un encuentro en el Centro Cultural Medina Elvira para potenciar el sector. Como incentivo se sortear\u00e1 entre el p\u00fablico que acuda un cheque de 150 euros cada d\u00eda.<\/p>\n<p style=\"text-align: justify;\">El V Encuentro del Stock, que organiza el propio sector en colaboraci\u00f3n con el Ayuntamiento de Atarfe, re\u00fane a un total de 27 comerciantes del municipio en un evento que persigue tambi\u00e9n fomentar la cooperaci\u00f3n empresarial. En el centro cultural se reunir\u00e1n comerciantes del sector de la moda, infantil, calzado, deporte, regalos, florister\u00eda, alimentaci\u00f3n y complementos, entre otros.<\/p>\n<p style=\"text-align: justify;\">Durante los dos d\u00edas permanecer\u00e1n instalados en el recinto cultural stands donde los comerciantes tendr\u00e1n oportunidad de mostrar sus productos a los ciudadanos. Habr\u00e1 tambi\u00e9n un servicio de ludoteca con actividades dirigidas a los ni\u00f1os como el cuentacuentos del s\u00e1bado que protagoniza el Rat\u00f3n de Biblioteca, o los distintos talleres, juegos y\u00a0otras manualidades que se han programado para el domingo.<\/p>\n<p style=\"text-align: justify;\">La iniciativa surgi\u00f3 con la idea de construir un espacio para alcanzar acuerdos de colaboraci\u00f3n y potenciar el comercio con propuestas de ocio relacionadas con el sector.<\/p>\n<p style=\"text-align: justify;\">La concejal de Comercio y Empleo del Ayuntamiento de Atarfe, Fabiola Garc\u00eda Montijano, ha hecho un llamamiento a los vecinos para que acudan a apoyar el comercio de Atarfe.<\/p>\n<p style=\"text-align: justify;\">Como incentivo se sortear\u00e1 entre el p\u00fablico\u00a0asistente un cheque de 150 euros cada d\u00eda para realizar compras en dichos comercios.<\/p>\n<p style=\"text-align: justify;\">El horario de apertura de los stand que se dan cita este fin de semana en el Centro Cultural Medina Elvira es de 12:00 horas a 22:00 horas el s\u00e1bado y de 11:00 a 20:30 horas el domingo. El acceso es libre.<\/p>\n<p style=\"text-align: justify;\">Consulta la programaci\u00f3n de las actividades para ni\u00f1os en el docomento adjunto en PDF.<\/p>\n<div class=\"post-block post-author clearfix\">\n<h3 class=\"heading-primary\" style=\"text-align: justify;\"><i class=\"fa fa-download\"><\/i>Ficheros Adjuntos<\/h3>\n<div class=\"clearfix\">\n<div class=\"img-thumbnail-ficherosadjuntos\" style=\"text-align: justify;\"><img data-recalc-dims=\"1\" decoding=\"async\" src=\"https:\/\/i0.wp.com\/www.atarfe.es\/img\/pdf2.jpg?w=640\" alt=\"\" \/><\/div>\n<p style=\"text-align: justify;\"><strong class=\"name\"><a href=\"http:\/\/www.atarfe.es\/data\/CoreFiles\/v-encuentro-del-stock-pdf.pdf\" target=\"_blank\" rel=\"noopener\">Programaci\u00f3n del V Encuentro del Stock de Atarfe<\/a><\/strong><\/p>\n<p><a href=\"https:\/\/i0.wp.com\/miradordeatarfe.es\/wp-content\/uploads\/2017\/11\/comerciantes-web.jpg?ssl=1\"><img data-recalc-dims=\"1\" loading=\"lazy\" decoding=\"async\" class=\"size-full wp-image-19745 aligncenter\" src=\"https:\/\/i0.wp.com\/miradordeatarfe.es\/wp-content\/uploads\/2017\/11\/comerciantes-web.jpg?resize=459%2C650&#038;ssl=1\" alt=\"\" width=\"459\" height=\"650\" srcset=\"https:\/\/i0.wp.com\/miradordeatarfe.es\/wp-content\/uploads\/2017\/11\/comerciantes-web.jpg?w=459&amp;ssl=1 459w, https:\/\/i0.wp.com\/miradordeatarfe.es\/wp-content\/uploads\/2017\/11\/comerciantes-web.jpg?resize=212%2C300&amp;ssl=1 212w\" sizes=\"auto, (max-width: 459px) 100vw, 459px\" \/><\/a><\/p>\n<\/div>\n<\/div>\n<hr class=\"invisible\" \/>\n<div class=\"post-block post-share\">\n<h3 class=\"heading-primary\"><i class=\"fa fa-share\"><\/i>Compa<\/h3>\n<\/div>\n","protected":false},"excerpt":{"rendered":"<p>Un grupo de comerciantes de Atarfe instalar\u00e1 este fin de semana, 2 y 3 de&#8230;<\/p>\n","protected":false},"author":1,"featured_media":19746,"comment_status":"closed","ping_status":"closed","sticky":false,"template":"","format":"standard","meta":{"_coblocks_attr":"","_coblocks_dimensions":"","_coblocks_responsive_height":"","_coblocks_accordion_ie_support":"","jetpack_post_was_ever_published":false,"_jetpack_newsletter_access":"","_jetpack_dont_email_post_to_subs":false,"_jetpack_newsletter_tier_id":0,"_jetpack_memberships_contains_paywalled_content":false,"_jetpack_memberships_contains_paid_content":false,"footnotes":"","jetpack_publicize_message":"","jetpack_publicize_feature_enabled":true,"jetpack_social_post_already_shared":false,"jetpack_social_options":{"image_generator_settings":{"template":"highway","default_image_id":0,"enabled":false},"version":2}},"categories":[2,9,44,15],"tags":[3138,1715,248,2301],"class_list":["post-19743","post","type-post","status-publish","format-standard","has-post-thumbnail","hentry","category-atarfe","category-medio-ambiente","category-noticias-de-hoy","category-ultimas-noticias","tag-comercios","tag-stock","tag-talleres","tag-tiendas"],"jetpack_publicize_connections":[],"jetpack_featured_media_url":"https:\/\/i0.wp.com\/miradordeatarfe.es\/wp-content\/uploads\/2017\/11\/22861589_10210825136041266_4837991331769448798_o.jpg?fit=720%2C405&ssl=1","jetpack_likes_enabled":true,"jetpack_sharing_enabled":true,"_links":{"self":[{"href":"https:\/\/miradordeatarfe.es\/index.php?rest_route=\/wp\/v2\/posts\/19743","targetHints":{"allow":["GET"]}}],"collection":[{"href":"https:\/\/miradordeatarfe.es\/index.php?rest_route=\/wp\/v2\/posts"}],"about":[{"href":"https:\/\/miradordeatarfe.es\/index.php?rest_route=\/wp\/v2\/types\/post"}],"author":[{"embeddable":true,"href":"https:\/\/miradordeatarfe.es\/index.php?rest_route=\/wp\/v2\/users\/1"}],"replies":[{"embeddable":true,"href":"https:\/\/miradordeatarfe.es\/index.php?rest_route=%2Fwp%2Fv2%2Fcomments&post=19743"}],"version-history":[{"count":1,"href":"https:\/\/miradordeatarfe.es\/index.php?rest_route=\/wp\/v2\/posts\/19743\/revisions"}],"predecessor-version":[{"id":19747,"href":"https:\/\/miradordeatarfe.es\/index.php?rest_route=\/wp\/v2\/posts\/19743\/revisions\/19747"}],"wp:featuredmedia":[{"embeddable":true,"href":"https:\/\/miradordeatarfe.es\/index.php?rest_route=\/wp\/v2\/media\/19746"}],"wp:attachment":[{"href":"https:\/\/miradordeatarfe.es\/index.php?rest_route=%2Fwp%2Fv2%2Fmedia&parent=19743"}],"wp:term":[{"taxonomy":"category","embeddable":true,"href":"https:\/\/miradordeatarfe.es\/index.php?rest_route=%2Fwp%2Fv2%2Fcategories&post=19743"},{"taxonomy":"post_tag","embeddable":true,"href":"https:\/\/miradordeatarfe.es\/index.php?rest_route=%2Fwp%2Fv2%2Ftags&post=19743"}],"curies":[{"name":"wp","href":"https:\/\/api.w.org\/{rel}","templated":true}]}}