{"id":19762,"date":"2017-12-06T11:07:26","date_gmt":"2017-12-06T10:07:26","guid":{"rendered":"http:\/\/miradordeatarfe.es\/?p=19762"},"modified":"2020-06-26T13:01:09","modified_gmt":"2020-06-26T11:01:09","slug":"nuestro-escultor-miguel-barranco-por-jose-enrique-granados","status":"publish","type":"post","link":"https:\/\/miradordeatarfe.es\/?p=19762","title":{"rendered":"\u00abNUESTRO ESCULTOR MIGUEL BARRANCO\u00bbpor Jos\u00e9 Enrique Granados"},"content":{"rendered":"<p style=\"text-align: justify;\">Acad\u00e9mico <span class=\"highlightNode\">de la<\/span> Real Academia <span class=\"highlightNode\">de<\/span> Bellas Artes Nuestra Se\u00f1ora <span class=\"highlightNode\">de<\/span> las Angustias <span class=\"highlightNode\">de<\/span> Granada, profesor <span class=\"highlightNode\">de la<\/span> Facultad <span class=\"highlightNode\">de<\/span> Bellas Artes <span class=\"highlightNode\">de<\/span> su universidad, pero ante todo atarfe\u00f1o, Miguel Barranco L\u00f3pez es el creador <span class=\"highlightNode\">de<\/span> varias <span class=\"highlightNode\">de<\/span> las esculturas que en los \u00faltimos a\u00f1os se han levantado en las diferentes rotondas que regulan el tr\u00e1fico en las calles <span class=\"highlightNode\">de<\/span> nueva creaci\u00f3n del casco urbano atarfe\u00f1o. <!--more--><\/p>\n<p style=\"text-align: justify;\">Bronce y piedra son los elementos que ha utilizado este artista para forjar alegor\u00edas, algun<span class=\"text_exposed_show\">as <span class=\"highlightNode\">de<\/span> indudable belleza s\u00edmbolos del nuevo <span class=\"highlightNode\">Atarfe.<\/span> <span class=\"highlightNode\">La<\/span> rotonda <span class=\"highlightNode\">de la<\/span> intersecci\u00f3n <span class=\"highlightNode\">de la<\/span> Avenida <span class=\"highlightNode\">de la<\/span> Estaci\u00f3n con <span class=\"highlightNode\">la<\/span> calle <span class=\"highlightNode\">La<\/span> Vega y Avenida <span class=\"highlightNode\">de<\/span> Arag\u00f3n, el monumento a <span class=\"highlightNode\">la<\/span> Concordia que se alza en <span class=\"highlightNode\">la<\/span> Ronda <span class=\"highlightNode\">de<\/span> Circunvalaci\u00f3n o el ya mencionado nuevo pilar <span class=\"highlightNode\">de la<\/span> plaza <span class=\"highlightNode\">de la Iglesia<\/span> son algunas <span class=\"highlightNode\">de<\/span> este nuevo mobiliario urbano que ocupan las calles atarfe\u00f1as. Pueden gustar o no, pero a nadie deja impasible.<\/span><\/p>\n<div class=\"text_exposed_show\">\n<p style=\"text-align: justify;\">Pero sin duda, <span class=\"highlightNode\">la<\/span> escultura que mejor simboliza y caracteriza <span class=\"highlightNode\">la<\/span> idiosincrasia atarfe\u00f1a, es el monumento que se levanta <span class=\"highlightNode\">frente<\/span> al instituto Iliberis, el monumento homenaje a <span class=\"highlightNode\">la<\/span> piedra <span class=\"highlightNode\">de<\/span> Sierra Elvira. Varios bloques <span class=\"highlightNode\">de<\/span> este noble material sirven <span class=\"highlightNode\">de<\/span> base donde se asienta el metal modelado siguiendo los c\u00e1nones caracter\u00edsticos <span class=\"highlightNode\">de<\/span> las <span class=\"highlightNode\">principales<\/span> culturas que han pasado por este <span class=\"highlightNode\">solar<\/span>. En <span class=\"highlightNode\">la<\/span> base, junto a <span class=\"highlightNode\">la<\/span> fecha y nombre del autor, se encuentra <span class=\"highlightNode\">la<\/span> siguiente inscripci\u00f3n: \u201cEs lago m\u00e1s que piedra lo que tus ojos miran: decoro <span class=\"highlightNode\">de<\/span> las <span class=\"highlightNode\">horas<\/span>, soporte <span class=\"highlightNode\">de<\/span> los d\u00edas\u201d.<\/p>\n<p style=\"text-align: justify;\">Ha sido un breve paseo por las calles <span class=\"highlightNode\">de<\/span> nuestro pueblo, lleno <span class=\"highlightNode\">de<\/span> nostalgia, pero tambi\u00e9n <span class=\"highlightNode\">de<\/span> esperanza en el futuro. Seguir\u00e1n estando entre nosotros como testigos mudos del paso del tiempo, del paso <span class=\"highlightNode\">de<\/span> las gentes y permanecer\u00e1n inm\u00f3viles como s\u00edmbolo <span class=\"highlightNode\">de<\/span> nuestra historia.<\/p>\n<p style=\"text-align: justify;\">Curiosidades elvirenses.<\/p>\n<\/div>\n","protected":false},"excerpt":{"rendered":"<p>Acad\u00e9mico de la Real Academia de Bellas Artes Nuestra Se\u00f1ora de las Angustias de Granada,&#8230;<\/p>\n","protected":false},"author":1,"featured_media":19763,"comment_status":"closed","ping_status":"closed","sticky":false,"template":"","format":"standard","meta":{"_coblocks_attr":"","_coblocks_dimensions":"","_coblocks_responsive_height":"","_coblocks_accordion_ie_support":"","jetpack_post_was_ever_published":false,"_jetpack_newsletter_access":"","_jetpack_dont_email_post_to_subs":false,"_jetpack_newsletter_tier_id":0,"_jetpack_memberships_contains_paywalled_content":false,"_jetpack_memberships_contains_paid_content":false,"footnotes":"","jetpack_publicize_message":"","jetpack_publicize_feature_enabled":true,"jetpack_social_post_already_shared":false,"jetpack_social_options":{"image_generator_settings":{"template":"highway","default_image_id":0,"enabled":false},"version":2}},"categories":[2,12,1225,186,38,44,6539,15],"tags":[4396,4397],"class_list":["post-19762","post","type-post","status-publish","format-standard","has-post-thumbnail","hentry","category-atarfe","category-cultura","category-ha-de-atarfe","category-instituciones","category-opinion-de-jose-enrique-granados","category-noticias-de-hoy","category-personajes-de-ataref","category-ultimas-noticias","tag-escultor","tag-miguel-barranco"],"jetpack_publicize_connections":[],"jetpack_featured_media_url":"https:\/\/i0.wp.com\/miradordeatarfe.es\/wp-content\/uploads\/2017\/11\/13879216_1086301771455837_2675002403185624228_n.jpg?fit=577%2C725&ssl=1","jetpack_likes_enabled":true,"jetpack_sharing_enabled":true,"_links":{"self":[{"href":"https:\/\/miradordeatarfe.es\/index.php?rest_route=\/wp\/v2\/posts\/19762","targetHints":{"allow":["GET"]}}],"collection":[{"href":"https:\/\/miradordeatarfe.es\/index.php?rest_route=\/wp\/v2\/posts"}],"about":[{"href":"https:\/\/miradordeatarfe.es\/index.php?rest_route=\/wp\/v2\/types\/post"}],"author":[{"embeddable":true,"href":"https:\/\/miradordeatarfe.es\/index.php?rest_route=\/wp\/v2\/users\/1"}],"replies":[{"embeddable":true,"href":"https:\/\/miradordeatarfe.es\/index.php?rest_route=%2Fwp%2Fv2%2Fcomments&post=19762"}],"version-history":[{"count":2,"href":"https:\/\/miradordeatarfe.es\/index.php?rest_route=\/wp\/v2\/posts\/19762\/revisions"}],"predecessor-version":[{"id":36402,"href":"https:\/\/miradordeatarfe.es\/index.php?rest_route=\/wp\/v2\/posts\/19762\/revisions\/36402"}],"wp:featuredmedia":[{"embeddable":true,"href":"https:\/\/miradordeatarfe.es\/index.php?rest_route=\/wp\/v2\/media\/19763"}],"wp:attachment":[{"href":"https:\/\/miradordeatarfe.es\/index.php?rest_route=%2Fwp%2Fv2%2Fmedia&parent=19762"}],"wp:term":[{"taxonomy":"category","embeddable":true,"href":"https:\/\/miradordeatarfe.es\/index.php?rest_route=%2Fwp%2Fv2%2Fcategories&post=19762"},{"taxonomy":"post_tag","embeddable":true,"href":"https:\/\/miradordeatarfe.es\/index.php?rest_route=%2Fwp%2Fv2%2Ftags&post=19762"}],"curies":[{"name":"wp","href":"https:\/\/api.w.org\/{rel}","templated":true}]}}